{"id":8487,"date":"2022-12-25T08:07:52","date_gmt":"2022-12-25T07:07:52","guid":{"rendered":"https:\/\/ateliersi.it\/si\/?p=8487"},"modified":"2023-07-06T13:48:59","modified_gmt":"2023-07-06T11:48:59","slug":"ateliersi-nellimpero-delle-misure-17-20-01-2023","status":"publish","type":"post","link":"https:\/\/ateliersi.it\/si\/ateliersi-nellimpero-delle-misure-17-20-01-2023\/","title":{"rendered":"ATELIERSI \/ Nell&#8217;impero delle misure, 17-20.01.2023"},"content":{"rendered":"<p><img loading=\"lazy\" decoding=\"async\" class=\"alignleft size-full wp-image-8488\" src=\"https:\/\/ateliersi.it\/si\/wp-content\/uploads\/2022\/12\/ATELIER-Si_Marina-Cvetaeva-SHOOTING-def_-57_foto-di-Margherita-Caprilli-copy.jpg\" alt=\"\" width=\"614\" height=\"602\" srcset=\"https:\/\/ateliersi.it\/si\/wp-content\/uploads\/2022\/12\/ATELIER-Si_Marina-Cvetaeva-SHOOTING-def_-57_foto-di-Margherita-Caprilli-copy.jpg 614w, https:\/\/ateliersi.it\/si\/wp-content\/uploads\/2022\/12\/ATELIER-Si_Marina-Cvetaeva-SHOOTING-def_-57_foto-di-Margherita-Caprilli-copy-300x294.jpg 300w\" sizes=\"auto, (max-width: 614px) 100vw, 614px\" \/>marted\u00ec 17 e gioved\u00ec 19 gennaio, alle 21.00<br \/>\nmercoled\u00ec 18 e venerd\u00ec 20 gennaio, alle 19.30<br \/>\nbiglietto 10\u20ac intero \/ 8\u20ac ridotto*<br \/>\n<strong>ATELIERSI<\/strong><br \/>\n<em><strong>Nell\u2019impero delle misure<\/strong><\/em><\/p>\n<p>di e con\u00a0Fiorenza Menni e Andrea Mochi Sismondi \/ e con\u00a0Angela Baraldi, Margherita Kay Budillon e Francesca Lico \/ elaborazione ed esecuzione musicale Angela Baraldi (voce), Francesca Lico (pianoforte), Fiorenza Menni (progetto sonoro) e Vincenzo Scorza (elettronica) \/ produzione Ateliersi,\u00a0Emilia Romagna Teatro ERT \/ Teatro Nazionale<br \/>\ndurata: 65 minuti<\/p>\n<p>Ateliersi esplora la sconfinata ed eccezionale personalit\u00e0 della poeta dissidente russa Marina Cvetaeva invitando gli spettatori a un\u2019esperienza di ascolto delle sue poesie e dei suoi scritti in prosa, per connettersi in un\u2019intima vibrazione con le sue parole.\u2028Un affresco prezioso che attraversa la vita personale e creativa dell\u2019autrice, dall\u2019infanzia all\u2019et\u00e0 adulta, passando per i rapporti intensi e complessi con la madre e il suo pianoforte, con l\u2019ambiente letterario e la Storia. Un universo affascinante che si svela nei versi, tra musica e visioni assolute.\u00a0<a href=\"https:\/\/ateliersi.it\/ateliersi\/portfolio_page\/nellimpero-delle-misure\/\">Read more!<\/a><\/p>\n<p>*\u00a0Il biglietto ridotto \u00e8 riservato agli studenti, ai possessori di Card Cultura e ai dipendenti del Comune di Bologna dietro la presentazione del badge\/card.<br \/>\nPosti limitati, biglietti disponibili on line su\u00a0<a href=\"https:\/\/www.vivaticket.com\/it\/ticket\/nell-impero-delle-misure\/200127\">Vivaticket<\/a>.<br \/>\nLa biglietteria in sede e La Caffetteria del S\u00ec aprono un&#8217;ora prima dell&#8217;inizio dello spettacolo.<br \/>\nInfo: info@ateliersi.it<\/p>\n","protected":false},"excerpt":{"rendered":"<p>marted\u00ec 17 e gioved\u00ec 19 gennaio, alle 21.00 mercoled\u00ec 18 e venerd\u00ec 20 gennaio, alle 19.30 biglietto 10\u20ac intero \/&#8230;<\/p>\n","protected":false},"author":1,"featured_media":8488,"comment_status":"closed","ping_status":"closed","sticky":false,"template":"","format":"standard","meta":{"footnotes":""},"categories":[66],"tags":[],"class_list":["post-8487","post","type-post","status-publish","format-standard","has-post-thumbnail","hentry","category-programma-2022-23"],"yoast_head":"<!-- This site is optimized with the Yoast SEO plugin v27.1.1 - https:\/\/yoast.com\/product\/yoast-seo-wordpress\/ -->\n<title>ATELIERSI \/ Nell&#039;impero delle misure, 17-20.01.2023 - S\u00ec<\/title>\n<meta name=\"robots\" content=\"index, follow, max-snippet:-1, max-image-preview:large, max-video-preview:-1\" \/>\n<link rel=\"canonical\" href=\"https:\/\/ateliersi.it\/si\/ateliersi-nellimpero-delle-misure-17-20-01-2023\/\" \/>\n<meta property=\"og:locale\" content=\"it_IT\" \/>\n<meta property=\"og:type\" content=\"article\" \/>\n<meta property=\"og:title\" content=\"ATELIERSI \/ Nell&#039;impero delle misure, 17-20.01.2023 - S\u00ec\" \/>\n<meta property=\"og:description\" content=\"marted\u00ec 17 e gioved\u00ec 19 gennaio, alle 21.00 mercoled\u00ec 18 e venerd\u00ec 20 gennaio, alle 19.30 biglietto 10\u20ac intero \/...\" \/>\n<meta property=\"og:url\" content=\"https:\/\/ateliersi.it\/si\/ateliersi-nellimpero-delle-misure-17-20-01-2023\/\" \/>\n<meta property=\"og:site_name\" content=\"S\u00ec\" \/>\n<meta property=\"article:publisher\" content=\"https:\/\/www.facebook.com\/si.ateliersi\" \/>\n<meta property=\"article:published_time\" content=\"2022-12-25T07:07:52+00:00\" \/>\n<meta property=\"article:modified_time\" content=\"2023-07-06T11:48:59+00:00\" \/>\n<meta property=\"og:image\" content=\"https:\/\/ateliersi.it\/si\/wp-content\/uploads\/2022\/12\/ATELIER-Si_Marina-Cvetaeva-SHOOTING-def_-57_foto-di-Margherita-Caprilli-copy.jpg\" \/>\n\t<meta property=\"og:image:width\" content=\"614\" \/>\n\t<meta property=\"og:image:height\" content=\"602\" \/>\n\t<meta property=\"og:image:type\" content=\"image\/jpeg\" \/>\n<meta name=\"author\" content=\"D1gh3z_1975\" \/>\n<meta name=\"twitter:card\" content=\"summary_large_image\" \/>\n<meta name=\"twitter:creator\" content=\"@AtelierSi\" \/>\n<meta name=\"twitter:site\" content=\"@AtelierSi\" \/>\n<meta name=\"twitter:label1\" content=\"Scritto da\" \/>\n\t<meta name=\"twitter:data1\" content=\"D1gh3z_1975\" \/>\n\t<meta name=\"twitter:label2\" content=\"Tempo di lettura stimato\" \/>\n\t<meta name=\"twitter:data2\" content=\"2 minuti\" \/>\n<!-- \/ Yoast SEO plugin. -->","yoast_head_json":{"title":"ATELIERSI \/ Nell'impero delle misure, 17-20.01.2023 - S\u00ec","robots":{"index":"index","follow":"follow","max-snippet":"max-snippet:-1","max-image-preview":"max-image-preview:large","max-video-preview":"max-video-preview:-1"},"canonical":"https:\/\/ateliersi.it\/si\/ateliersi-nellimpero-delle-misure-17-20-01-2023\/","og_locale":"it_IT","og_type":"article","og_title":"ATELIERSI \/ Nell'impero delle misure, 17-20.01.2023 - S\u00ec","og_description":"marted\u00ec 17 e gioved\u00ec 19 gennaio, alle 21.00 mercoled\u00ec 18 e venerd\u00ec 20 gennaio, alle 19.30 biglietto 10\u20ac intero \/...","og_url":"https:\/\/ateliersi.it\/si\/ateliersi-nellimpero-delle-misure-17-20-01-2023\/","og_site_name":"S\u00ec","article_publisher":"https:\/\/www.facebook.com\/si.ateliersi","article_published_time":"2022-12-25T07:07:52+00:00","article_modified_time":"2023-07-06T11:48:59+00:00","og_image":[{"width":614,"height":602,"url":"https:\/\/ateliersi.it\/si\/wp-content\/uploads\/2022\/12\/ATELIER-Si_Marina-Cvetaeva-SHOOTING-def_-57_foto-di-Margherita-Caprilli-copy.jpg","type":"image\/jpeg"}],"author":"D1gh3z_1975","twitter_card":"summary_large_image","twitter_creator":"@AtelierSi","twitter_site":"@AtelierSi","twitter_misc":{"Scritto da":"D1gh3z_1975","Tempo di lettura stimato":"2 minuti"},"schema":{"@context":"https:\/\/schema.org","@graph":[{"@type":"Article","@id":"https:\/\/ateliersi.it\/si\/ateliersi-nellimpero-delle-misure-17-20-01-2023\/#article","isPartOf":{"@id":"https:\/\/ateliersi.it\/si\/ateliersi-nellimpero-delle-misure-17-20-01-2023\/"},"author":{"name":"D1gh3z_1975","@id":"https:\/\/ateliersi.it\/si\/#\/schema\/person\/91e4317416e640b043a6d571b095e9fe"},"headline":"ATELIERSI \/ Nell&#8217;impero delle misure, 17-20.01.2023","datePublished":"2022-12-25T07:07:52+00:00","dateModified":"2023-07-06T11:48:59+00:00","mainEntityOfPage":{"@id":"https:\/\/ateliersi.it\/si\/ateliersi-nellimpero-delle-misure-17-20-01-2023\/"},"wordCount":217,"publisher":{"@id":"https:\/\/ateliersi.it\/si\/#organization"},"image":{"@id":"https:\/\/ateliersi.it\/si\/ateliersi-nellimpero-delle-misure-17-20-01-2023\/#primaryimage"},"thumbnailUrl":"https:\/\/ateliersi.it\/si\/wp-content\/uploads\/2022\/12\/ATELIER-Si_Marina-Cvetaeva-SHOOTING-def_-57_foto-di-Margherita-Caprilli-copy.jpg","articleSection":["Programma 2022\/23"],"inLanguage":"it-IT"},{"@type":"WebPage","@id":"https:\/\/ateliersi.it\/si\/ateliersi-nellimpero-delle-misure-17-20-01-2023\/","url":"https:\/\/ateliersi.it\/si\/ateliersi-nellimpero-delle-misure-17-20-01-2023\/","name":"ATELIERSI \/ Nell'impero delle misure, 17-20.01.2023 - S\u00ec","isPartOf":{"@id":"https:\/\/ateliersi.it\/si\/#website"},"primaryImageOfPage":{"@id":"https:\/\/ateliersi.it\/si\/ateliersi-nellimpero-delle-misure-17-20-01-2023\/#primaryimage"},"image":{"@id":"https:\/\/ateliersi.it\/si\/ateliersi-nellimpero-delle-misure-17-20-01-2023\/#primaryimage"},"thumbnailUrl":"https:\/\/ateliersi.it\/si\/wp-content\/uploads\/2022\/12\/ATELIER-Si_Marina-Cvetaeva-SHOOTING-def_-57_foto-di-Margherita-Caprilli-copy.jpg","datePublished":"2022-12-25T07:07:52+00:00","dateModified":"2023-07-06T11:48:59+00:00","breadcrumb":{"@id":"https:\/\/ateliersi.it\/si\/ateliersi-nellimpero-delle-misure-17-20-01-2023\/#breadcrumb"},"inLanguage":"it-IT","potentialAction":[{"@type":"ReadAction","target":["https:\/\/ateliersi.it\/si\/ateliersi-nellimpero-delle-misure-17-20-01-2023\/"]}]},{"@type":"ImageObject","inLanguage":"it-IT","@id":"https:\/\/ateliersi.it\/si\/ateliersi-nellimpero-delle-misure-17-20-01-2023\/#primaryimage","url":"https:\/\/ateliersi.it\/si\/wp-content\/uploads\/2022\/12\/ATELIER-Si_Marina-Cvetaeva-SHOOTING-def_-57_foto-di-Margherita-Caprilli-copy.jpg","contentUrl":"https:\/\/ateliersi.it\/si\/wp-content\/uploads\/2022\/12\/ATELIER-Si_Marina-Cvetaeva-SHOOTING-def_-57_foto-di-Margherita-Caprilli-copy.jpg","width":614,"height":602},{"@type":"BreadcrumbList","@id":"https:\/\/ateliersi.it\/si\/ateliersi-nellimpero-delle-misure-17-20-01-2023\/#breadcrumb","itemListElement":[{"@type":"ListItem","position":1,"name":"Home","item":"https:\/\/ateliersi.it\/si\/"},{"@type":"ListItem","position":2,"name":"ATELIERSI \/ Nell&#8217;impero delle misure, 17-20.01.2023"}]},{"@type":"WebSite","@id":"https:\/\/ateliersi.it\/si\/#website","url":"https:\/\/ateliersi.it\/si\/","name":"S\u00ec","description":"","publisher":{"@id":"https:\/\/ateliersi.it\/si\/#organization"},"potentialAction":[{"@type":"SearchAction","target":{"@type":"EntryPoint","urlTemplate":"https:\/\/ateliersi.it\/si\/?s={search_term_string}"},"query-input":{"@type":"PropertyValueSpecification","valueRequired":true,"valueName":"search_term_string"}}],"inLanguage":"it-IT"},{"@type":"Organization","@id":"https:\/\/ateliersi.it\/si\/#organization","name":"S\u00ec \u2013 Ateliersi","url":"https:\/\/ateliersi.it\/si\/","logo":{"@type":"ImageObject","inLanguage":"it-IT","@id":"https:\/\/ateliersi.it\/si\/#\/schema\/logo\/image\/","url":"https:\/\/ateliersi.it\/si\/wp-content\/uploads\/2015\/09\/cropped-si_head_1516.png","contentUrl":"https:\/\/ateliersi.it\/si\/wp-content\/uploads\/2015\/09\/cropped-si_head_1516.png","width":512,"height":512,"caption":"S\u00ec \u2013 Ateliersi"},"image":{"@id":"https:\/\/ateliersi.it\/si\/#\/schema\/logo\/image\/"},"sameAs":["https:\/\/www.facebook.com\/si.ateliersi","https:\/\/x.com\/AtelierSi","https:\/\/www.instagram.com\/si.ateliersi\/"]},{"@type":"Person","@id":"https:\/\/ateliersi.it\/si\/#\/schema\/person\/91e4317416e640b043a6d571b095e9fe","name":"D1gh3z_1975","image":{"@type":"ImageObject","inLanguage":"it-IT","@id":"https:\/\/ateliersi.it\/si\/#\/schema\/person\/image\/","url":"https:\/\/secure.gravatar.com\/avatar\/ededc0273e000444c333a60add515e7ec6b9e86fbfd367a63476a4a85ecb727d?s=96&d=monsterid&r=g","contentUrl":"https:\/\/secure.gravatar.com\/avatar\/ededc0273e000444c333a60add515e7ec6b9e86fbfd367a63476a4a85ecb727d?s=96&d=monsterid&r=g","caption":"D1gh3z_1975"}}]}},"rttpg_featured_image_url":{"full":["https:\/\/ateliersi.it\/si\/wp-content\/uploads\/2022\/12\/ATELIER-Si_Marina-Cvetaeva-SHOOTING-def_-57_foto-di-Margherita-Caprilli-copy.jpg",614,602,false],"landscape":["https:\/\/ateliersi.it\/si\/wp-content\/uploads\/2022\/12\/ATELIER-Si_Marina-Cvetaeva-SHOOTING-def_-57_foto-di-Margherita-Caprilli-copy.jpg",614,602,false],"portraits":["https:\/\/ateliersi.it\/si\/wp-content\/uploads\/2022\/12\/ATELIER-Si_Marina-Cvetaeva-SHOOTING-def_-57_foto-di-Margherita-Caprilli-copy.jpg",614,602,false],"thumbnail":["https:\/\/ateliersi.it\/si\/wp-content\/uploads\/2022\/12\/ATELIER-Si_Marina-Cvetaeva-SHOOTING-def_-57_foto-di-Margherita-Caprilli-copy-150x150.jpg",150,150,true],"medium":["https:\/\/ateliersi.it\/si\/wp-content\/uploads\/2022\/12\/ATELIER-Si_Marina-Cvetaeva-SHOOTING-def_-57_foto-di-Margherita-Caprilli-copy-300x294.jpg",300,294,true],"large":["https:\/\/ateliersi.it\/si\/wp-content\/uploads\/2022\/12\/ATELIER-Si_Marina-Cvetaeva-SHOOTING-def_-57_foto-di-Margherita-Caprilli-copy.jpg",614,602,false],"1536x1536":["https:\/\/ateliersi.it\/si\/wp-content\/uploads\/2022\/12\/ATELIER-Si_Marina-Cvetaeva-SHOOTING-def_-57_foto-di-Margherita-Caprilli-copy.jpg",614,602,false],"2048x2048":["https:\/\/ateliersi.it\/si\/wp-content\/uploads\/2022\/12\/ATELIER-Si_Marina-Cvetaeva-SHOOTING-def_-57_foto-di-Margherita-Caprilli-copy.jpg",614,602,false],"blog-type-1-small":["https:\/\/ateliersi.it\/si\/wp-content\/uploads\/2022\/12\/ATELIER-Si_Marina-Cvetaeva-SHOOTING-def_-57_foto-di-Margherita-Caprilli-copy-220x220.jpg",220,220,true],"blog-type-1-medium":["https:\/\/ateliersi.it\/si\/wp-content\/uploads\/2022\/12\/ATELIER-Si_Marina-Cvetaeva-SHOOTING-def_-57_foto-di-Margherita-Caprilli-copy-250x250.jpg",250,250,true],"blog-type-1-big":["https:\/\/ateliersi.it\/si\/wp-content\/uploads\/2022\/12\/ATELIER-Si_Marina-Cvetaeva-SHOOTING-def_-57_foto-di-Margherita-Caprilli-copy-338x338.jpg",338,338,true],"blog-type-3-small":["https:\/\/ateliersi.it\/si\/wp-content\/uploads\/2022\/12\/ATELIER-Si_Marina-Cvetaeva-SHOOTING-def_-57_foto-di-Margherita-Caprilli-copy-196x111.jpg",196,111,true],"blog-type-3-medium":["https:\/\/ateliersi.it\/si\/wp-content\/uploads\/2022\/12\/ATELIER-Si_Marina-Cvetaeva-SHOOTING-def_-57_foto-di-Margherita-Caprilli-copy-218x124.jpg",218,124,true],"blog-type-3-big":["https:\/\/ateliersi.it\/si\/wp-content\/uploads\/2022\/12\/ATELIER-Si_Marina-Cvetaeva-SHOOTING-def_-57_foto-di-Margherita-Caprilli-copy-300x170.jpg",300,170,true],"blog-type-4-small":["https:\/\/ateliersi.it\/si\/wp-content\/uploads\/2022\/12\/ATELIER-Si_Marina-Cvetaeva-SHOOTING-def_-57_foto-di-Margherita-Caprilli-copy-304x172.jpg",304,172,true],"blog-type-4-medium":["https:\/\/ateliersi.it\/si\/wp-content\/uploads\/2022\/12\/ATELIER-Si_Marina-Cvetaeva-SHOOTING-def_-57_foto-di-Margherita-Caprilli-copy-338x191.jpg",338,191,true],"blog-type-5-big":["https:\/\/ateliersi.it\/si\/wp-content\/uploads\/2022\/12\/ATELIER-Si_Marina-Cvetaeva-SHOOTING-def_-57_foto-di-Margherita-Caprilli-copy-460x260.jpg",460,260,true]},"rttpg_author":{"display_name":"D1gh3z_1975","author_link":"https:\/\/ateliersi.it\/si\/author\/d1gh3z_1975\/"},"rttpg_comment":0,"rttpg_category":"<a href=\"https:\/\/ateliersi.it\/si\/category\/programma-2022-23\/\" rel=\"category tag\">Programma 2022\/23<\/a>","rttpg_excerpt":"marted\u00ec 17 e gioved\u00ec 19 gennaio, alle 21.00 mercoled\u00ec 18 e venerd\u00ec 20 gennaio, alle 19.30 biglietto 10\u20ac intero \/...","_links":{"self":[{"href":"https:\/\/ateliersi.it\/si\/wp-json\/wp\/v2\/posts\/8487","targetHints":{"allow":["GET"]}}],"collection":[{"href":"https:\/\/ateliersi.it\/si\/wp-json\/wp\/v2\/posts"}],"about":[{"href":"https:\/\/ateliersi.it\/si\/wp-json\/wp\/v2\/types\/post"}],"author":[{"embeddable":true,"href":"https:\/\/ateliersi.it\/si\/wp-json\/wp\/v2\/users\/1"}],"replies":[{"embeddable":true,"href":"https:\/\/ateliersi.it\/si\/wp-json\/wp\/v2\/comments?post=8487"}],"version-history":[{"count":7,"href":"https:\/\/ateliersi.it\/si\/wp-json\/wp\/v2\/posts\/8487\/revisions"}],"predecessor-version":[{"id":8584,"href":"https:\/\/ateliersi.it\/si\/wp-json\/wp\/v2\/posts\/8487\/revisions\/8584"}],"wp:featuredmedia":[{"embeddable":true,"href":"https:\/\/ateliersi.it\/si\/wp-json\/wp\/v2\/media\/8488"}],"wp:attachment":[{"href":"https:\/\/ateliersi.it\/si\/wp-json\/wp\/v2\/media?parent=8487"}],"wp:term":[{"taxonomy":"category","embeddable":true,"href":"https:\/\/ateliersi.it\/si\/wp-json\/wp\/v2\/categories?post=8487"},{"taxonomy":"post_tag","embeddable":true,"href":"https:\/\/ateliersi.it\/si\/wp-json\/wp\/v2\/tags?post=8487"}],"curies":[{"name":"wp","href":"https:\/\/api.w.org\/{rel}","templated":true}]}}