{"id":7847,"date":"2021-09-22T08:28:29","date_gmt":"2021-09-22T06:28:29","guid":{"rendered":"https:\/\/ateliersi.it\/si\/?p=7847"},"modified":"2022-08-24T14:06:28","modified_gmt":"2022-08-24T12:06:28","slug":"anna-amadori-senza-fanfare-laboratorio-8-11-2021-23-05-2022","status":"publish","type":"post","link":"https:\/\/ateliersi.it\/si\/anna-amadori-senza-fanfare-laboratorio-8-11-2021-23-05-2022\/","title":{"rendered":"ANNA AMADORI \/ Senza fanfare (laboratorio), 8.11.2021-23.05.2022"},"content":{"rendered":"<p><span style=\"font-weight: 400;\"><img loading=\"lazy\" decoding=\"async\" class=\"size-full wp-image-7896 alignleft\" src=\"https:\/\/ateliersi.it\/si\/wp-content\/uploads\/2021\/09\/Lab-teatro-Ateliersi-1.png\" alt=\"\" width=\"640\" height=\"480\" srcset=\"https:\/\/ateliersi.it\/si\/wp-content\/uploads\/2021\/09\/Lab-teatro-Ateliersi-1.png 640w, https:\/\/ateliersi.it\/si\/wp-content\/uploads\/2021\/09\/Lab-teatro-Ateliersi-1-300x225.png 300w\" sizes=\"auto, (max-width: 640px) 100vw, 640px\" \/>tutti i luned\u00ec dall&#8217;8 novembre 2021 fino al 23 maggio 2022, dalle 20.00 alle 22.30<br \/>\n<\/span><b>ANNA AMADORI \/ <\/b><b><i>Senza fanfare<br \/>\n<\/i><\/b><span style=\"font-weight: 400;\">laboratorio teatrale<br \/>\ncosto mensile: 90\u20ac (intero) \/ 75\u20ac*<br \/>\n<\/span>info: laboratori14@gmail.com \/ 3315950467<\/p>\n<p><span style=\"font-weight: 400;\">Scopri il teatro, il gioco originario dove ci\u00f2 che accade sta nelle tue mani. Serve coraggio, leggerezza, desiderio di esserci. Scopri l&#8217;intelligenza del tuo corpo e la forza della tua presenza, la consapevolezza delle emozioni. Accresci la concentrazione, la tua percezione, l&#8217;energia del respiro e l&#8217;abilit\u00e0 della parola. Ateliersi accoglie il nuovo laboratorio teatrale di Anna Amadori: trasmissione di sapere e viaggio creativo in una scoperta reciproca; aperto a tutti senza limiti di et\u00e0 e formazione.<\/span><\/p>\n<p><strong>Anna Amadori\u00a0<\/strong> si laurea con Claudio Meldolesi; si forma alla Scuola di Teatro di Bologna e con D. De Fazio, P.Gaulier, C. Smith\u00a0 e altri; lavora, fra gli altri, con Teatro Valdoca, Lenz Teatro, M. Baliani, C. Morganti, L. Quintavalla, Fulvio Ianneo, A. Adriatico, Deflorian\/Tagliarini, Kostantin Bogomolov. Nel 2008\u00a0 inizia un personale lavoro di scrittura e regia che vede realizzati, fra gli altri,\u00a0 Quattordici\u00a0 da\u00a0 Aldo Gargani e Allen Ginsberg,\u00a0 Wonderwoman si \u00e8 trasferita\u00a0 da Herta Muller,\u00a0 Principianti\u00a0 da Raymond Carver,\u00a0 Due mondi e io vengo\u00a0 dall\u2019altro\u00a0 da Cristina Campo con Cappella Arthemisia;\u00a0 con il sostegno di Associazione Liberty\/ Agor\u00e0 realizza\u00a0 L\u2019Inatteso di Fabrice Melquiot, Rosa Conchiglia- Anais Nin e i giorni del porno di Magdalena Barile, I Girasoli di Fabrice Melquiot.<br \/>\nL\u2019attivit\u00e0 di didattica teatrale e di formazione alla lettura \u00e8 una pratica che affianca da sempre al suo percorso artistico perch\u00e9 la trasmissione di sapere e l\u2019ascolto dell\u2019altro \u00e8 crescita reciproca, consapevolezza dei propri strumenti, conoscenza profonda dell\u2019umano e arricchimento personale. <a href=\"https:\/\/annaamadori.wordpress.com\" target=\"_blank\" rel=\"noopener\">Read more!<\/a><\/p>\n<p>*\u00a0Il costo ridotto \u00e8 riservato agli studenti, ai possessori di Card Cultura e ai dipendenti del Comune di Bologna dietro la presentazione del badge\/card.<\/p>\n","protected":false},"excerpt":{"rendered":"<p>tutti i luned\u00ec dall&#8217;8 novembre 2021 fino al 23 maggio 2022, dalle 20.00 alle 22.30 ANNA AMADORI \/ Senza fanfare&#8230;<\/p>\n","protected":false},"author":1,"featured_media":7848,"comment_status":"closed","ping_status":"closed","sticky":false,"template":"","format":"standard","meta":{"footnotes":""},"categories":[50],"tags":[],"class_list":["post-7847","post","type-post","status-publish","format-standard","has-post-thumbnail","hentry","category-programma-2021-22"],"yoast_head":"<!-- This site is optimized with the Yoast SEO plugin v27.1.1 - https:\/\/yoast.com\/product\/yoast-seo-wordpress\/ -->\n<title>ANNA AMADORI \/ Senza fanfare (laboratorio), 8.11.2021-23.05.2022 - S\u00ec<\/title>\n<meta name=\"robots\" content=\"index, follow, max-snippet:-1, max-image-preview:large, max-video-preview:-1\" \/>\n<link rel=\"canonical\" href=\"https:\/\/ateliersi.it\/si\/anna-amadori-senza-fanfare-laboratorio-8-11-2021-23-05-2022\/\" \/>\n<meta property=\"og:locale\" content=\"it_IT\" \/>\n<meta property=\"og:type\" content=\"article\" \/>\n<meta property=\"og:title\" content=\"ANNA AMADORI \/ Senza fanfare (laboratorio), 8.11.2021-23.05.2022 - S\u00ec\" \/>\n<meta property=\"og:description\" content=\"tutti i luned\u00ec dall&#8217;8 novembre 2021 fino al 23 maggio 2022, dalle 20.00 alle 22.30 ANNA AMADORI \/ Senza fanfare...\" \/>\n<meta property=\"og:url\" content=\"https:\/\/ateliersi.it\/si\/anna-amadori-senza-fanfare-laboratorio-8-11-2021-23-05-2022\/\" \/>\n<meta property=\"og:site_name\" content=\"S\u00ec\" \/>\n<meta property=\"article:publisher\" content=\"https:\/\/www.facebook.com\/si.ateliersi\" \/>\n<meta property=\"article:published_time\" content=\"2021-09-22T06:28:29+00:00\" \/>\n<meta property=\"article:modified_time\" content=\"2022-08-24T12:06:28+00:00\" \/>\n<meta property=\"og:image\" content=\"https:\/\/ateliersi.it\/si\/wp-content\/uploads\/2021\/09\/Lab-teatro-Ateliersi.png\" \/>\n\t<meta property=\"og:image:width\" content=\"320\" \/>\n\t<meta property=\"og:image:height\" content=\"240\" \/>\n\t<meta property=\"og:image:type\" content=\"image\/png\" \/>\n<meta name=\"author\" content=\"D1gh3z_1975\" \/>\n<meta name=\"twitter:card\" content=\"summary_large_image\" \/>\n<meta name=\"twitter:creator\" content=\"@AtelierSi\" \/>\n<meta name=\"twitter:site\" content=\"@AtelierSi\" \/>\n<meta name=\"twitter:label1\" content=\"Scritto da\" \/>\n\t<meta name=\"twitter:data1\" content=\"D1gh3z_1975\" \/>\n\t<meta name=\"twitter:label2\" content=\"Tempo di lettura stimato\" \/>\n\t<meta name=\"twitter:data2\" content=\"1 minuto\" \/>\n<!-- \/ Yoast SEO plugin. -->","yoast_head_json":{"title":"ANNA AMADORI \/ Senza fanfare (laboratorio), 8.11.2021-23.05.2022 - S\u00ec","robots":{"index":"index","follow":"follow","max-snippet":"max-snippet:-1","max-image-preview":"max-image-preview:large","max-video-preview":"max-video-preview:-1"},"canonical":"https:\/\/ateliersi.it\/si\/anna-amadori-senza-fanfare-laboratorio-8-11-2021-23-05-2022\/","og_locale":"it_IT","og_type":"article","og_title":"ANNA AMADORI \/ Senza fanfare (laboratorio), 8.11.2021-23.05.2022 - S\u00ec","og_description":"tutti i luned\u00ec dall&#8217;8 novembre 2021 fino al 23 maggio 2022, dalle 20.00 alle 22.30 ANNA AMADORI \/ Senza fanfare...","og_url":"https:\/\/ateliersi.it\/si\/anna-amadori-senza-fanfare-laboratorio-8-11-2021-23-05-2022\/","og_site_name":"S\u00ec","article_publisher":"https:\/\/www.facebook.com\/si.ateliersi","article_published_time":"2021-09-22T06:28:29+00:00","article_modified_time":"2022-08-24T12:06:28+00:00","og_image":[{"width":320,"height":240,"url":"https:\/\/ateliersi.it\/si\/wp-content\/uploads\/2021\/09\/Lab-teatro-Ateliersi.png","type":"image\/png"}],"author":"D1gh3z_1975","twitter_card":"summary_large_image","twitter_creator":"@AtelierSi","twitter_site":"@AtelierSi","twitter_misc":{"Scritto da":"D1gh3z_1975","Tempo di lettura stimato":"1 minuto"},"schema":{"@context":"https:\/\/schema.org","@graph":[{"@type":"Article","@id":"https:\/\/ateliersi.it\/si\/anna-amadori-senza-fanfare-laboratorio-8-11-2021-23-05-2022\/#article","isPartOf":{"@id":"https:\/\/ateliersi.it\/si\/anna-amadori-senza-fanfare-laboratorio-8-11-2021-23-05-2022\/"},"author":{"name":"D1gh3z_1975","@id":"https:\/\/ateliersi.it\/si\/#\/schema\/person\/91e4317416e640b043a6d571b095e9fe"},"headline":"ANNA AMADORI \/ Senza fanfare (laboratorio), 8.11.2021-23.05.2022","datePublished":"2021-09-22T06:28:29+00:00","dateModified":"2022-08-24T12:06:28+00:00","mainEntityOfPage":{"@id":"https:\/\/ateliersi.it\/si\/anna-amadori-senza-fanfare-laboratorio-8-11-2021-23-05-2022\/"},"wordCount":301,"publisher":{"@id":"https:\/\/ateliersi.it\/si\/#organization"},"image":{"@id":"https:\/\/ateliersi.it\/si\/anna-amadori-senza-fanfare-laboratorio-8-11-2021-23-05-2022\/#primaryimage"},"thumbnailUrl":"https:\/\/ateliersi.it\/si\/wp-content\/uploads\/2021\/09\/Lab-teatro-Ateliersi.png","articleSection":["Programma 2021\/22"],"inLanguage":"it-IT"},{"@type":"WebPage","@id":"https:\/\/ateliersi.it\/si\/anna-amadori-senza-fanfare-laboratorio-8-11-2021-23-05-2022\/","url":"https:\/\/ateliersi.it\/si\/anna-amadori-senza-fanfare-laboratorio-8-11-2021-23-05-2022\/","name":"ANNA AMADORI \/ Senza fanfare (laboratorio), 8.11.2021-23.05.2022 - S\u00ec","isPartOf":{"@id":"https:\/\/ateliersi.it\/si\/#website"},"primaryImageOfPage":{"@id":"https:\/\/ateliersi.it\/si\/anna-amadori-senza-fanfare-laboratorio-8-11-2021-23-05-2022\/#primaryimage"},"image":{"@id":"https:\/\/ateliersi.it\/si\/anna-amadori-senza-fanfare-laboratorio-8-11-2021-23-05-2022\/#primaryimage"},"thumbnailUrl":"https:\/\/ateliersi.it\/si\/wp-content\/uploads\/2021\/09\/Lab-teatro-Ateliersi.png","datePublished":"2021-09-22T06:28:29+00:00","dateModified":"2022-08-24T12:06:28+00:00","breadcrumb":{"@id":"https:\/\/ateliersi.it\/si\/anna-amadori-senza-fanfare-laboratorio-8-11-2021-23-05-2022\/#breadcrumb"},"inLanguage":"it-IT","potentialAction":[{"@type":"ReadAction","target":["https:\/\/ateliersi.it\/si\/anna-amadori-senza-fanfare-laboratorio-8-11-2021-23-05-2022\/"]}]},{"@type":"ImageObject","inLanguage":"it-IT","@id":"https:\/\/ateliersi.it\/si\/anna-amadori-senza-fanfare-laboratorio-8-11-2021-23-05-2022\/#primaryimage","url":"https:\/\/ateliersi.it\/si\/wp-content\/uploads\/2021\/09\/Lab-teatro-Ateliersi.png","contentUrl":"https:\/\/ateliersi.it\/si\/wp-content\/uploads\/2021\/09\/Lab-teatro-Ateliersi.png","width":320,"height":240},{"@type":"BreadcrumbList","@id":"https:\/\/ateliersi.it\/si\/anna-amadori-senza-fanfare-laboratorio-8-11-2021-23-05-2022\/#breadcrumb","itemListElement":[{"@type":"ListItem","position":1,"name":"Home","item":"https:\/\/ateliersi.it\/si\/"},{"@type":"ListItem","position":2,"name":"ANNA AMADORI \/ Senza fanfare (laboratorio), 8.11.2021-23.05.2022"}]},{"@type":"WebSite","@id":"https:\/\/ateliersi.it\/si\/#website","url":"https:\/\/ateliersi.it\/si\/","name":"S\u00ec","description":"","publisher":{"@id":"https:\/\/ateliersi.it\/si\/#organization"},"potentialAction":[{"@type":"SearchAction","target":{"@type":"EntryPoint","urlTemplate":"https:\/\/ateliersi.it\/si\/?s={search_term_string}"},"query-input":{"@type":"PropertyValueSpecification","valueRequired":true,"valueName":"search_term_string"}}],"inLanguage":"it-IT"},{"@type":"Organization","@id":"https:\/\/ateliersi.it\/si\/#organization","name":"S\u00ec \u2013 Ateliersi","url":"https:\/\/ateliersi.it\/si\/","logo":{"@type":"ImageObject","inLanguage":"it-IT","@id":"https:\/\/ateliersi.it\/si\/#\/schema\/logo\/image\/","url":"https:\/\/ateliersi.it\/si\/wp-content\/uploads\/2015\/09\/cropped-si_head_1516.png","contentUrl":"https:\/\/ateliersi.it\/si\/wp-content\/uploads\/2015\/09\/cropped-si_head_1516.png","width":512,"height":512,"caption":"S\u00ec \u2013 Ateliersi"},"image":{"@id":"https:\/\/ateliersi.it\/si\/#\/schema\/logo\/image\/"},"sameAs":["https:\/\/www.facebook.com\/si.ateliersi","https:\/\/x.com\/AtelierSi","https:\/\/www.instagram.com\/si.ateliersi\/"]},{"@type":"Person","@id":"https:\/\/ateliersi.it\/si\/#\/schema\/person\/91e4317416e640b043a6d571b095e9fe","name":"D1gh3z_1975","image":{"@type":"ImageObject","inLanguage":"it-IT","@id":"https:\/\/ateliersi.it\/si\/#\/schema\/person\/image\/","url":"https:\/\/secure.gravatar.com\/avatar\/ededc0273e000444c333a60add515e7ec6b9e86fbfd367a63476a4a85ecb727d?s=96&d=monsterid&r=g","contentUrl":"https:\/\/secure.gravatar.com\/avatar\/ededc0273e000444c333a60add515e7ec6b9e86fbfd367a63476a4a85ecb727d?s=96&d=monsterid&r=g","caption":"D1gh3z_1975"}}]}},"rttpg_featured_image_url":{"full":["https:\/\/ateliersi.it\/si\/wp-content\/uploads\/2021\/09\/Lab-teatro-Ateliersi.png",320,240,false],"landscape":["https:\/\/ateliersi.it\/si\/wp-content\/uploads\/2021\/09\/Lab-teatro-Ateliersi.png",320,240,false],"portraits":["https:\/\/ateliersi.it\/si\/wp-content\/uploads\/2021\/09\/Lab-teatro-Ateliersi.png",320,240,false],"thumbnail":["https:\/\/ateliersi.it\/si\/wp-content\/uploads\/2021\/09\/Lab-teatro-Ateliersi-150x150.png",150,150,true],"medium":["https:\/\/ateliersi.it\/si\/wp-content\/uploads\/2021\/09\/Lab-teatro-Ateliersi-300x225.png",300,225,true],"large":["https:\/\/ateliersi.it\/si\/wp-content\/uploads\/2021\/09\/Lab-teatro-Ateliersi.png",320,240,false],"1536x1536":["https:\/\/ateliersi.it\/si\/wp-content\/uploads\/2021\/09\/Lab-teatro-Ateliersi.png",320,240,false],"2048x2048":["https:\/\/ateliersi.it\/si\/wp-content\/uploads\/2021\/09\/Lab-teatro-Ateliersi.png",320,240,false],"blog-type-1-small":["https:\/\/ateliersi.it\/si\/wp-content\/uploads\/2021\/09\/Lab-teatro-Ateliersi-220x220.png",220,220,true],"blog-type-1-medium":["https:\/\/ateliersi.it\/si\/wp-content\/uploads\/2021\/09\/Lab-teatro-Ateliersi-250x240.png",250,240,true],"blog-type-1-big":["https:\/\/ateliersi.it\/si\/wp-content\/uploads\/2021\/09\/Lab-teatro-Ateliersi.png",320,240,false],"blog-type-3-small":["https:\/\/ateliersi.it\/si\/wp-content\/uploads\/2021\/09\/Lab-teatro-Ateliersi-196x111.png",196,111,true],"blog-type-3-medium":["https:\/\/ateliersi.it\/si\/wp-content\/uploads\/2021\/09\/Lab-teatro-Ateliersi-218x124.png",218,124,true],"blog-type-3-big":["https:\/\/ateliersi.it\/si\/wp-content\/uploads\/2021\/09\/Lab-teatro-Ateliersi-300x170.png",300,170,true],"blog-type-4-small":["https:\/\/ateliersi.it\/si\/wp-content\/uploads\/2021\/09\/Lab-teatro-Ateliersi-304x172.png",304,172,true],"blog-type-4-medium":["https:\/\/ateliersi.it\/si\/wp-content\/uploads\/2021\/09\/Lab-teatro-Ateliersi-320x191.png",320,191,true],"blog-type-5-big":["https:\/\/ateliersi.it\/si\/wp-content\/uploads\/2021\/09\/Lab-teatro-Ateliersi.png",320,240,false]},"rttpg_author":{"display_name":"D1gh3z_1975","author_link":"https:\/\/ateliersi.it\/si\/author\/d1gh3z_1975\/"},"rttpg_comment":0,"rttpg_category":"<a href=\"https:\/\/ateliersi.it\/si\/category\/programma-2021-22\/\" rel=\"category tag\">Programma 2021\/22<\/a>","rttpg_excerpt":"tutti i luned\u00ec dall&#8217;8 novembre 2021 fino al 23 maggio 2022, dalle 20.00 alle 22.30 ANNA AMADORI \/ Senza fanfare...","_links":{"self":[{"href":"https:\/\/ateliersi.it\/si\/wp-json\/wp\/v2\/posts\/7847","targetHints":{"allow":["GET"]}}],"collection":[{"href":"https:\/\/ateliersi.it\/si\/wp-json\/wp\/v2\/posts"}],"about":[{"href":"https:\/\/ateliersi.it\/si\/wp-json\/wp\/v2\/types\/post"}],"author":[{"embeddable":true,"href":"https:\/\/ateliersi.it\/si\/wp-json\/wp\/v2\/users\/1"}],"replies":[{"embeddable":true,"href":"https:\/\/ateliersi.it\/si\/wp-json\/wp\/v2\/comments?post=7847"}],"version-history":[{"count":1,"href":"https:\/\/ateliersi.it\/si\/wp-json\/wp\/v2\/posts\/7847\/revisions"}],"predecessor-version":[{"id":8212,"href":"https:\/\/ateliersi.it\/si\/wp-json\/wp\/v2\/posts\/7847\/revisions\/8212"}],"wp:featuredmedia":[{"embeddable":true,"href":"https:\/\/ateliersi.it\/si\/wp-json\/wp\/v2\/media\/7848"}],"wp:attachment":[{"href":"https:\/\/ateliersi.it\/si\/wp-json\/wp\/v2\/media?parent=7847"}],"wp:term":[{"taxonomy":"category","embeddable":true,"href":"https:\/\/ateliersi.it\/si\/wp-json\/wp\/v2\/categories?post=7847"},{"taxonomy":"post_tag","embeddable":true,"href":"https:\/\/ateliersi.it\/si\/wp-json\/wp\/v2\/tags?post=7847"}],"curies":[{"name":"wp","href":"https:\/\/api.w.org\/{rel}","templated":true}]}}