{"id":7494,"date":"2021-02-26T11:43:32","date_gmt":"2021-02-26T10:43:32","guid":{"rendered":"https:\/\/ateliersi.it\/si\/?p=7494"},"modified":"2021-09-13T12:28:26","modified_gmt":"2021-09-13T10:28:26","slug":"aprendo-la-porta-ciclo-di-laboratori-e-incontri-a-cura-di-valentina-greco-marzo-dicembre","status":"publish","type":"post","link":"https:\/\/ateliersi.it\/si\/aprendo-la-porta-ciclo-di-laboratori-e-incontri-a-cura-di-valentina-greco-marzo-dicembre\/","title":{"rendered":"APRENDO LA PORTA ciclo di laboratori e incontri a cura di VALENTINA GRECO, marzo-dicembre 2021"},"content":{"rendered":"<p><a href=\"https:\/\/ateliersi.it\/si\/wp-content\/uploads\/2021\/02\/153060011_112272134237763_4726821068216777373_o.jpg\"><img loading=\"lazy\" decoding=\"async\" class=\"alignleft size-full wp-image-7496\" src=\"https:\/\/ateliersi.it\/si\/wp-content\/uploads\/2021\/02\/153060011_112272134237763_4726821068216777373_o.jpg\" alt=\"\" width=\"615\" height=\"615\" srcset=\"https:\/\/ateliersi.it\/si\/wp-content\/uploads\/2021\/02\/153060011_112272134237763_4726821068216777373_o.jpg 615w, https:\/\/ateliersi.it\/si\/wp-content\/uploads\/2021\/02\/153060011_112272134237763_4726821068216777373_o-300x300.jpg 300w, https:\/\/ateliersi.it\/si\/wp-content\/uploads\/2021\/02\/153060011_112272134237763_4726821068216777373_o-150x150.jpg 150w, https:\/\/ateliersi.it\/si\/wp-content\/uploads\/2021\/02\/153060011_112272134237763_4726821068216777373_o-220x220.jpg 220w, https:\/\/ateliersi.it\/si\/wp-content\/uploads\/2021\/02\/153060011_112272134237763_4726821068216777373_o-250x250.jpg 250w, https:\/\/ateliersi.it\/si\/wp-content\/uploads\/2021\/02\/153060011_112272134237763_4726821068216777373_o-338x338.jpg 338w\" sizes=\"auto, (max-width: 615px) 100vw, 615px\" \/><\/a><\/p>\n<h5>Proposto da Ateliersi \/\u00a0Ideazione, progettazione e coordinamento Valentina Greco \/\u00a0Con il sostegno dell\u2019Ufficio Pari Opportunit\u00e0, tutela delle differenze, contrasto alla violenza di genere del Comune di Bologna \/\u00a0In collaborazione con i settori Biblioteche e Cultura e Creativit\u00e0 del Comune di Bologna &#8211; Dipartimento Cultura e Promozione della Citt\u00e0 \/\u00a0Nell\u2019ambito del Patto per la Lettura di Bologna \/\u00a0Partnership: Libreria delle donne di Bologna \/\u00a0Artwork: Valentina Marchionni (Flaccidia)<\/h5>\n<p>\u201cFra cento anni, d&#8217;altronde, pensavo giunta sulla soglia di casa, le donne non saranno pi\u00f9 il sesso protetto. Logicamente condivideranno tutte le attivit\u00e0 e tutti gli sforzi che una volta erano stati loro negati &#8230; Ogni presupposto basato sui fatti osservati quando le donne erano il sesso protetto sar\u00e0 scomparso \u2026 Pu\u00f2 accadere qualunque cosa quando la femminilit\u00e0 cesser\u00e0 di essere un&#8217;occupazione protetta, pensavo, aprendo la porta\u201d scrive Virginia Woolf nel 1929.<\/p>\n<p>APRENDO LA PORTA, partendo da un libro scritto da una donna, affronta alcuni dei temi pi\u00f9 urgenti e meno discussi pubblicamente legati al vissuto femminile: la cura, il lavoro, l\u2019autodeterminazione, solo per citarne alcuni.\u00a0La letteratura ci permette di affrontarli singolarmente e trasversalmente, perch\u00e9 \u00e8 impossibile ridurre a un solo tema una vita intera, e vite intere sono quelle raccontate nei libri.<\/p>\n<p>APRENDO LA PORTA \u00e8 pensato come un percorso articolato su due moduli, complementari ma indipendenti: incontri pubblici e laboratori. Gli incontri pubblici sono scanditi tematicamente, lo spunto di discussione \u00e8 un romanzo scritto da una donna al cui centro si trova il tema prescelto.\u00a0Per ogni incontro si prevede l\u2019intervento dell\u2019autrice e l\u2019intervento di una discussant. Un\u2019attrice far\u00e0 delle letture selezionate dal testo. Una figura di coordinamento moderer\u00e0 e agevoler\u00e0 il dibattito col pubblico.\u00a0Ogni incontro sar\u00e0 preceduto da un laboratorio a numero chiuso nel quale verranno esaminati collettivamente i temi e i testi oggetto degli incontri pubblici.<\/p>\n<div class='accordion'>\n<h5>PROGRAMMA DETTAGLIATO<\/h5><div><div class='inner'>\n<p><em><strong>Programma Marzo &#8211; Giugno<\/strong><\/em><\/p>\n<p><strong>LABORATORI<\/strong><\/p>\n<p><strong>Mercoled\u00ec 3 marzo ore 17,30<\/strong><br \/>\n<em>Noi non abbiamo colpa<\/em> di Marta Zura-Puntaroni<br \/>\nconduce Valentina Greco<\/p>\n<p><strong>Mercoled\u00ec 24 marzo ore 17,30<\/strong><br \/>\n<em>Tra le rose e le viole<\/em> di Porpora Marcasciano<br \/>\nconduce Valentina Greco<\/p>\n<p><strong>Mercoled\u00ec 28 aprile ore 17,30<\/strong><br \/>\n<em>La figlia unica<\/em> di Guadalupe Nettel<br \/>\nconduce Valentina Greco<\/p>\n<p><strong>Mercoled\u00ec 26 maggio ore 17,30<\/strong><br \/>\n<em>Il pieno di felicit\u00e0<\/em> di Cecilia Ghidotti<br \/>\nconduce Valentina Greco<\/p>\n<p><strong>Mercoled\u00ec 9 giugno ore 17,30<\/strong><br \/>\n<em>La mappa del cuore<\/em> di Lea Melandri<br \/>\nil laboratorio sar\u00e0 condotto dalla stessa autrice<\/p>\n<p><strong>INCONTRI PUBBLICI<\/strong><\/p>\n<p><strong>Venerd\u00ec 5 marzo ore 18,00<\/strong><br \/>\n<em>La cura<\/em><br \/>\n\u201cVorrei parlare a nonna e dirle queste cose, ma ho paura delle risposte che potrebbe darmi e ho paura del turbamento che potrei provocarle: anche le frasi pi\u00f9 semplici e banali possono inquietarla, farle passare notti insonni in cui non vuole restare stesa a letto, obbligando Angela a rimanere sveglia con lei, andando avanti e indietro tra le due stanze nel tentativo di far trovare a entrambe un po\u2019 di pace.\u201d Marta Zura-Puntaroni, <em>Noi non abbiamo colpa<\/em>, Minimum Fax, 2020<br \/>\nInterviene: Marta Zura-Puntaroni<br \/>\nDiscussant: Carlotta Cossutta<br \/>\nCoordina: Valentina Greco<br \/>\nLetture: Luce Santambrogio<\/p>\n<p><strong>Venerd\u00ec 26 marzo ore 18,00<\/strong><br \/>\n<em>Donna non si nasce<\/em><br \/>\n\u201cTra le rose e le viole \u00e8 il titolo di una filastrocca di quando andavo all\u2019asilo. Le suore la insegnavano alle bambine che la cantavano facendo il girotondo. Mi piaceva molto. Essendo un maschietto non potevo entrare nel girotondo delle bambine e quando ci riuscivo ero davvero felice. L\u2019incanto veniva rotto dal rimprovero delle suore e dalle urla di scherno degli altri bimbi. Quando tornavo a casa nella mia cameretta giravo in tondo, sognavo e cantavo: Tra le rose e le viole\u2026\u201d Porpora Marcasciano, <em>Tra le rose e le viole<\/em>, Edizioni Alegre, 2020<br \/>\nInterviene: Porpora Marcasciano<br \/>\nDiscussant: Stefania Voli<br \/>\nCoordina: Valentina Greco<br \/>\nLetture: Fiorenza Menni<\/p>\n<p><strong>Venerd\u00ec 30 aprile ore 18,00<\/strong><br \/>\n<em>Essere madre, fare la madre<\/em><br \/>\n\u201cNon ha avuto bisogno di aggiungere altro. La conoscevo da anni e mi \u00e8 bastato udire il suo tono di voce per capire che cosa mi avrebbe annunciato. Quando finalmente ha pronunciato la parola \u201cincinta\u201d, ho sentito un tuffo nel petto cos\u00ec simile alla gioia che mi ha sconcertato. Com\u2019era possibile che fossi felice?\u201d Guadalupe Nettel, <em>La figlia unica<\/em>, La Nuova Frontiera, 2020<br \/>\nIntervengono: Guadalupe Nettel e Federica Niola (traduttrice)<br \/>\nDiscussant: Silvia Corti (Slavina)<br \/>\nCoordina: Valentina Greco<br \/>\nLetture: Serena Rossi (La Sere legge)<br \/>\n(La presenza dell\u2019autrice \u00e8 in attesa di conferma)<\/p>\n<p><strong>Venerd\u00ec 28 maggio ore 18,00<\/strong><br \/>\n<em>Il lavoro<\/em><br \/>\n\u201cIl fatto di negoziare la propria presenza non \u00e8 previsto. Questo lavoro viene solitamente retribuito con un contratto che prevede un massimo di 4000 euro per 400 ore pagate a fine incarico.\u201d\u00a0Cecilia Ghidotti, <em>Il pieno di felicit\u00e0<\/em>, Minimum Fax, 2019<br \/>\nInterviene: Cecilia Ghidotti<br \/>\nDiscussant: Francesca Coin<br \/>\nCoordina: Valentina Greco<br \/>\nLetture: Luce Santambrogio<\/p>\n<p><strong>9, 10, 11 giugno<\/strong> Spettacolo teatrale dal vivo a cura di Ateliersi<br \/>\nIl personale \u00e8 politico<br \/>\n<em>La mappa del cuore di Lea Melandri<\/em><br \/>\ndi e con Fiorenza Menni e Andrea Mochi Sismondi \/ E con Francesca Pizzo \/ Musiche arrangiate ed elaborate da Vincenzo Scorza e Mauro Sommavilla \/ Grazie a Lea Melandri per il pensiero condiviso, la vicinanza e la capacit\u00e0 di smontare gli schemi \/ Parte delle lettere e delle risposte della rubrica \u201cInquietudini\u201d sono raccolte nel libro La mappa del cuore pubblicato da Rubbettino Editore nel 1992<\/p>\n<p>Dove s\u2019incontrano i Duran Duran e Jean-Luc Godard, i consigli dell\u2019endocrinologo e Il diavolo in corpo, Siouxsie, i tarocchi e una giovanissima Meryl Streep? Nei tanti numeri di Ragazza In, il settimanale per adolescenti degli anni \u201980, tra le cui pagine si coglie l\u2019immagine di una societ\u00e0 in trasformazione. Una rivista che fa la scelta dirompente di affidare a Lea Melandri, figura di riferimento del femminismo e del movimento non autoritario, una rubrica di corrispondenza che lei apre al dialogo tra lettori con stimoli di carattere psicoanalitico, poetico e letterario. Ateliersi conduce un viaggio emotivo attraverso quelle lettere intrecciando le urgenze e gli ardimenti sonori di allora con le risonanze presenti.<\/p>\n<p><strong>Mercoled\u00ec 30 giugno<\/strong><br \/>\n<em>Percorrere la nostra storia<\/em><br \/>\nTrekking urbano alla scoperta delle figure e degli spazi femminili e femministi che hanno attraversato e attraversano Bologna.<\/p>\n<p>*Il programma definitivo per i mesi che vanno da Settembre a Dicembre \u00e8 in corso di definizione*<\/p>\n<\/div><\/div>\n<\/div>\n<p>APRENDO LA PORTA \u00e8 inserito nella rassegna <em>Sguardi al femminile<\/em> sostenuta dall\u2019Ufficio Pari Opportunit\u00e0, tutela delle differenze, contrasto alla violenza di genere del Comune di Bologna.<\/p>\n<div class=\"kvgmc6g5 cxmmr5t8 oygrvhab hcukyx3x c1et5uql ii04i59q\">\n<p><strong>INFO<\/strong><br \/>\nPer approfondimenti e aggiornamenti consultare la pagina Facebook Aprendo la porta (@aprendolaporta).\u00a0Per informazioni scrivere a aprendolaporta@gmail.com.\u00a0Tutte le info sul progetto, le bibliografie, i contatti per la prenotazione dei libri saranno sempre disponibili sul sito\u00a0<a href=\"https:\/\/l.facebook.com\/l.php?u=http%3A%2F%2Fwww.pattoletturabo.it%2F%3Ffbclid%3DIwAR0uG80Tgo3AqbCqy6hIup5u437BiGJ0IaYY86G1tTOUC_JeSKC-l2KhDFA&amp;h=AT2UwfSOOrVFcN5JIJ-4N_rnY_croLNjHjW296ON_MgqBEdf25OtROi_ltNf-8OP8rs2FQzWApvoC1psHHO6m_46gc8MhiRlMIZZrM1p4MqKTTIaakwEqd7Nf2k0zIEPjdrzAjfCbg&amp;__tn__=-UK-R&amp;c%5b0%5d=AT2LetbVMaGBXpVrmtRlPp5QkJkdT51hjNtfNPbHpGMWwnvOg9uJKhaK3wq-2dtCyGVj0B26QhacFpW8pvmnQA1mvnNAWcKv7JQKp_UHLagbHb0RUdFgKVTSGzVzMjEqQGT-zhTgnAmomf7E4Y0YN0ZG5hPpulD5f1j8ZsM\">www.pattoletturabo.it<\/a>\u00a0e sull\u2019account Instagram @PattoLetturaBO<\/p>\n<\/div>\n<div class=\"o9v6fnle cxmmr5t8 oygrvhab hcukyx3x c1et5uql ii04i59q\">\n<div dir=\"auto\"><\/div>\n<\/div>\n","protected":false},"excerpt":{"rendered":"<p>Proposto da Ateliersi \/\u00a0Ideazione, progettazione e coordinamento Valentina Greco \/\u00a0Con il sostegno dell\u2019Ufficio Pari Opportunit\u00e0, tutela delle differenze, contrasto alla&#8230;<\/p>\n","protected":false},"author":1,"featured_media":7496,"comment_status":"closed","ping_status":"closed","sticky":false,"template":"","format":"standard","meta":{"footnotes":""},"categories":[49],"tags":[],"class_list":["post-7494","post","type-post","status-publish","format-standard","has-post-thumbnail","hentry","category-programma-2020-21"],"yoast_head":"<!-- This site is optimized with the Yoast SEO plugin v27.1.1 - https:\/\/yoast.com\/product\/yoast-seo-wordpress\/ -->\n<title>APRENDO LA PORTA ciclo di laboratori e incontri a cura di VALENTINA GRECO, marzo-dicembre 2021 - S\u00ec<\/title>\n<meta name=\"robots\" content=\"index, follow, max-snippet:-1, max-image-preview:large, max-video-preview:-1\" \/>\n<link rel=\"canonical\" href=\"https:\/\/ateliersi.it\/si\/aprendo-la-porta-ciclo-di-laboratori-e-incontri-a-cura-di-valentina-greco-marzo-dicembre\/\" \/>\n<meta property=\"og:locale\" content=\"it_IT\" \/>\n<meta property=\"og:type\" content=\"article\" \/>\n<meta property=\"og:title\" content=\"APRENDO LA PORTA ciclo di laboratori e incontri a cura di VALENTINA GRECO, marzo-dicembre 2021 - S\u00ec\" \/>\n<meta property=\"og:description\" content=\"Proposto da Ateliersi \/\u00a0Ideazione, progettazione e coordinamento Valentina Greco \/\u00a0Con il sostegno dell\u2019Ufficio Pari Opportunit\u00e0, tutela delle differenze, contrasto alla...\" \/>\n<meta property=\"og:url\" content=\"https:\/\/ateliersi.it\/si\/aprendo-la-porta-ciclo-di-laboratori-e-incontri-a-cura-di-valentina-greco-marzo-dicembre\/\" \/>\n<meta property=\"og:site_name\" content=\"S\u00ec\" \/>\n<meta property=\"article:publisher\" content=\"https:\/\/www.facebook.com\/si.ateliersi\" \/>\n<meta property=\"article:published_time\" content=\"2021-02-26T10:43:32+00:00\" \/>\n<meta property=\"article:modified_time\" content=\"2021-09-13T10:28:26+00:00\" \/>\n<meta property=\"og:image\" content=\"https:\/\/ateliersi.it\/si\/wp-content\/uploads\/2021\/02\/153060011_112272134237763_4726821068216777373_o.jpg\" \/>\n\t<meta property=\"og:image:width\" content=\"615\" \/>\n\t<meta property=\"og:image:height\" content=\"615\" \/>\n\t<meta property=\"og:image:type\" content=\"image\/jpeg\" \/>\n<meta name=\"author\" content=\"D1gh3z_1975\" \/>\n<meta name=\"twitter:card\" content=\"summary_large_image\" \/>\n<meta name=\"twitter:creator\" content=\"@AtelierSi\" \/>\n<meta name=\"twitter:site\" content=\"@AtelierSi\" \/>\n<meta name=\"twitter:label1\" content=\"Scritto da\" \/>\n\t<meta name=\"twitter:data1\" content=\"D1gh3z_1975\" \/>\n\t<meta name=\"twitter:label2\" content=\"Tempo di lettura stimato\" \/>\n\t<meta name=\"twitter:data2\" content=\"5 minuti\" \/>\n<!-- \/ Yoast SEO plugin. -->","yoast_head_json":{"title":"APRENDO LA PORTA ciclo di laboratori e incontri a cura di VALENTINA GRECO, marzo-dicembre 2021 - S\u00ec","robots":{"index":"index","follow":"follow","max-snippet":"max-snippet:-1","max-image-preview":"max-image-preview:large","max-video-preview":"max-video-preview:-1"},"canonical":"https:\/\/ateliersi.it\/si\/aprendo-la-porta-ciclo-di-laboratori-e-incontri-a-cura-di-valentina-greco-marzo-dicembre\/","og_locale":"it_IT","og_type":"article","og_title":"APRENDO LA PORTA ciclo di laboratori e incontri a cura di VALENTINA GRECO, marzo-dicembre 2021 - S\u00ec","og_description":"Proposto da Ateliersi \/\u00a0Ideazione, progettazione e coordinamento Valentina Greco \/\u00a0Con il sostegno dell\u2019Ufficio Pari Opportunit\u00e0, tutela delle differenze, contrasto alla...","og_url":"https:\/\/ateliersi.it\/si\/aprendo-la-porta-ciclo-di-laboratori-e-incontri-a-cura-di-valentina-greco-marzo-dicembre\/","og_site_name":"S\u00ec","article_publisher":"https:\/\/www.facebook.com\/si.ateliersi","article_published_time":"2021-02-26T10:43:32+00:00","article_modified_time":"2021-09-13T10:28:26+00:00","og_image":[{"width":615,"height":615,"url":"https:\/\/ateliersi.it\/si\/wp-content\/uploads\/2021\/02\/153060011_112272134237763_4726821068216777373_o.jpg","type":"image\/jpeg"}],"author":"D1gh3z_1975","twitter_card":"summary_large_image","twitter_creator":"@AtelierSi","twitter_site":"@AtelierSi","twitter_misc":{"Scritto da":"D1gh3z_1975","Tempo di lettura stimato":"5 minuti"},"schema":{"@context":"https:\/\/schema.org","@graph":[{"@type":"Article","@id":"https:\/\/ateliersi.it\/si\/aprendo-la-porta-ciclo-di-laboratori-e-incontri-a-cura-di-valentina-greco-marzo-dicembre\/#article","isPartOf":{"@id":"https:\/\/ateliersi.it\/si\/aprendo-la-porta-ciclo-di-laboratori-e-incontri-a-cura-di-valentina-greco-marzo-dicembre\/"},"author":{"name":"D1gh3z_1975","@id":"https:\/\/ateliersi.it\/si\/#\/schema\/person\/91e4317416e640b043a6d571b095e9fe"},"headline":"APRENDO LA PORTA ciclo di laboratori e incontri a cura di VALENTINA GRECO, marzo-dicembre 2021","datePublished":"2021-02-26T10:43:32+00:00","dateModified":"2021-09-13T10:28:26+00:00","mainEntityOfPage":{"@id":"https:\/\/ateliersi.it\/si\/aprendo-la-porta-ciclo-di-laboratori-e-incontri-a-cura-di-valentina-greco-marzo-dicembre\/"},"wordCount":1068,"publisher":{"@id":"https:\/\/ateliersi.it\/si\/#organization"},"image":{"@id":"https:\/\/ateliersi.it\/si\/aprendo-la-porta-ciclo-di-laboratori-e-incontri-a-cura-di-valentina-greco-marzo-dicembre\/#primaryimage"},"thumbnailUrl":"https:\/\/ateliersi.it\/si\/wp-content\/uploads\/2021\/02\/153060011_112272134237763_4726821068216777373_o.jpg","articleSection":["Programma 2020\/21"],"inLanguage":"it-IT"},{"@type":"WebPage","@id":"https:\/\/ateliersi.it\/si\/aprendo-la-porta-ciclo-di-laboratori-e-incontri-a-cura-di-valentina-greco-marzo-dicembre\/","url":"https:\/\/ateliersi.it\/si\/aprendo-la-porta-ciclo-di-laboratori-e-incontri-a-cura-di-valentina-greco-marzo-dicembre\/","name":"APRENDO LA PORTA ciclo di laboratori e incontri a cura di VALENTINA GRECO, marzo-dicembre 2021 - S\u00ec","isPartOf":{"@id":"https:\/\/ateliersi.it\/si\/#website"},"primaryImageOfPage":{"@id":"https:\/\/ateliersi.it\/si\/aprendo-la-porta-ciclo-di-laboratori-e-incontri-a-cura-di-valentina-greco-marzo-dicembre\/#primaryimage"},"image":{"@id":"https:\/\/ateliersi.it\/si\/aprendo-la-porta-ciclo-di-laboratori-e-incontri-a-cura-di-valentina-greco-marzo-dicembre\/#primaryimage"},"thumbnailUrl":"https:\/\/ateliersi.it\/si\/wp-content\/uploads\/2021\/02\/153060011_112272134237763_4726821068216777373_o.jpg","datePublished":"2021-02-26T10:43:32+00:00","dateModified":"2021-09-13T10:28:26+00:00","breadcrumb":{"@id":"https:\/\/ateliersi.it\/si\/aprendo-la-porta-ciclo-di-laboratori-e-incontri-a-cura-di-valentina-greco-marzo-dicembre\/#breadcrumb"},"inLanguage":"it-IT","potentialAction":[{"@type":"ReadAction","target":["https:\/\/ateliersi.it\/si\/aprendo-la-porta-ciclo-di-laboratori-e-incontri-a-cura-di-valentina-greco-marzo-dicembre\/"]}]},{"@type":"ImageObject","inLanguage":"it-IT","@id":"https:\/\/ateliersi.it\/si\/aprendo-la-porta-ciclo-di-laboratori-e-incontri-a-cura-di-valentina-greco-marzo-dicembre\/#primaryimage","url":"https:\/\/ateliersi.it\/si\/wp-content\/uploads\/2021\/02\/153060011_112272134237763_4726821068216777373_o.jpg","contentUrl":"https:\/\/ateliersi.it\/si\/wp-content\/uploads\/2021\/02\/153060011_112272134237763_4726821068216777373_o.jpg","width":615,"height":615},{"@type":"BreadcrumbList","@id":"https:\/\/ateliersi.it\/si\/aprendo-la-porta-ciclo-di-laboratori-e-incontri-a-cura-di-valentina-greco-marzo-dicembre\/#breadcrumb","itemListElement":[{"@type":"ListItem","position":1,"name":"Home","item":"https:\/\/ateliersi.it\/si\/"},{"@type":"ListItem","position":2,"name":"APRENDO LA PORTA ciclo di laboratori e incontri a cura di VALENTINA GRECO, marzo-dicembre 2021"}]},{"@type":"WebSite","@id":"https:\/\/ateliersi.it\/si\/#website","url":"https:\/\/ateliersi.it\/si\/","name":"S\u00ec","description":"","publisher":{"@id":"https:\/\/ateliersi.it\/si\/#organization"},"potentialAction":[{"@type":"SearchAction","target":{"@type":"EntryPoint","urlTemplate":"https:\/\/ateliersi.it\/si\/?s={search_term_string}"},"query-input":{"@type":"PropertyValueSpecification","valueRequired":true,"valueName":"search_term_string"}}],"inLanguage":"it-IT"},{"@type":"Organization","@id":"https:\/\/ateliersi.it\/si\/#organization","name":"S\u00ec \u2013 Ateliersi","url":"https:\/\/ateliersi.it\/si\/","logo":{"@type":"ImageObject","inLanguage":"it-IT","@id":"https:\/\/ateliersi.it\/si\/#\/schema\/logo\/image\/","url":"https:\/\/ateliersi.it\/si\/wp-content\/uploads\/2015\/09\/cropped-si_head_1516.png","contentUrl":"https:\/\/ateliersi.it\/si\/wp-content\/uploads\/2015\/09\/cropped-si_head_1516.png","width":512,"height":512,"caption":"S\u00ec \u2013 Ateliersi"},"image":{"@id":"https:\/\/ateliersi.it\/si\/#\/schema\/logo\/image\/"},"sameAs":["https:\/\/www.facebook.com\/si.ateliersi","https:\/\/x.com\/AtelierSi","https:\/\/www.instagram.com\/si.ateliersi\/"]},{"@type":"Person","@id":"https:\/\/ateliersi.it\/si\/#\/schema\/person\/91e4317416e640b043a6d571b095e9fe","name":"D1gh3z_1975","image":{"@type":"ImageObject","inLanguage":"it-IT","@id":"https:\/\/ateliersi.it\/si\/#\/schema\/person\/image\/","url":"https:\/\/secure.gravatar.com\/avatar\/ededc0273e000444c333a60add515e7ec6b9e86fbfd367a63476a4a85ecb727d?s=96&d=monsterid&r=g","contentUrl":"https:\/\/secure.gravatar.com\/avatar\/ededc0273e000444c333a60add515e7ec6b9e86fbfd367a63476a4a85ecb727d?s=96&d=monsterid&r=g","caption":"D1gh3z_1975"}}]}},"rttpg_featured_image_url":{"full":["https:\/\/ateliersi.it\/si\/wp-content\/uploads\/2021\/02\/153060011_112272134237763_4726821068216777373_o.jpg",615,615,false],"landscape":["https:\/\/ateliersi.it\/si\/wp-content\/uploads\/2021\/02\/153060011_112272134237763_4726821068216777373_o.jpg",615,615,false],"portraits":["https:\/\/ateliersi.it\/si\/wp-content\/uploads\/2021\/02\/153060011_112272134237763_4726821068216777373_o.jpg",615,615,false],"thumbnail":["https:\/\/ateliersi.it\/si\/wp-content\/uploads\/2021\/02\/153060011_112272134237763_4726821068216777373_o-150x150.jpg",150,150,true],"medium":["https:\/\/ateliersi.it\/si\/wp-content\/uploads\/2021\/02\/153060011_112272134237763_4726821068216777373_o-300x300.jpg",300,300,true],"large":["https:\/\/ateliersi.it\/si\/wp-content\/uploads\/2021\/02\/153060011_112272134237763_4726821068216777373_o.jpg",615,615,false],"1536x1536":["https:\/\/ateliersi.it\/si\/wp-content\/uploads\/2021\/02\/153060011_112272134237763_4726821068216777373_o.jpg",615,615,false],"2048x2048":["https:\/\/ateliersi.it\/si\/wp-content\/uploads\/2021\/02\/153060011_112272134237763_4726821068216777373_o.jpg",615,615,false],"blog-type-1-small":["https:\/\/ateliersi.it\/si\/wp-content\/uploads\/2021\/02\/153060011_112272134237763_4726821068216777373_o-220x220.jpg",220,220,true],"blog-type-1-medium":["https:\/\/ateliersi.it\/si\/wp-content\/uploads\/2021\/02\/153060011_112272134237763_4726821068216777373_o-250x250.jpg",250,250,true],"blog-type-1-big":["https:\/\/ateliersi.it\/si\/wp-content\/uploads\/2021\/02\/153060011_112272134237763_4726821068216777373_o-338x338.jpg",338,338,true],"blog-type-3-small":["https:\/\/ateliersi.it\/si\/wp-content\/uploads\/2021\/02\/153060011_112272134237763_4726821068216777373_o-196x111.jpg",196,111,true],"blog-type-3-medium":["https:\/\/ateliersi.it\/si\/wp-content\/uploads\/2021\/02\/153060011_112272134237763_4726821068216777373_o-218x124.jpg",218,124,true],"blog-type-3-big":["https:\/\/ateliersi.it\/si\/wp-content\/uploads\/2021\/02\/153060011_112272134237763_4726821068216777373_o-300x170.jpg",300,170,true],"blog-type-4-small":["https:\/\/ateliersi.it\/si\/wp-content\/uploads\/2021\/02\/153060011_112272134237763_4726821068216777373_o-304x172.jpg",304,172,true],"blog-type-4-medium":["https:\/\/ateliersi.it\/si\/wp-content\/uploads\/2021\/02\/153060011_112272134237763_4726821068216777373_o-338x191.jpg",338,191,true],"blog-type-5-big":["https:\/\/ateliersi.it\/si\/wp-content\/uploads\/2021\/02\/153060011_112272134237763_4726821068216777373_o-460x260.jpg",460,260,true]},"rttpg_author":{"display_name":"D1gh3z_1975","author_link":"https:\/\/ateliersi.it\/si\/author\/d1gh3z_1975\/"},"rttpg_comment":0,"rttpg_category":"<a href=\"https:\/\/ateliersi.it\/si\/category\/programma-2020-21\/\" rel=\"category tag\">Programma 2020\/21<\/a>","rttpg_excerpt":"Proposto da Ateliersi \/\u00a0Ideazione, progettazione e coordinamento Valentina Greco \/\u00a0Con il sostegno dell\u2019Ufficio Pari Opportunit\u00e0, tutela delle differenze, contrasto alla...","_links":{"self":[{"href":"https:\/\/ateliersi.it\/si\/wp-json\/wp\/v2\/posts\/7494","targetHints":{"allow":["GET"]}}],"collection":[{"href":"https:\/\/ateliersi.it\/si\/wp-json\/wp\/v2\/posts"}],"about":[{"href":"https:\/\/ateliersi.it\/si\/wp-json\/wp\/v2\/types\/post"}],"author":[{"embeddable":true,"href":"https:\/\/ateliersi.it\/si\/wp-json\/wp\/v2\/users\/1"}],"replies":[{"embeddable":true,"href":"https:\/\/ateliersi.it\/si\/wp-json\/wp\/v2\/comments?post=7494"}],"version-history":[{"count":0,"href":"https:\/\/ateliersi.it\/si\/wp-json\/wp\/v2\/posts\/7494\/revisions"}],"wp:featuredmedia":[{"embeddable":true,"href":"https:\/\/ateliersi.it\/si\/wp-json\/wp\/v2\/media\/7496"}],"wp:attachment":[{"href":"https:\/\/ateliersi.it\/si\/wp-json\/wp\/v2\/media?parent=7494"}],"wp:term":[{"taxonomy":"category","embeddable":true,"href":"https:\/\/ateliersi.it\/si\/wp-json\/wp\/v2\/categories?post=7494"},{"taxonomy":"post_tag","embeddable":true,"href":"https:\/\/ateliersi.it\/si\/wp-json\/wp\/v2\/tags?post=7494"}],"curies":[{"name":"wp","href":"https:\/\/api.w.org\/{rel}","templated":true}]}}