{"id":732,"date":"2014-09-06T00:00:01","date_gmt":"2014-09-05T22:00:01","guid":{"rendered":"http:\/\/ateliersi.it\/si\/?p=732"},"modified":"2015-09-24T20:02:43","modified_gmt":"2015-09-24T18:02:43","slug":"motus-try-to-different-understand","status":"publish","type":"post","link":"https:\/\/ateliersi.it\/si\/motus-try-to-different-understand\/","title":{"rendered":"Motus \/ I try to different understand, 3-7.11.2014"},"content":{"rendered":"<p><img loading=\"lazy\" decoding=\"async\" class=\"alignnone size-full wp-image-788\" src=\"http:\/\/ateliersi.it\/si\/wp-content\/uploads\/2014\/09\/immagine-motus_low.jpg\" alt=\"immagine-motus_low\" width=\"615\" height=\"422\" srcset=\"https:\/\/ateliersi.it\/si\/wp-content\/uploads\/2014\/09\/immagine-motus_low.jpg 615w, https:\/\/ateliersi.it\/si\/wp-content\/uploads\/2014\/09\/immagine-motus_low-300x206.jpg 300w\" sizes=\"auto, (max-width: 615px) 100vw, 615px\" \/><\/p>\n<blockquote style=width:95%;>\n<p><span style=\"color: #000000;\"><strong>luned\u00ec 3.11 &#8211; marted\u00ec 4.11, dalle ore 14.00 alle ore 20.00<\/strong><\/span><br \/>\n<span style=\"color: #000000;\"> <strong>S\u00ec\/produce\/visioni <\/strong><\/span><br \/>\n<span style=\"color: #000000;\"> <strong>Laboratorio di pratiche performative e teatrali guidato da Silvia Calderoni e Ilenia Caleo<\/strong><\/span><\/p>\n<p><em>Info e iscrizioni entro il 31.10: <a href=\"mailto:info@ateliersi.it\">info@ateliersi.it<\/a><\/em><br \/>\n<em> Costo: 60 euro<\/em><\/p>\n<\/blockquote>\n<p>Pratica, pratica, pratica. Perch\u00e9 \u00e8 ci\u00f2 di cui ci cibiamo, ci\u00f2 che crea la nostra sapienza scenica. Desiderio di incontro e di confronto. E quindi ci riproviamo ancora. Quale pratica? Quale fare ci compete? Quale sapienza legata al verosimile che tanto ci completa pu\u00f2 essere utilizzata oggi, in questo paese, come fare di scrittura sul presente, strappo nella cronaca, ridisegno di un fuori che impotentemente ci troviamo ad abitare? Due giornate di lavoro, creazione e confronto su ci\u00f2 che di pi\u00f9 performativo ci rimane. La fantasia. Un\u2019urgenza, epidemia pestilenziale, ridisegna il paesaggio con cui ci troviamo quotidianamente in relazione. Mettiamo a servizio ci\u00f2 che pi\u00f9 abbiamo allenato in questi anni, ritmo, intelligenza compositiva, scrittura scenica, azione del corpo, ripetizione, sudore, musica, amore per questo lavoro. Sono invitati a partecipare tutti coloro che hanno il desiderio di mettersi in gioco in campo artistico, professionisti e non, performer, danzatori, attori, musicisti, grafici, cuochi vegani, ecc. Tutti quelli che sentono un presente che urla, e urla stonato.<\/p>\n<blockquote style=width:95%;>\n<p><span style=\"color: #000000;\"><strong>gioved\u00ec 6.11 ore 21.30<\/strong><\/span><br \/>\n<span style=\"color: #000000;\"><strong>Caliban Cannibal<\/strong><\/span><\/p>\n<p><span style=\"color: #000000;\"><em>Biglietto: 12\u00a0euro (intero), 10\u00a0euro (studenti)<br \/>\nLa biglietteria del S\u00ec apre un&#8217;ora prima dello spettacolo<br \/>\nE&#8217; possibile prenotarsi scrivendo a info@ateliersi.it<\/em><\/span><\/p>\n<\/blockquote>\n<address>di Enrico Casagrande e Daniela Nicol\u00f2<br \/>\ncon Silvia Calderoni e Mohamed Ali Ltaief (Dal\u00ec)<br \/>\nvideo Enrico Casagrande, Andrea Gallo e Alessio Spirli (Aqua Micans Group)<br \/>\ncontributo video\u00a0dal documentario\u00a0Philosophers\u2019 Republic\u00a0di\u00a0Med Ali Ltaief\u00a0e\u00a0Darja Stocker\u00a0(<a href=\"http:\/\/philosophers-republic.com\/\" target=\"_blank\">philosophers-republic.com<\/a>)<br \/>\nassistente alla regia Ilenia Caleo<br \/>\ntraduzioni Nerina Cocchi<br \/>\nproduzione Elisa Bartolucci<br \/>\norganizzazione Silvia Albanese e Valentina Zangari<br \/>\npromozione e distribuzione estera Lisa Gilardino<br \/>\nufficio stampa Sandra Angelini<br \/>\nproduzione Motus \/ 2011 &gt; 2068 AnimalePolitico Project<br \/>\nnell\u2019ambito di Ateliers de l&#8217; Eurom\u00e9diterran\u00e9e &#8211; Marseille Provence 2013<br \/>\ncon il sostegno di Santarcangelo\u202212\u202213\u202214, Face \u00e0 Face \/ Paroles d&#8217;Italie pour les sc\u00e8nes de France e Angelo Mai Altrove Occupato e ESC Atelier Autogestito<\/address>\n<p>Motus sceglie come luogo d\u2019azione una\u00a0<em>light emergency tent<\/em>, veloce da istallare nelle zone vuote di spazi pubblici e privati: dalle piazze, ai parchi, ai centri commerciali\u2026 ai teatri. Non-luogo sospeso e transitorio abitato da due improbabili figure: A + C.\u00a0\u201cA\u201d potrebbe essere Ariel dopo <em>La tempesta<\/em>, afasica e narcolettica, a confronto con una libert\u00e0 inseguita negli slogan, ma fondamentalmente temuta.\u00a0Fragile come il crisantemo, \u201cil fiore della morte\u201d, che ha portato con s\u00e9.\u00a0\u201cC \u201dpotrebbe essere Caliban dopo l\u2019esplosione dell\u2019isola, dopo l\u2019attentato a Prospero. Dopo la rivoluzione tunisina\u2026 Il contatto tra A e C \u00e8 fulminante. Un nuovo maestro? No, semplicemente un fratello.<\/p>\n<p>E la relazione scespiriana si capovolge. Ogni parola, ogni gesto \u00e8 stato filmato da due piccole videocamere: ne \u00e8 nato un film di poesia che riflette lo sguardo pi\u00f9 intimo dei due protagonisti. Silvia e Dal\u00ec si sono dati in pasto all\u2019 \u201cocchio belva\u201d della camera, abitando realmente lo spazio, viaggiando e dormendovi insieme, per conoscersi, provare a rompere gli argini\u00a0 e \u00abtrasformare l\u2019anidride carbonica in ossigeno, come le piante\u00bb. <em>Violent flowers!<\/em><\/p>\n<p><em>Caliban Cannibal<\/em> \u00e8 il temporaneo approdo performativo del progetto <em>2011&gt;2068 AnimalePolitico<\/em> intrapreso nel 2011 con <em>The plot is the revolution<\/em>, straordinario incontro scenico tra Silvia Calderoni e Judith Malina e proseguito nel 2013 con <em>Nella tempesta<\/em>, liberamente ispirato al testo di Shakeaspeare e alla riscrittura poetica di Aim\u00e9 Cesaire.<\/p>\n<blockquote style=width:95%;>\n<p><span style=\"color: #000000;\"><strong>venerd\u00ec 7.11<\/strong><\/span><\/p>\n<p><span style=\"color: #000000;\"><strong>ore 18.30<br \/>\n<\/strong><\/span><strong><span style=\"color: #000000;\">Le rivolte mutate:\u00a0gesti, dettagli e campi lunghi<\/span><br \/>\n<\/strong>Intervengono:<br \/>\nPaola Gandolfi,\u00a0arabista, ricercatrice e docente di Antropologia del Maghreb e del Medio Oriente<br \/>\nGiusy Checola, curatrice artistica e studiosa dei rapporti tra arte e pubblico dominio<br \/>\nDaniela Niccol\u00f2\u00a0ed\u00a0Enrico Casagrande, direttori artistici di Motus<br \/>\nMohamed Ali Ltaie\u00a0(Dal\u00ec)\u00a0e\u00a0Silvia Calderoni, il filosofo attivista tunisino e l\u2019attrice che dialogano in Caliban Cannibal<br \/>\nCoordina l\u2019incontro\u00a0Andrea Mochi Sismondi, direttore artistico \u2013 con Fiorenza Menni \u2013 del Collettivo Ateliersi.<\/p>\n<p><span style=\"color: #000000;\"><strong> ore 21.30<\/strong><\/span><br \/>\n<span style=\"color: #000000;\"><strong>Caliban Cannibal<br \/>\n<\/strong><strong><br \/>\nore 23.30<br \/>\n<\/strong><strong>I\u2019m not a d-jay (Silvia Calderoni)<br \/>\n<\/strong><strong>dj set a cura di Silvia Calderoni<\/strong><\/span><\/p>\n<p>Silvia Calderoni \u00e8 un attrice, performer, d-jay formatasi negli ambienti dell\u2019underground artistico e teatrale europeo, che coltiva da sempre una passione per la selezione musicale e le serate d-jay.<br \/>\nIl suo non \u00e8 solo un set, \u00e8 una performance in cui il corpo dell\u2019artista e la musica selezionata si fondono in un&#8217;unica esplosione di energia. Le sue serate sono imprevedibili, un mash-up tra elettronica, electropunk, 80\u2019s, new wave e trash. Grandi piazze, club, cene di gala, bagni pubblici, aperitivi a bordo piscina, teatri, camper, questi sono alcuni dei luoghi in cui si \u00e8 esibita come d-jay. Interpreta il ruolo del D-jay Kaspar Hauser nel film omonimo a fianco di Vincent Gallo e Claudia Gerini.<\/p>\n<p><em>Incontro: ingresso gratuito<br \/>\n<\/em><em>Biglietto solo spettacolo: 12\u00a0euro (intero), 10\u00a0euro (studenti)<br \/>\n<\/em><em>Biglietto solo dj-set: 6\u00a0euro (intero), 5 euro (studenti)<br \/>\n<\/em><em>Biglietto spettacolo +\u00a0dj-set: 15 euro\u00a0(intero), 13 euro (studenti)<br \/>\n<\/em><em>La biglietteria del S\u00ec apre un&#8217;ora prima dello spettacolo<br \/>\n<\/em><em>I posti sono limitati. E&#8217; consigliabile\u00a0prenotarsi scrivendo a <a href=\"mailto:info@ateliersi.it\" target=\"_blank\">info@ateliersi.it<\/a><\/em><\/p>\n<\/blockquote>\n<p><iframe loading=\"lazy\" src=\"\/\/www.youtube.com\/embed\/VB6s27Rw3QM?rel=0\" width=\"560\" height=\"315\" frameborder=\"0\" allowfullscreen=\"allowfullscreen\"><\/iframe><\/p>\n<div style=\"margin-top:2px;margin-bottom:0px;background-color: #ccc;height:1px;\" class=\"separator\"><\/div>\n[add_eventon event_type=&#8221;12&#8243; accord=&#8221;yes&#8221; hide_so=&#8221;yes&#8221; jumper=&#8221;no&#8221; fixed_month=&#8221;11&#8243; fixed_year=&#8221;2014&#8243; ]\n","protected":false},"excerpt":{"rendered":"<p>Pratica, pratica, pratica. Perch\u00e9 \u00e8 ci\u00f2 di cui ci cibiamo, ci\u00f2 che crea la nostra sapienza scenica. Desiderio di incontro&#8230;<\/p>\n","protected":false},"author":1,"featured_media":786,"comment_status":"closed","ping_status":"closed","sticky":false,"template":"","format":"standard","meta":{"footnotes":""},"categories":[11],"tags":[],"class_list":["post-732","post","type-post","status-publish","format-standard","has-post-thumbnail","hentry","category-programma-201415"],"yoast_head":"<!-- This site is optimized with the Yoast SEO plugin v27.1.1 - https:\/\/yoast.com\/product\/yoast-seo-wordpress\/ -->\n<title>Motus \/ I try to different understand, 3-7.11.2014 - S\u00ec<\/title>\n<meta name=\"robots\" content=\"index, follow, max-snippet:-1, max-image-preview:large, max-video-preview:-1\" \/>\n<link rel=\"canonical\" href=\"https:\/\/ateliersi.it\/si\/motus-try-to-different-understand\/\" \/>\n<meta property=\"og:locale\" content=\"it_IT\" \/>\n<meta property=\"og:type\" content=\"article\" \/>\n<meta property=\"og:title\" content=\"Motus \/ I try to different understand, 3-7.11.2014 - S\u00ec\" \/>\n<meta property=\"og:description\" content=\"Pratica, pratica, pratica. Perch\u00e9 \u00e8 ci\u00f2 di cui ci cibiamo, ci\u00f2 che crea la nostra sapienza scenica. Desiderio di incontro...\" \/>\n<meta property=\"og:url\" content=\"https:\/\/ateliersi.it\/si\/motus-try-to-different-understand\/\" \/>\n<meta property=\"og:site_name\" content=\"S\u00ec\" \/>\n<meta property=\"article:publisher\" content=\"https:\/\/www.facebook.com\/si.ateliersi\" \/>\n<meta property=\"article:published_time\" content=\"2014-09-05T22:00:01+00:00\" \/>\n<meta property=\"article:modified_time\" content=\"2015-09-24T18:02:43+00:00\" \/>\n<meta property=\"og:image\" content=\"https:\/\/ateliersi.it\/si\/wp-content\/uploads\/2014\/09\/immagine-motus_th.jpg\" \/>\n\t<meta property=\"og:image:width\" content=\"222\" \/>\n\t<meta property=\"og:image:height\" content=\"222\" \/>\n\t<meta property=\"og:image:type\" content=\"image\/jpeg\" \/>\n<meta name=\"author\" content=\"D1gh3z_1975\" \/>\n<meta name=\"twitter:card\" content=\"summary_large_image\" \/>\n<meta name=\"twitter:creator\" content=\"@AtelierSi\" \/>\n<meta name=\"twitter:site\" content=\"@AtelierSi\" \/>\n<meta name=\"twitter:label1\" content=\"Scritto da\" \/>\n\t<meta name=\"twitter:data1\" content=\"D1gh3z_1975\" \/>\n\t<meta name=\"twitter:label2\" content=\"Tempo di lettura stimato\" \/>\n\t<meta name=\"twitter:data2\" content=\"4 minuti\" \/>\n<!-- \/ Yoast SEO plugin. -->","yoast_head_json":{"title":"Motus \/ I try to different understand, 3-7.11.2014 - S\u00ec","robots":{"index":"index","follow":"follow","max-snippet":"max-snippet:-1","max-image-preview":"max-image-preview:large","max-video-preview":"max-video-preview:-1"},"canonical":"https:\/\/ateliersi.it\/si\/motus-try-to-different-understand\/","og_locale":"it_IT","og_type":"article","og_title":"Motus \/ I try to different understand, 3-7.11.2014 - S\u00ec","og_description":"Pratica, pratica, pratica. Perch\u00e9 \u00e8 ci\u00f2 di cui ci cibiamo, ci\u00f2 che crea la nostra sapienza scenica. Desiderio di incontro...","og_url":"https:\/\/ateliersi.it\/si\/motus-try-to-different-understand\/","og_site_name":"S\u00ec","article_publisher":"https:\/\/www.facebook.com\/si.ateliersi","article_published_time":"2014-09-05T22:00:01+00:00","article_modified_time":"2015-09-24T18:02:43+00:00","og_image":[{"width":222,"height":222,"url":"https:\/\/ateliersi.it\/si\/wp-content\/uploads\/2014\/09\/immagine-motus_th.jpg","type":"image\/jpeg"}],"author":"D1gh3z_1975","twitter_card":"summary_large_image","twitter_creator":"@AtelierSi","twitter_site":"@AtelierSi","twitter_misc":{"Scritto da":"D1gh3z_1975","Tempo di lettura stimato":"4 minuti"},"schema":{"@context":"https:\/\/schema.org","@graph":[{"@type":"Article","@id":"https:\/\/ateliersi.it\/si\/motus-try-to-different-understand\/#article","isPartOf":{"@id":"https:\/\/ateliersi.it\/si\/motus-try-to-different-understand\/"},"author":{"name":"D1gh3z_1975","@id":"https:\/\/ateliersi.it\/si\/#\/schema\/person\/91e4317416e640b043a6d571b095e9fe"},"headline":"Motus \/ I try to different understand, 3-7.11.2014","datePublished":"2014-09-05T22:00:01+00:00","dateModified":"2015-09-24T18:02:43+00:00","mainEntityOfPage":{"@id":"https:\/\/ateliersi.it\/si\/motus-try-to-different-understand\/"},"wordCount":850,"publisher":{"@id":"https:\/\/ateliersi.it\/si\/#organization"},"image":{"@id":"https:\/\/ateliersi.it\/si\/motus-try-to-different-understand\/#primaryimage"},"thumbnailUrl":"https:\/\/ateliersi.it\/si\/wp-content\/uploads\/2014\/09\/immagine-motus_th.jpg","articleSection":["Programma 2014\/15"],"inLanguage":"it-IT"},{"@type":"WebPage","@id":"https:\/\/ateliersi.it\/si\/motus-try-to-different-understand\/","url":"https:\/\/ateliersi.it\/si\/motus-try-to-different-understand\/","name":"Motus \/ I try to different understand, 3-7.11.2014 - S\u00ec","isPartOf":{"@id":"https:\/\/ateliersi.it\/si\/#website"},"primaryImageOfPage":{"@id":"https:\/\/ateliersi.it\/si\/motus-try-to-different-understand\/#primaryimage"},"image":{"@id":"https:\/\/ateliersi.it\/si\/motus-try-to-different-understand\/#primaryimage"},"thumbnailUrl":"https:\/\/ateliersi.it\/si\/wp-content\/uploads\/2014\/09\/immagine-motus_th.jpg","datePublished":"2014-09-05T22:00:01+00:00","dateModified":"2015-09-24T18:02:43+00:00","breadcrumb":{"@id":"https:\/\/ateliersi.it\/si\/motus-try-to-different-understand\/#breadcrumb"},"inLanguage":"it-IT","potentialAction":[{"@type":"ReadAction","target":["https:\/\/ateliersi.it\/si\/motus-try-to-different-understand\/"]}]},{"@type":"ImageObject","inLanguage":"it-IT","@id":"https:\/\/ateliersi.it\/si\/motus-try-to-different-understand\/#primaryimage","url":"https:\/\/ateliersi.it\/si\/wp-content\/uploads\/2014\/09\/immagine-motus_th.jpg","contentUrl":"https:\/\/ateliersi.it\/si\/wp-content\/uploads\/2014\/09\/immagine-motus_th.jpg","width":222,"height":222},{"@type":"BreadcrumbList","@id":"https:\/\/ateliersi.it\/si\/motus-try-to-different-understand\/#breadcrumb","itemListElement":[{"@type":"ListItem","position":1,"name":"Home","item":"https:\/\/ateliersi.it\/si\/"},{"@type":"ListItem","position":2,"name":"Motus \/ I try to different understand, 3-7.11.2014"}]},{"@type":"WebSite","@id":"https:\/\/ateliersi.it\/si\/#website","url":"https:\/\/ateliersi.it\/si\/","name":"S\u00ec","description":"","publisher":{"@id":"https:\/\/ateliersi.it\/si\/#organization"},"potentialAction":[{"@type":"SearchAction","target":{"@type":"EntryPoint","urlTemplate":"https:\/\/ateliersi.it\/si\/?s={search_term_string}"},"query-input":{"@type":"PropertyValueSpecification","valueRequired":true,"valueName":"search_term_string"}}],"inLanguage":"it-IT"},{"@type":"Organization","@id":"https:\/\/ateliersi.it\/si\/#organization","name":"S\u00ec \u2013 Ateliersi","url":"https:\/\/ateliersi.it\/si\/","logo":{"@type":"ImageObject","inLanguage":"it-IT","@id":"https:\/\/ateliersi.it\/si\/#\/schema\/logo\/image\/","url":"https:\/\/ateliersi.it\/si\/wp-content\/uploads\/2015\/09\/cropped-si_head_1516.png","contentUrl":"https:\/\/ateliersi.it\/si\/wp-content\/uploads\/2015\/09\/cropped-si_head_1516.png","width":512,"height":512,"caption":"S\u00ec \u2013 Ateliersi"},"image":{"@id":"https:\/\/ateliersi.it\/si\/#\/schema\/logo\/image\/"},"sameAs":["https:\/\/www.facebook.com\/si.ateliersi","https:\/\/x.com\/AtelierSi","https:\/\/www.instagram.com\/si.ateliersi\/"]},{"@type":"Person","@id":"https:\/\/ateliersi.it\/si\/#\/schema\/person\/91e4317416e640b043a6d571b095e9fe","name":"D1gh3z_1975","image":{"@type":"ImageObject","inLanguage":"it-IT","@id":"https:\/\/ateliersi.it\/si\/#\/schema\/person\/image\/","url":"https:\/\/secure.gravatar.com\/avatar\/ededc0273e000444c333a60add515e7ec6b9e86fbfd367a63476a4a85ecb727d?s=96&d=monsterid&r=g","contentUrl":"https:\/\/secure.gravatar.com\/avatar\/ededc0273e000444c333a60add515e7ec6b9e86fbfd367a63476a4a85ecb727d?s=96&d=monsterid&r=g","caption":"D1gh3z_1975"}}]}},"rttpg_featured_image_url":{"full":["https:\/\/ateliersi.it\/si\/wp-content\/uploads\/2014\/09\/immagine-motus_th.jpg",222,222,false],"landscape":["https:\/\/ateliersi.it\/si\/wp-content\/uploads\/2014\/09\/immagine-motus_th.jpg",222,222,false],"portraits":["https:\/\/ateliersi.it\/si\/wp-content\/uploads\/2014\/09\/immagine-motus_th.jpg",222,222,false],"thumbnail":["https:\/\/ateliersi.it\/si\/wp-content\/uploads\/2014\/09\/immagine-motus_th-150x150.jpg",150,150,true],"medium":["https:\/\/ateliersi.it\/si\/wp-content\/uploads\/2014\/09\/immagine-motus_th.jpg",222,222,false],"large":["https:\/\/ateliersi.it\/si\/wp-content\/uploads\/2014\/09\/immagine-motus_th.jpg",222,222,false],"1536x1536":["https:\/\/ateliersi.it\/si\/wp-content\/uploads\/2014\/09\/immagine-motus_th.jpg",222,222,false],"2048x2048":["https:\/\/ateliersi.it\/si\/wp-content\/uploads\/2014\/09\/immagine-motus_th.jpg",222,222,false],"blog-type-1-small":["https:\/\/ateliersi.it\/si\/wp-content\/uploads\/2014\/09\/immagine-motus_th-220x220.jpg",220,220,true],"blog-type-1-medium":["https:\/\/ateliersi.it\/si\/wp-content\/uploads\/2014\/09\/immagine-motus_th.jpg",222,222,false],"blog-type-1-big":["https:\/\/ateliersi.it\/si\/wp-content\/uploads\/2014\/09\/immagine-motus_th.jpg",222,222,false],"blog-type-3-small":["https:\/\/ateliersi.it\/si\/wp-content\/uploads\/2014\/09\/immagine-motus_th-196x111.jpg",196,111,true],"blog-type-3-medium":["https:\/\/ateliersi.it\/si\/wp-content\/uploads\/2014\/09\/immagine-motus_th-218x124.jpg",218,124,true],"blog-type-3-big":["https:\/\/ateliersi.it\/si\/wp-content\/uploads\/2014\/09\/immagine-motus_th-222x170.jpg",222,170,true],"blog-type-4-small":["https:\/\/ateliersi.it\/si\/wp-content\/uploads\/2014\/09\/immagine-motus_th-222x172.jpg",222,172,true],"blog-type-4-medium":["https:\/\/ateliersi.it\/si\/wp-content\/uploads\/2014\/09\/immagine-motus_th-222x191.jpg",222,191,true],"blog-type-5-big":["https:\/\/ateliersi.it\/si\/wp-content\/uploads\/2014\/09\/immagine-motus_th.jpg",222,222,false]},"rttpg_author":{"display_name":"D1gh3z_1975","author_link":"https:\/\/ateliersi.it\/si\/author\/d1gh3z_1975\/"},"rttpg_comment":0,"rttpg_category":"<a href=\"https:\/\/ateliersi.it\/si\/category\/programma-201415\/\" rel=\"category tag\">Programma 2014\/15<\/a>","rttpg_excerpt":"Pratica, pratica, pratica. Perch\u00e9 \u00e8 ci\u00f2 di cui ci cibiamo, ci\u00f2 che crea la nostra sapienza scenica. Desiderio di incontro...","_links":{"self":[{"href":"https:\/\/ateliersi.it\/si\/wp-json\/wp\/v2\/posts\/732","targetHints":{"allow":["GET"]}}],"collection":[{"href":"https:\/\/ateliersi.it\/si\/wp-json\/wp\/v2\/posts"}],"about":[{"href":"https:\/\/ateliersi.it\/si\/wp-json\/wp\/v2\/types\/post"}],"author":[{"embeddable":true,"href":"https:\/\/ateliersi.it\/si\/wp-json\/wp\/v2\/users\/1"}],"replies":[{"embeddable":true,"href":"https:\/\/ateliersi.it\/si\/wp-json\/wp\/v2\/comments?post=732"}],"version-history":[{"count":0,"href":"https:\/\/ateliersi.it\/si\/wp-json\/wp\/v2\/posts\/732\/revisions"}],"wp:featuredmedia":[{"embeddable":true,"href":"https:\/\/ateliersi.it\/si\/wp-json\/wp\/v2\/media\/786"}],"wp:attachment":[{"href":"https:\/\/ateliersi.it\/si\/wp-json\/wp\/v2\/media?parent=732"}],"wp:term":[{"taxonomy":"category","embeddable":true,"href":"https:\/\/ateliersi.it\/si\/wp-json\/wp\/v2\/categories?post=732"},{"taxonomy":"post_tag","embeddable":true,"href":"https:\/\/ateliersi.it\/si\/wp-json\/wp\/v2\/tags?post=732"}],"curies":[{"name":"wp","href":"https:\/\/api.w.org\/{rel}","templated":true}]}}