{"id":676,"date":"2014-09-14T00:00:58","date_gmt":"2014-09-13T22:00:58","guid":{"rendered":"http:\/\/ateliersi.it\/si\/?p=676"},"modified":"2015-09-24T20:02:19","modified_gmt":"2015-09-24T18:02:19","slug":"imaco-baby-shower-con-paolo-nori-08-10-2014","status":"publish","type":"post","link":"https:\/\/ateliersi.it\/si\/imaco-baby-shower-con-paolo-nori-08-10-2014\/","title":{"rendered":"\u00ecMaCo \/ Baby Shower con lettura di Paolo Nori, 8.10.2014"},"content":{"rendered":"<p><img loading=\"lazy\" decoding=\"async\" class=\"alignnone size-full wp-image-904\" src=\"http:\/\/ateliersi.it\/si\/wp-content\/uploads\/2014\/09\/imaco_low1.jpg\" alt=\"imaco_low\" width=\"615\" height=\"418\" srcset=\"https:\/\/ateliersi.it\/si\/wp-content\/uploads\/2014\/09\/imaco_low1.jpg 615w, https:\/\/ateliersi.it\/si\/wp-content\/uploads\/2014\/09\/imaco_low1-300x204.jpg 300w\" sizes=\"auto, (max-width: 615px) 100vw, 615px\" \/><\/p>\n<p>mercoled\u00ec 8 ottobre 2014 dalle 19.00, alle 21.00 Paolo Nori legge il suo monologo\u00a0<em>La Svizzera<\/em><\/p>\n<p>ingresso gratuito<\/p>\n<p><span lang=\"it-IT\"><i>Una serata speciale per festeggiare il successo di \u00ecMaCo, il progetto di crowdfunding che ha riempito di oggetti e di storie la appena inaugurata Caffetteria del S\u00ec. Per l&#8217;occasione lo scrittore Paolo Nori legger\u00e0 il suo monologo <\/i><\/span><em><span lang=\"it-IT\">La Svizzera<\/span><\/em><span lang=\"it-IT\"><i>. <\/i><\/span><\/p>\n<p><strong>\u00ecMaCo \u00e8<\/strong> un paesaggio di oggetti funzionali e di storie: di oggetti che prima sono di una persona sola, e poi diventano di tutti \u2013 e non di nessuno.\u00a0\u00ecMaCo \u00e8 un insieme di oggetti (stoviglie, sedie, tavolini, lampadari, poltrone, apparecchiature, ecc.) donati da una comunit\u00e0 di persone, per alimentare una caffetteria speciale: quella del S\u00ec, aperta dal 26 settembre.\u00a0Con \u00ecMaCo parte una sperimentazione, che se fosse esistita prima forse si sarebbe chiamata \u201ccampagna di crowdfurnituring\u201d, ossia un crowdfunding di oggetti.\u00a0Insieme, questi oggetti creano una narrazione. Se vuoi essere tra i donatori e partecipare direttamente alla raccolta delle trame, puoi portarci un oggetto di casa tua il giorno 8 ottobre, quando gli oggetti si riveleranno al S\u00ec in una serata speciale in compagnia di Paolo Nori, che per l\u2019occasione legger\u00e0 il suo monologo <em>La Svizzera<\/em>.<\/p>\n<p><strong><span lang=\"it-IT\">Paolo Nori, <\/span><span lang=\"it-IT\"><i>La Svizzera<\/i><\/span><\/strong><span lang=\"it-IT\"><strong> (Il Saggiatore, Milano, 2013).<\/strong>\u00a0<\/span>&#8220;Non so perch\u00e9 i giapponesi mi odiano. Non gli ho fatto niente&#8221;. Un incipit memorabile apre il soliloquio che Paolo Nori, come un prodigioso ventriloquo, fa vibrare attraverso uno tra i personaggi pi\u00f9 stralunati di questi anni. Voce recitante per una coralit\u00e0 epica e stramba, che vive un&#8217;esistenza del tutto italiana, in costante pendolamento tra l&#8217;esilarante e il tragico, tra pettegolezzo ingenuo e cinismo kafkiano: l&#8217;adorata moglie Germana, il barbiere Giannasi che invita la gente al cinema in pigiama, l&#8217;ambiguo Ragni e la strage di Bologna, la Ileana e gli strani caff\u00e8 domestici, marziani, pensionati, appuntati, multicenter, condomini, intere nazioni. Una folla sterminata e circense di figuranti ed eventi, che via via svela colpi di scena sconcertanti.<\/p>\n<p>Paolo Nori, che \u00e8 nato a Parma nel 1963 e abita a Casalecchio di Reno, quando gli chiedono che mestiere fa lui dice che scrive dei libri.<\/p>\n<p>&nbsp;<\/p>\n<a href=\"http:\/\/ateliersi.it\/si\/imaco\/\" target=\"\" class=\"button small\" style=\"color: ffffff; background-color: c2b394; font-weight: 400; \">Scopri di pi\u00f9 sul progetto \u00ecMaCo<\/a>\n","protected":false},"excerpt":{"rendered":"<p>mercoled\u00ec 8 ottobre 2014 dalle 19.00, alle 21.00 Paolo Nori legge il suo monologo\u00a0La Svizzera ingresso gratuito Una serata speciale&#8230;<\/p>\n","protected":false},"author":1,"featured_media":905,"comment_status":"closed","ping_status":"closed","sticky":false,"template":"","format":"standard","meta":{"footnotes":""},"categories":[11],"tags":[],"class_list":["post-676","post","type-post","status-publish","format-standard","has-post-thumbnail","hentry","category-programma-201415"],"yoast_head":"<!-- This site is optimized with the Yoast SEO plugin v27.1.1 - https:\/\/yoast.com\/product\/yoast-seo-wordpress\/ -->\n<title>\u00ecMaCo \/ Baby Shower con lettura di Paolo Nori, 8.10.2014 - S\u00ec<\/title>\n<meta name=\"robots\" content=\"index, follow, max-snippet:-1, max-image-preview:large, max-video-preview:-1\" \/>\n<link rel=\"canonical\" href=\"https:\/\/ateliersi.it\/si\/imaco-baby-shower-con-paolo-nori-08-10-2014\/\" \/>\n<meta property=\"og:locale\" content=\"it_IT\" \/>\n<meta property=\"og:type\" content=\"article\" \/>\n<meta property=\"og:title\" content=\"\u00ecMaCo \/ Baby Shower con lettura di Paolo Nori, 8.10.2014 - S\u00ec\" \/>\n<meta property=\"og:description\" content=\"mercoled\u00ec 8 ottobre 2014 dalle 19.00, alle 21.00 Paolo Nori legge il suo monologo\u00a0La Svizzera ingresso gratuito Una serata speciale...\" \/>\n<meta property=\"og:url\" content=\"https:\/\/ateliersi.it\/si\/imaco-baby-shower-con-paolo-nori-08-10-2014\/\" \/>\n<meta property=\"og:site_name\" content=\"S\u00ec\" \/>\n<meta property=\"article:publisher\" content=\"https:\/\/www.facebook.com\/si.ateliersi\" \/>\n<meta property=\"article:published_time\" content=\"2014-09-13T22:00:58+00:00\" \/>\n<meta property=\"article:modified_time\" content=\"2015-09-24T18:02:19+00:00\" \/>\n<meta property=\"og:image\" content=\"https:\/\/ateliersi.it\/si\/wp-content\/uploads\/2014\/09\/imaco_th.jpg\" \/>\n\t<meta property=\"og:image:width\" content=\"222\" \/>\n\t<meta property=\"og:image:height\" content=\"222\" \/>\n\t<meta property=\"og:image:type\" content=\"image\/jpeg\" \/>\n<meta name=\"author\" content=\"D1gh3z_1975\" \/>\n<meta name=\"twitter:card\" content=\"summary_large_image\" \/>\n<meta name=\"twitter:creator\" content=\"@AtelierSi\" \/>\n<meta name=\"twitter:site\" content=\"@AtelierSi\" \/>\n<meta name=\"twitter:label1\" content=\"Scritto da\" \/>\n\t<meta name=\"twitter:data1\" content=\"D1gh3z_1975\" \/>\n\t<meta name=\"twitter:label2\" content=\"Tempo di lettura stimato\" \/>\n\t<meta name=\"twitter:data2\" content=\"2 minuti\" \/>\n<!-- \/ Yoast SEO plugin. -->","yoast_head_json":{"title":"\u00ecMaCo \/ Baby Shower con lettura di Paolo Nori, 8.10.2014 - S\u00ec","robots":{"index":"index","follow":"follow","max-snippet":"max-snippet:-1","max-image-preview":"max-image-preview:large","max-video-preview":"max-video-preview:-1"},"canonical":"https:\/\/ateliersi.it\/si\/imaco-baby-shower-con-paolo-nori-08-10-2014\/","og_locale":"it_IT","og_type":"article","og_title":"\u00ecMaCo \/ Baby Shower con lettura di Paolo Nori, 8.10.2014 - S\u00ec","og_description":"mercoled\u00ec 8 ottobre 2014 dalle 19.00, alle 21.00 Paolo Nori legge il suo monologo\u00a0La Svizzera ingresso gratuito Una serata speciale...","og_url":"https:\/\/ateliersi.it\/si\/imaco-baby-shower-con-paolo-nori-08-10-2014\/","og_site_name":"S\u00ec","article_publisher":"https:\/\/www.facebook.com\/si.ateliersi","article_published_time":"2014-09-13T22:00:58+00:00","article_modified_time":"2015-09-24T18:02:19+00:00","og_image":[{"width":222,"height":222,"url":"https:\/\/ateliersi.it\/si\/wp-content\/uploads\/2014\/09\/imaco_th.jpg","type":"image\/jpeg"}],"author":"D1gh3z_1975","twitter_card":"summary_large_image","twitter_creator":"@AtelierSi","twitter_site":"@AtelierSi","twitter_misc":{"Scritto da":"D1gh3z_1975","Tempo di lettura stimato":"2 minuti"},"schema":{"@context":"https:\/\/schema.org","@graph":[{"@type":"Article","@id":"https:\/\/ateliersi.it\/si\/imaco-baby-shower-con-paolo-nori-08-10-2014\/#article","isPartOf":{"@id":"https:\/\/ateliersi.it\/si\/imaco-baby-shower-con-paolo-nori-08-10-2014\/"},"author":{"name":"D1gh3z_1975","@id":"https:\/\/ateliersi.it\/si\/#\/schema\/person\/91e4317416e640b043a6d571b095e9fe"},"headline":"\u00ecMaCo \/ Baby Shower con lettura di Paolo Nori, 8.10.2014","datePublished":"2014-09-13T22:00:58+00:00","dateModified":"2015-09-24T18:02:19+00:00","mainEntityOfPage":{"@id":"https:\/\/ateliersi.it\/si\/imaco-baby-shower-con-paolo-nori-08-10-2014\/"},"wordCount":380,"publisher":{"@id":"https:\/\/ateliersi.it\/si\/#organization"},"image":{"@id":"https:\/\/ateliersi.it\/si\/imaco-baby-shower-con-paolo-nori-08-10-2014\/#primaryimage"},"thumbnailUrl":"https:\/\/ateliersi.it\/si\/wp-content\/uploads\/2014\/09\/imaco_th.jpg","articleSection":["Programma 2014\/15"],"inLanguage":"it-IT"},{"@type":"WebPage","@id":"https:\/\/ateliersi.it\/si\/imaco-baby-shower-con-paolo-nori-08-10-2014\/","url":"https:\/\/ateliersi.it\/si\/imaco-baby-shower-con-paolo-nori-08-10-2014\/","name":"\u00ecMaCo \/ Baby Shower con lettura di Paolo Nori, 8.10.2014 - S\u00ec","isPartOf":{"@id":"https:\/\/ateliersi.it\/si\/#website"},"primaryImageOfPage":{"@id":"https:\/\/ateliersi.it\/si\/imaco-baby-shower-con-paolo-nori-08-10-2014\/#primaryimage"},"image":{"@id":"https:\/\/ateliersi.it\/si\/imaco-baby-shower-con-paolo-nori-08-10-2014\/#primaryimage"},"thumbnailUrl":"https:\/\/ateliersi.it\/si\/wp-content\/uploads\/2014\/09\/imaco_th.jpg","datePublished":"2014-09-13T22:00:58+00:00","dateModified":"2015-09-24T18:02:19+00:00","breadcrumb":{"@id":"https:\/\/ateliersi.it\/si\/imaco-baby-shower-con-paolo-nori-08-10-2014\/#breadcrumb"},"inLanguage":"it-IT","potentialAction":[{"@type":"ReadAction","target":["https:\/\/ateliersi.it\/si\/imaco-baby-shower-con-paolo-nori-08-10-2014\/"]}]},{"@type":"ImageObject","inLanguage":"it-IT","@id":"https:\/\/ateliersi.it\/si\/imaco-baby-shower-con-paolo-nori-08-10-2014\/#primaryimage","url":"https:\/\/ateliersi.it\/si\/wp-content\/uploads\/2014\/09\/imaco_th.jpg","contentUrl":"https:\/\/ateliersi.it\/si\/wp-content\/uploads\/2014\/09\/imaco_th.jpg","width":222,"height":222},{"@type":"BreadcrumbList","@id":"https:\/\/ateliersi.it\/si\/imaco-baby-shower-con-paolo-nori-08-10-2014\/#breadcrumb","itemListElement":[{"@type":"ListItem","position":1,"name":"Home","item":"https:\/\/ateliersi.it\/si\/"},{"@type":"ListItem","position":2,"name":"\u00ecMaCo \/ Baby Shower con lettura di Paolo Nori, 8.10.2014"}]},{"@type":"WebSite","@id":"https:\/\/ateliersi.it\/si\/#website","url":"https:\/\/ateliersi.it\/si\/","name":"S\u00ec","description":"","publisher":{"@id":"https:\/\/ateliersi.it\/si\/#organization"},"potentialAction":[{"@type":"SearchAction","target":{"@type":"EntryPoint","urlTemplate":"https:\/\/ateliersi.it\/si\/?s={search_term_string}"},"query-input":{"@type":"PropertyValueSpecification","valueRequired":true,"valueName":"search_term_string"}}],"inLanguage":"it-IT"},{"@type":"Organization","@id":"https:\/\/ateliersi.it\/si\/#organization","name":"S\u00ec \u2013 Ateliersi","url":"https:\/\/ateliersi.it\/si\/","logo":{"@type":"ImageObject","inLanguage":"it-IT","@id":"https:\/\/ateliersi.it\/si\/#\/schema\/logo\/image\/","url":"https:\/\/ateliersi.it\/si\/wp-content\/uploads\/2015\/09\/cropped-si_head_1516.png","contentUrl":"https:\/\/ateliersi.it\/si\/wp-content\/uploads\/2015\/09\/cropped-si_head_1516.png","width":512,"height":512,"caption":"S\u00ec \u2013 Ateliersi"},"image":{"@id":"https:\/\/ateliersi.it\/si\/#\/schema\/logo\/image\/"},"sameAs":["https:\/\/www.facebook.com\/si.ateliersi","https:\/\/x.com\/AtelierSi","https:\/\/www.instagram.com\/si.ateliersi\/"]},{"@type":"Person","@id":"https:\/\/ateliersi.it\/si\/#\/schema\/person\/91e4317416e640b043a6d571b095e9fe","name":"D1gh3z_1975","image":{"@type":"ImageObject","inLanguage":"it-IT","@id":"https:\/\/ateliersi.it\/si\/#\/schema\/person\/image\/","url":"https:\/\/secure.gravatar.com\/avatar\/ededc0273e000444c333a60add515e7ec6b9e86fbfd367a63476a4a85ecb727d?s=96&d=monsterid&r=g","contentUrl":"https:\/\/secure.gravatar.com\/avatar\/ededc0273e000444c333a60add515e7ec6b9e86fbfd367a63476a4a85ecb727d?s=96&d=monsterid&r=g","caption":"D1gh3z_1975"}}]}},"rttpg_featured_image_url":{"full":["https:\/\/ateliersi.it\/si\/wp-content\/uploads\/2014\/09\/imaco_th.jpg",222,222,false],"landscape":["https:\/\/ateliersi.it\/si\/wp-content\/uploads\/2014\/09\/imaco_th.jpg",222,222,false],"portraits":["https:\/\/ateliersi.it\/si\/wp-content\/uploads\/2014\/09\/imaco_th.jpg",222,222,false],"thumbnail":["https:\/\/ateliersi.it\/si\/wp-content\/uploads\/2014\/09\/imaco_th-150x150.jpg",150,150,true],"medium":["https:\/\/ateliersi.it\/si\/wp-content\/uploads\/2014\/09\/imaco_th.jpg",222,222,false],"large":["https:\/\/ateliersi.it\/si\/wp-content\/uploads\/2014\/09\/imaco_th.jpg",222,222,false],"1536x1536":["https:\/\/ateliersi.it\/si\/wp-content\/uploads\/2014\/09\/imaco_th.jpg",222,222,false],"2048x2048":["https:\/\/ateliersi.it\/si\/wp-content\/uploads\/2014\/09\/imaco_th.jpg",222,222,false],"blog-type-1-small":["https:\/\/ateliersi.it\/si\/wp-content\/uploads\/2014\/09\/imaco_th-220x220.jpg",220,220,true],"blog-type-1-medium":["https:\/\/ateliersi.it\/si\/wp-content\/uploads\/2014\/09\/imaco_th.jpg",222,222,false],"blog-type-1-big":["https:\/\/ateliersi.it\/si\/wp-content\/uploads\/2014\/09\/imaco_th.jpg",222,222,false],"blog-type-3-small":["https:\/\/ateliersi.it\/si\/wp-content\/uploads\/2014\/09\/imaco_th-196x111.jpg",196,111,true],"blog-type-3-medium":["https:\/\/ateliersi.it\/si\/wp-content\/uploads\/2014\/09\/imaco_th-218x124.jpg",218,124,true],"blog-type-3-big":["https:\/\/ateliersi.it\/si\/wp-content\/uploads\/2014\/09\/imaco_th-222x170.jpg",222,170,true],"blog-type-4-small":["https:\/\/ateliersi.it\/si\/wp-content\/uploads\/2014\/09\/imaco_th-222x172.jpg",222,172,true],"blog-type-4-medium":["https:\/\/ateliersi.it\/si\/wp-content\/uploads\/2014\/09\/imaco_th-222x191.jpg",222,191,true],"blog-type-5-big":["https:\/\/ateliersi.it\/si\/wp-content\/uploads\/2014\/09\/imaco_th.jpg",222,222,false]},"rttpg_author":{"display_name":"D1gh3z_1975","author_link":"https:\/\/ateliersi.it\/si\/author\/d1gh3z_1975\/"},"rttpg_comment":0,"rttpg_category":"<a href=\"https:\/\/ateliersi.it\/si\/category\/programma-201415\/\" rel=\"category tag\">Programma 2014\/15<\/a>","rttpg_excerpt":"mercoled\u00ec 8 ottobre 2014 dalle 19.00, alle 21.00 Paolo Nori legge il suo monologo\u00a0La Svizzera ingresso gratuito Una serata speciale...","_links":{"self":[{"href":"https:\/\/ateliersi.it\/si\/wp-json\/wp\/v2\/posts\/676","targetHints":{"allow":["GET"]}}],"collection":[{"href":"https:\/\/ateliersi.it\/si\/wp-json\/wp\/v2\/posts"}],"about":[{"href":"https:\/\/ateliersi.it\/si\/wp-json\/wp\/v2\/types\/post"}],"author":[{"embeddable":true,"href":"https:\/\/ateliersi.it\/si\/wp-json\/wp\/v2\/users\/1"}],"replies":[{"embeddable":true,"href":"https:\/\/ateliersi.it\/si\/wp-json\/wp\/v2\/comments?post=676"}],"version-history":[{"count":0,"href":"https:\/\/ateliersi.it\/si\/wp-json\/wp\/v2\/posts\/676\/revisions"}],"wp:featuredmedia":[{"embeddable":true,"href":"https:\/\/ateliersi.it\/si\/wp-json\/wp\/v2\/media\/905"}],"wp:attachment":[{"href":"https:\/\/ateliersi.it\/si\/wp-json\/wp\/v2\/media?parent=676"}],"wp:term":[{"taxonomy":"category","embeddable":true,"href":"https:\/\/ateliersi.it\/si\/wp-json\/wp\/v2\/categories?post=676"},{"taxonomy":"post_tag","embeddable":true,"href":"https:\/\/ateliersi.it\/si\/wp-json\/wp\/v2\/tags?post=676"}],"curies":[{"name":"wp","href":"https:\/\/api.w.org\/{rel}","templated":true}]}}