{"id":5932,"date":"2019-01-02T16:02:02","date_gmt":"2019-01-02T15:02:02","guid":{"rendered":"http:\/\/ateliersi.it\/si\/?p=5932"},"modified":"2019-09-25T09:38:37","modified_gmt":"2019-09-25T07:38:37","slug":"premio-per-il-contemporaneo-renner-italia-azzurro-30-1-3-2-2019-h-10-00-19-00","status":"publish","type":"post","link":"https:\/\/ateliersi.it\/si\/premio-per-il-contemporaneo-renner-italia-azzurro-30-1-3-2-2019-h-10-00-19-00\/","title":{"rendered":"PREMIO PER IL CONTEMPORANEO RENNER ITALIA \/ AZZURRO \/ 30.1 &#8211; 3.2.2019, h. 10.00 &#8211; 19.00"},"content":{"rendered":"<p><a href=\"http:\/\/ateliersi.it\/si\/wp-content\/uploads\/2019\/01\/PREMIO_R__Si_2.jpg\"><img loading=\"lazy\" decoding=\"async\" class=\"alignleft size-full wp-image-5934\" src=\"http:\/\/ateliersi.it\/si\/wp-content\/uploads\/2019\/01\/PREMIO_R__Si_2.jpg\" alt=\"\" width=\"940\" height=\"665\" srcset=\"https:\/\/ateliersi.it\/si\/wp-content\/uploads\/2019\/01\/PREMIO_R__Si_2.jpg 940w, https:\/\/ateliersi.it\/si\/wp-content\/uploads\/2019\/01\/PREMIO_R__Si_2-300x212.jpg 300w, https:\/\/ateliersi.it\/si\/wp-content\/uploads\/2019\/01\/PREMIO_R__Si_2-768x543.jpg 768w\" sizes=\"auto, (max-width: 940px) 100vw, 940px\" \/><\/a>da mercoled\u00ec 30 gennaio a domenica 3 febbraio, h.10.00 &#8211; 19.00<br \/>\n<strong>Premio per il Contemporaneo Renner Italia<\/strong><br \/>\n<strong>AZZURRO<\/strong><br \/>\nmostra a cura di <strong>CHEAP street poster art<\/strong><\/p>\n<p><a href=\"https:\/\/www.facebook.com\/events\/1540829866061060\/?active_tab=about\">&gt; evento fb<\/a><\/p>\n<p>Renner Italia colora il legno. Il Premio per il Contemporaneo \u00e8 alla prima edizione e sostiene le giovani e i giovani illustratori che operano in Italia. Nel solco del proprio impegno sociale, Renner Italia contribuisce cos\u00ec al sostegno della cultura contemporanea. Il colore \u00e8 narrazione. Scompone e ricompone la realt\u00e0. Cattura e libera fantasia. Il colore definisce, indica, informa. Il colore inganna, stupisce, affascina. \u00c8 oggettivo e percepito. Causa ed effetto. Emozione e scienza.<br \/>\nL&#8217;azzurro. Il colore del mito che transita dall&#8217;Oriente al Rinascimento. Maest\u00e0 e santit\u00e0. Cielo e mare. Azzurro \u00e8 il tema del 2018 del Premio per il Contemporaneo dedicato alle giovani illustratrici e ai giovani illustratori. Il Premio per il Contemporaneo \u00e8 progettato e ideato per Renner da CHEAP street poster art.<\/p>\n<p>Azzurro \u00e8 il tema del Premio per il Contemporaneo dedicato agli illustratori under 40 da <strong>Renner Italia<\/strong> &#8211; azienda di produzione vernici hi-tech per il legno a Minerbio (Bologna). La mostra racchiude una selezione delle migliori illustrazioni operata dalla giuria composta da Vanna Vinci, fumettista; Lina Vergara Huilcam\u00e1n, editrice di #logosedizioni; Lorenzo Balbi, direttore artistico del MAMbo, Museo d\u2019Arte Moderna di Bologna; Simone Sbarbati, direttore di Frizzifrizzi; Sara Manfredi, fondatrice di CHEAP Street poster art; Lindo Aldrovandi, direttore generale di Renner Italia. L\u2019allestimento della mostra \u00e8 curato da Rizoma Architetture. L\u2019esposizione \u00e8 all\u2019interno del cartellone ufficiale di Art City Bologna 2019.<\/p>\n<p>www.renneritalia.com<\/p>\n","protected":false},"excerpt":{"rendered":"<p>da mercoled\u00ec 30 gennaio a domenica 3 febbraio, h.10.00 &#8211; 19.00 Premio per il Contemporaneo Renner Italia AZZURRO mostra a&#8230;<\/p>\n","protected":false},"author":1,"featured_media":5934,"comment_status":"closed","ping_status":"closed","sticky":false,"template":"","format":"standard","meta":{"footnotes":""},"categories":[46],"tags":[],"class_list":["post-5932","post","type-post","status-publish","format-standard","has-post-thumbnail","hentry","category-programma-2018-19"],"yoast_head":"<!-- This site is optimized with the Yoast SEO plugin v27.1.1 - https:\/\/yoast.com\/product\/yoast-seo-wordpress\/ -->\n<title>PREMIO PER IL CONTEMPORANEO RENNER ITALIA \/ AZZURRO \/ 30.1 - 3.2.2019, h. 10.00 - 19.00 - S\u00ec<\/title>\n<meta name=\"robots\" content=\"index, follow, max-snippet:-1, max-image-preview:large, max-video-preview:-1\" \/>\n<link rel=\"canonical\" href=\"https:\/\/ateliersi.it\/si\/premio-per-il-contemporaneo-renner-italia-azzurro-30-1-3-2-2019-h-10-00-19-00\/\" \/>\n<meta property=\"og:locale\" content=\"it_IT\" \/>\n<meta property=\"og:type\" content=\"article\" \/>\n<meta property=\"og:title\" content=\"PREMIO PER IL CONTEMPORANEO RENNER ITALIA \/ AZZURRO \/ 30.1 - 3.2.2019, h. 10.00 - 19.00 - S\u00ec\" \/>\n<meta property=\"og:description\" content=\"da mercoled\u00ec 30 gennaio a domenica 3 febbraio, h.10.00 &#8211; 19.00 Premio per il Contemporaneo Renner Italia AZZURRO mostra a...\" \/>\n<meta property=\"og:url\" content=\"https:\/\/ateliersi.it\/si\/premio-per-il-contemporaneo-renner-italia-azzurro-30-1-3-2-2019-h-10-00-19-00\/\" \/>\n<meta property=\"og:site_name\" content=\"S\u00ec\" \/>\n<meta property=\"article:publisher\" content=\"https:\/\/www.facebook.com\/si.ateliersi\" \/>\n<meta property=\"article:published_time\" content=\"2019-01-02T15:02:02+00:00\" \/>\n<meta property=\"article:modified_time\" content=\"2019-09-25T07:38:37+00:00\" \/>\n<meta property=\"og:image\" content=\"https:\/\/ateliersi.it\/si\/wp-content\/uploads\/2019\/01\/PREMIO_R__Si_2.jpg\" \/>\n\t<meta property=\"og:image:width\" content=\"940\" \/>\n\t<meta property=\"og:image:height\" content=\"665\" \/>\n\t<meta property=\"og:image:type\" content=\"image\/jpeg\" \/>\n<meta name=\"author\" content=\"D1gh3z_1975\" \/>\n<meta name=\"twitter:card\" content=\"summary_large_image\" \/>\n<meta name=\"twitter:creator\" content=\"@AtelierSi\" \/>\n<meta name=\"twitter:site\" content=\"@AtelierSi\" \/>\n<meta name=\"twitter:label1\" content=\"Scritto da\" \/>\n\t<meta name=\"twitter:data1\" content=\"D1gh3z_1975\" \/>\n\t<meta name=\"twitter:label2\" content=\"Tempo di lettura stimato\" \/>\n\t<meta name=\"twitter:data2\" content=\"1 minuto\" \/>\n<!-- \/ Yoast SEO plugin. -->","yoast_head_json":{"title":"PREMIO PER IL CONTEMPORANEO RENNER ITALIA \/ AZZURRO \/ 30.1 - 3.2.2019, h. 10.00 - 19.00 - S\u00ec","robots":{"index":"index","follow":"follow","max-snippet":"max-snippet:-1","max-image-preview":"max-image-preview:large","max-video-preview":"max-video-preview:-1"},"canonical":"https:\/\/ateliersi.it\/si\/premio-per-il-contemporaneo-renner-italia-azzurro-30-1-3-2-2019-h-10-00-19-00\/","og_locale":"it_IT","og_type":"article","og_title":"PREMIO PER IL CONTEMPORANEO RENNER ITALIA \/ AZZURRO \/ 30.1 - 3.2.2019, h. 10.00 - 19.00 - S\u00ec","og_description":"da mercoled\u00ec 30 gennaio a domenica 3 febbraio, h.10.00 &#8211; 19.00 Premio per il Contemporaneo Renner Italia AZZURRO mostra a...","og_url":"https:\/\/ateliersi.it\/si\/premio-per-il-contemporaneo-renner-italia-azzurro-30-1-3-2-2019-h-10-00-19-00\/","og_site_name":"S\u00ec","article_publisher":"https:\/\/www.facebook.com\/si.ateliersi","article_published_time":"2019-01-02T15:02:02+00:00","article_modified_time":"2019-09-25T07:38:37+00:00","og_image":[{"width":940,"height":665,"url":"https:\/\/ateliersi.it\/si\/wp-content\/uploads\/2019\/01\/PREMIO_R__Si_2.jpg","type":"image\/jpeg"}],"author":"D1gh3z_1975","twitter_card":"summary_large_image","twitter_creator":"@AtelierSi","twitter_site":"@AtelierSi","twitter_misc":{"Scritto da":"D1gh3z_1975","Tempo di lettura stimato":"1 minuto"},"schema":{"@context":"https:\/\/schema.org","@graph":[{"@type":"Article","@id":"https:\/\/ateliersi.it\/si\/premio-per-il-contemporaneo-renner-italia-azzurro-30-1-3-2-2019-h-10-00-19-00\/#article","isPartOf":{"@id":"https:\/\/ateliersi.it\/si\/premio-per-il-contemporaneo-renner-italia-azzurro-30-1-3-2-2019-h-10-00-19-00\/"},"author":{"name":"D1gh3z_1975","@id":"https:\/\/ateliersi.it\/si\/#\/schema\/person\/91e4317416e640b043a6d571b095e9fe"},"headline":"PREMIO PER IL CONTEMPORANEO RENNER ITALIA \/ AZZURRO \/ 30.1 &#8211; 3.2.2019, h. 10.00 &#8211; 19.00","datePublished":"2019-01-02T15:02:02+00:00","dateModified":"2019-09-25T07:38:37+00:00","mainEntityOfPage":{"@id":"https:\/\/ateliersi.it\/si\/premio-per-il-contemporaneo-renner-italia-azzurro-30-1-3-2-2019-h-10-00-19-00\/"},"wordCount":261,"publisher":{"@id":"https:\/\/ateliersi.it\/si\/#organization"},"image":{"@id":"https:\/\/ateliersi.it\/si\/premio-per-il-contemporaneo-renner-italia-azzurro-30-1-3-2-2019-h-10-00-19-00\/#primaryimage"},"thumbnailUrl":"https:\/\/ateliersi.it\/si\/wp-content\/uploads\/2019\/01\/PREMIO_R__Si_2.jpg","articleSection":["Programma 2018\/19"],"inLanguage":"it-IT"},{"@type":"WebPage","@id":"https:\/\/ateliersi.it\/si\/premio-per-il-contemporaneo-renner-italia-azzurro-30-1-3-2-2019-h-10-00-19-00\/","url":"https:\/\/ateliersi.it\/si\/premio-per-il-contemporaneo-renner-italia-azzurro-30-1-3-2-2019-h-10-00-19-00\/","name":"PREMIO PER IL CONTEMPORANEO RENNER ITALIA \/ AZZURRO \/ 30.1 - 3.2.2019, h. 10.00 - 19.00 - S\u00ec","isPartOf":{"@id":"https:\/\/ateliersi.it\/si\/#website"},"primaryImageOfPage":{"@id":"https:\/\/ateliersi.it\/si\/premio-per-il-contemporaneo-renner-italia-azzurro-30-1-3-2-2019-h-10-00-19-00\/#primaryimage"},"image":{"@id":"https:\/\/ateliersi.it\/si\/premio-per-il-contemporaneo-renner-italia-azzurro-30-1-3-2-2019-h-10-00-19-00\/#primaryimage"},"thumbnailUrl":"https:\/\/ateliersi.it\/si\/wp-content\/uploads\/2019\/01\/PREMIO_R__Si_2.jpg","datePublished":"2019-01-02T15:02:02+00:00","dateModified":"2019-09-25T07:38:37+00:00","breadcrumb":{"@id":"https:\/\/ateliersi.it\/si\/premio-per-il-contemporaneo-renner-italia-azzurro-30-1-3-2-2019-h-10-00-19-00\/#breadcrumb"},"inLanguage":"it-IT","potentialAction":[{"@type":"ReadAction","target":["https:\/\/ateliersi.it\/si\/premio-per-il-contemporaneo-renner-italia-azzurro-30-1-3-2-2019-h-10-00-19-00\/"]}]},{"@type":"ImageObject","inLanguage":"it-IT","@id":"https:\/\/ateliersi.it\/si\/premio-per-il-contemporaneo-renner-italia-azzurro-30-1-3-2-2019-h-10-00-19-00\/#primaryimage","url":"https:\/\/ateliersi.it\/si\/wp-content\/uploads\/2019\/01\/PREMIO_R__Si_2.jpg","contentUrl":"https:\/\/ateliersi.it\/si\/wp-content\/uploads\/2019\/01\/PREMIO_R__Si_2.jpg","width":940,"height":665},{"@type":"BreadcrumbList","@id":"https:\/\/ateliersi.it\/si\/premio-per-il-contemporaneo-renner-italia-azzurro-30-1-3-2-2019-h-10-00-19-00\/#breadcrumb","itemListElement":[{"@type":"ListItem","position":1,"name":"Home","item":"https:\/\/ateliersi.it\/si\/"},{"@type":"ListItem","position":2,"name":"PREMIO PER IL CONTEMPORANEO RENNER ITALIA \/ AZZURRO \/ 30.1 &#8211; 3.2.2019, h. 10.00 &#8211; 19.00"}]},{"@type":"WebSite","@id":"https:\/\/ateliersi.it\/si\/#website","url":"https:\/\/ateliersi.it\/si\/","name":"S\u00ec","description":"","publisher":{"@id":"https:\/\/ateliersi.it\/si\/#organization"},"potentialAction":[{"@type":"SearchAction","target":{"@type":"EntryPoint","urlTemplate":"https:\/\/ateliersi.it\/si\/?s={search_term_string}"},"query-input":{"@type":"PropertyValueSpecification","valueRequired":true,"valueName":"search_term_string"}}],"inLanguage":"it-IT"},{"@type":"Organization","@id":"https:\/\/ateliersi.it\/si\/#organization","name":"S\u00ec \u2013 Ateliersi","url":"https:\/\/ateliersi.it\/si\/","logo":{"@type":"ImageObject","inLanguage":"it-IT","@id":"https:\/\/ateliersi.it\/si\/#\/schema\/logo\/image\/","url":"https:\/\/ateliersi.it\/si\/wp-content\/uploads\/2015\/09\/cropped-si_head_1516.png","contentUrl":"https:\/\/ateliersi.it\/si\/wp-content\/uploads\/2015\/09\/cropped-si_head_1516.png","width":512,"height":512,"caption":"S\u00ec \u2013 Ateliersi"},"image":{"@id":"https:\/\/ateliersi.it\/si\/#\/schema\/logo\/image\/"},"sameAs":["https:\/\/www.facebook.com\/si.ateliersi","https:\/\/x.com\/AtelierSi","https:\/\/www.instagram.com\/si.ateliersi\/"]},{"@type":"Person","@id":"https:\/\/ateliersi.it\/si\/#\/schema\/person\/91e4317416e640b043a6d571b095e9fe","name":"D1gh3z_1975","image":{"@type":"ImageObject","inLanguage":"it-IT","@id":"https:\/\/ateliersi.it\/si\/#\/schema\/person\/image\/","url":"https:\/\/secure.gravatar.com\/avatar\/ededc0273e000444c333a60add515e7ec6b9e86fbfd367a63476a4a85ecb727d?s=96&d=monsterid&r=g","contentUrl":"https:\/\/secure.gravatar.com\/avatar\/ededc0273e000444c333a60add515e7ec6b9e86fbfd367a63476a4a85ecb727d?s=96&d=monsterid&r=g","caption":"D1gh3z_1975"}}]}},"rttpg_featured_image_url":{"full":["https:\/\/ateliersi.it\/si\/wp-content\/uploads\/2019\/01\/PREMIO_R__Si_2.jpg",940,665,false],"landscape":["https:\/\/ateliersi.it\/si\/wp-content\/uploads\/2019\/01\/PREMIO_R__Si_2.jpg",940,665,false],"portraits":["https:\/\/ateliersi.it\/si\/wp-content\/uploads\/2019\/01\/PREMIO_R__Si_2.jpg",940,665,false],"thumbnail":["https:\/\/ateliersi.it\/si\/wp-content\/uploads\/2019\/01\/PREMIO_R__Si_2-150x150.jpg",150,150,true],"medium":["https:\/\/ateliersi.it\/si\/wp-content\/uploads\/2019\/01\/PREMIO_R__Si_2-300x212.jpg",300,212,true],"large":["https:\/\/ateliersi.it\/si\/wp-content\/uploads\/2019\/01\/PREMIO_R__Si_2.jpg",940,665,false],"1536x1536":["https:\/\/ateliersi.it\/si\/wp-content\/uploads\/2019\/01\/PREMIO_R__Si_2.jpg",940,665,false],"2048x2048":["https:\/\/ateliersi.it\/si\/wp-content\/uploads\/2019\/01\/PREMIO_R__Si_2.jpg",940,665,false],"blog-type-1-small":["https:\/\/ateliersi.it\/si\/wp-content\/uploads\/2019\/01\/PREMIO_R__Si_2-220x220.jpg",220,220,true],"blog-type-1-medium":["https:\/\/ateliersi.it\/si\/wp-content\/uploads\/2019\/01\/PREMIO_R__Si_2-250x250.jpg",250,250,true],"blog-type-1-big":["https:\/\/ateliersi.it\/si\/wp-content\/uploads\/2019\/01\/PREMIO_R__Si_2-338x338.jpg",338,338,true],"blog-type-3-small":["https:\/\/ateliersi.it\/si\/wp-content\/uploads\/2019\/01\/PREMIO_R__Si_2-196x111.jpg",196,111,true],"blog-type-3-medium":["https:\/\/ateliersi.it\/si\/wp-content\/uploads\/2019\/01\/PREMIO_R__Si_2-218x124.jpg",218,124,true],"blog-type-3-big":["https:\/\/ateliersi.it\/si\/wp-content\/uploads\/2019\/01\/PREMIO_R__Si_2-300x170.jpg",300,170,true],"blog-type-4-small":["https:\/\/ateliersi.it\/si\/wp-content\/uploads\/2019\/01\/PREMIO_R__Si_2-304x172.jpg",304,172,true],"blog-type-4-medium":["https:\/\/ateliersi.it\/si\/wp-content\/uploads\/2019\/01\/PREMIO_R__Si_2-338x191.jpg",338,191,true],"blog-type-5-big":["https:\/\/ateliersi.it\/si\/wp-content\/uploads\/2019\/01\/PREMIO_R__Si_2-460x260.jpg",460,260,true]},"rttpg_author":{"display_name":"D1gh3z_1975","author_link":"https:\/\/ateliersi.it\/si\/author\/d1gh3z_1975\/"},"rttpg_comment":0,"rttpg_category":"<a href=\"https:\/\/ateliersi.it\/si\/category\/programma-2018-19\/\" rel=\"category tag\">Programma 2018\/19<\/a>","rttpg_excerpt":"da mercoled\u00ec 30 gennaio a domenica 3 febbraio, h.10.00 &#8211; 19.00 Premio per il Contemporaneo Renner Italia AZZURRO mostra a...","_links":{"self":[{"href":"https:\/\/ateliersi.it\/si\/wp-json\/wp\/v2\/posts\/5932","targetHints":{"allow":["GET"]}}],"collection":[{"href":"https:\/\/ateliersi.it\/si\/wp-json\/wp\/v2\/posts"}],"about":[{"href":"https:\/\/ateliersi.it\/si\/wp-json\/wp\/v2\/types\/post"}],"author":[{"embeddable":true,"href":"https:\/\/ateliersi.it\/si\/wp-json\/wp\/v2\/users\/1"}],"replies":[{"embeddable":true,"href":"https:\/\/ateliersi.it\/si\/wp-json\/wp\/v2\/comments?post=5932"}],"version-history":[{"count":0,"href":"https:\/\/ateliersi.it\/si\/wp-json\/wp\/v2\/posts\/5932\/revisions"}],"wp:featuredmedia":[{"embeddable":true,"href":"https:\/\/ateliersi.it\/si\/wp-json\/wp\/v2\/media\/5934"}],"wp:attachment":[{"href":"https:\/\/ateliersi.it\/si\/wp-json\/wp\/v2\/media?parent=5932"}],"wp:term":[{"taxonomy":"category","embeddable":true,"href":"https:\/\/ateliersi.it\/si\/wp-json\/wp\/v2\/categories?post=5932"},{"taxonomy":"post_tag","embeddable":true,"href":"https:\/\/ateliersi.it\/si\/wp-json\/wp\/v2\/tags?post=5932"}],"curies":[{"name":"wp","href":"https:\/\/api.w.org\/{rel}","templated":true}]}}