{"id":3614,"date":"2016-12-07T17:40:57","date_gmt":"2016-12-07T16:40:57","guid":{"rendered":"http:\/\/ateliersi.it\/si\/?p=3614"},"modified":"2017-06-30T12:56:51","modified_gmt":"2017-06-30T10:56:51","slug":"francesca-proia-scuola-elementare-di-yoga-workshop-1-02-10-05-2017","status":"publish","type":"post","link":"https:\/\/ateliersi.it\/si\/francesca-proia-scuola-elementare-di-yoga-workshop-1-02-10-05-2017\/","title":{"rendered":"Francesca Proia \/ Scuola elementare di yoga (workshop), 1.02-10.05.2017"},"content":{"rendered":"<div class=\"page\" title=\"Page 7\">\n<div class=\"layoutArea\">\n<div class=\"column\">\n<p><img loading=\"lazy\" decoding=\"async\" class=\"alignleft size-full wp-image-3615\" src=\"http:\/\/ateliersi.it\/si\/wp-content\/uploads\/2016\/12\/naiade-copy.jpg\" alt=\"naiade-copy\" width=\"615\" height=\"325\" srcset=\"https:\/\/ateliersi.it\/si\/wp-content\/uploads\/2016\/12\/naiade-copy.jpg 615w, https:\/\/ateliersi.it\/si\/wp-content\/uploads\/2016\/12\/naiade-copy-300x159.jpg 300w\" sizes=\"auto, (max-width: 615px) 100vw, 615px\" \/><strong>mercoled\u00ec 1 e 15 febbraio; 1,15 e 29 marzo; 12 e 26 aprile; 10 maggio, h. 10.30-13.30<\/strong><br \/>\n<strong>FRANCESCA PROIA<\/strong><br \/>\n<strong>SCUOLA ELEMENTARE DI YOGA<\/strong><br \/>\ncosto singola lezione: 18\u20ac (intero) \/ 15\u20ac (ridotto studenti)<br \/>\ncosto ciclo 4 lezioni: 62\u20ac (intero) \/ 50\u20ac (ridotto studenti)<br \/>\ncosto ciclo 8 lezioni: 126\u20ac (intero) \/ 105\u20ac (ridotto studenti)<br \/>\ninfo e iscrizioni: workshop@ateliersi.it, 338 3124198 (da luned\u00ec a sabato h 15.00-19.00)<\/p>\n<blockquote style=width:95%;>\n<p><strong>venerd\u00ec 20 gennaio, h. 18.00<br \/>\n<\/strong><strong>PRESENTAZIONE DI M\u00ccNERA, SCUOLA SUPERIORE DI YOGA ON LINE<br \/>\n<\/strong>in dialogo con l&#8217;autrice e con Diego Segatto (art e webdesign): Tihana Maravi\u0107<\/p>\n<\/blockquote>\n<p>\u201cHo definito questa scuola elementare perch\u00e9 si occupa di creare un possibile fondamento per cominciare una pratica di yoga. Questo fondamento \u00e8 l\u2019<em>hatha<\/em> yoga, perch\u00e9 prepara, attraverso le sue tecniche, alla realizzazione dello yoga, che consiste nell\u2019acquisire la capacit\u00e0 di fluuttuare, con la mente, in assenza di supporto, intendendo per supporto tutto ci\u00f2 che si conosce, a livello di sensazioni corporee, pensieri, emozioni\u201d (F.P).<\/p>\n<p>Ogni incontro ha una durata di tre ore. Questo permette di disporre di un tempo non contratto, in cui \u00e8 pi\u00f9 facile percepire le polarit\u00e0 rivitalizzanti alla base dello yoga. Procedendo per tappe s\u2019inizier\u00e0 rimuovendo, con tecniche pi\u00f9 grossolane, le impurit\u00e0 dense del corpo e poi progressivamente affrontando tecniche pi\u00f9 sottili, istantanee, potenti, in grado di risvegliare un\u2019attenzione percettiva fine.<\/p>\n<p><strong>Francesca Proia<\/strong> (1975) \u00e8 coreografa, autrice, insegnante di yoga. A partire dal 1992 intra- prende un percorso di studio dello yoga che diviene una forma di ricerca poetica appoggiata sulle tecniche sottili. Ha presentato il suo lavoro in alcuni tra i pi\u00f9 importanti spazi di teatro e danza nazionali e internazionali. Danzatrice e assistente coreografa per il regista Romeo Castellucci per il progetto Tragedia Endogonidia (2003-2007). Tra le pubblicazioni si ricorda Declinazioni yoga dell\u2019immagine corporea (Titivillus, 2011).<\/p>\n<\/div>\n<\/div>\n<\/div>\n","protected":false},"excerpt":{"rendered":"<p>mercoled\u00ec 1 e 15 febbraio; 1,15 e 29 marzo; 12 e 26 aprile; 10 maggio, h. 10.30-13.30 FRANCESCA PROIA SCUOLA&#8230;<\/p>\n","protected":false},"author":1,"featured_media":3615,"comment_status":"closed","ping_status":"closed","sticky":false,"template":"","format":"standard","meta":{"footnotes":""},"categories":[33],"tags":[],"class_list":["post-3614","post","type-post","status-publish","format-standard","has-post-thumbnail","hentry","category-programma-201617"],"yoast_head":"<!-- This site is optimized with the Yoast SEO plugin v27.1.1 - https:\/\/yoast.com\/product\/yoast-seo-wordpress\/ -->\n<title>Francesca Proia \/ Scuola elementare di yoga (workshop), 1.02-10.05.2017 - S\u00ec<\/title>\n<meta name=\"robots\" content=\"index, follow, max-snippet:-1, max-image-preview:large, max-video-preview:-1\" \/>\n<link rel=\"canonical\" href=\"https:\/\/ateliersi.it\/si\/en\/francesca-proia-scuola-elementare-di-yoga-workshop-1-02-10-05-2017\/\" \/>\n<meta property=\"og:locale\" content=\"it_IT\" \/>\n<meta property=\"og:type\" content=\"article\" \/>\n<meta property=\"og:title\" content=\"Francesca Proia \/ Scuola elementare di yoga (workshop), 1.02-10.05.2017 - S\u00ec\" \/>\n<meta property=\"og:description\" content=\"mercoled\u00ec 1 e 15 febbraio; 1,15 e 29 marzo; 12 e 26 aprile; 10 maggio, h. 10.30-13.30 FRANCESCA PROIA SCUOLA...\" \/>\n<meta property=\"og:url\" content=\"https:\/\/ateliersi.it\/si\/en\/francesca-proia-scuola-elementare-di-yoga-workshop-1-02-10-05-2017\/\" \/>\n<meta property=\"og:site_name\" content=\"S\u00ec\" \/>\n<meta property=\"article:publisher\" content=\"https:\/\/www.facebook.com\/si.ateliersi\" \/>\n<meta property=\"article:published_time\" content=\"2016-12-07T16:40:57+00:00\" \/>\n<meta property=\"article:modified_time\" content=\"2017-06-30T10:56:51+00:00\" \/>\n<meta property=\"og:image\" content=\"https:\/\/ateliersi.it\/si\/wp-content\/uploads\/2016\/12\/naiade-copy.jpg\" \/>\n\t<meta property=\"og:image:width\" content=\"615\" \/>\n\t<meta property=\"og:image:height\" content=\"325\" \/>\n\t<meta property=\"og:image:type\" content=\"image\/jpeg\" \/>\n<meta name=\"author\" content=\"D1gh3z_1975\" \/>\n<meta name=\"twitter:card\" content=\"summary_large_image\" \/>\n<meta name=\"twitter:creator\" content=\"@AtelierSi\" \/>\n<meta name=\"twitter:site\" content=\"@AtelierSi\" \/>\n<meta name=\"twitter:label1\" content=\"Scritto da\" \/>\n\t<meta name=\"twitter:data1\" content=\"D1gh3z_1975\" \/>\n\t<meta name=\"twitter:label2\" content=\"Tempo di lettura stimato\" \/>\n\t<meta name=\"twitter:data2\" content=\"1 minuto\" \/>\n<!-- \/ Yoast SEO plugin. -->","yoast_head_json":{"title":"Francesca Proia \/ Scuola elementare di yoga (workshop), 1.02-10.05.2017 - S\u00ec","robots":{"index":"index","follow":"follow","max-snippet":"max-snippet:-1","max-image-preview":"max-image-preview:large","max-video-preview":"max-video-preview:-1"},"canonical":"https:\/\/ateliersi.it\/si\/en\/francesca-proia-scuola-elementare-di-yoga-workshop-1-02-10-05-2017\/","og_locale":"it_IT","og_type":"article","og_title":"Francesca Proia \/ Scuola elementare di yoga (workshop), 1.02-10.05.2017 - S\u00ec","og_description":"mercoled\u00ec 1 e 15 febbraio; 1,15 e 29 marzo; 12 e 26 aprile; 10 maggio, h. 10.30-13.30 FRANCESCA PROIA SCUOLA...","og_url":"https:\/\/ateliersi.it\/si\/en\/francesca-proia-scuola-elementare-di-yoga-workshop-1-02-10-05-2017\/","og_site_name":"S\u00ec","article_publisher":"https:\/\/www.facebook.com\/si.ateliersi","article_published_time":"2016-12-07T16:40:57+00:00","article_modified_time":"2017-06-30T10:56:51+00:00","og_image":[{"width":615,"height":325,"url":"https:\/\/ateliersi.it\/si\/wp-content\/uploads\/2016\/12\/naiade-copy.jpg","type":"image\/jpeg"}],"author":"D1gh3z_1975","twitter_card":"summary_large_image","twitter_creator":"@AtelierSi","twitter_site":"@AtelierSi","twitter_misc":{"Scritto da":"D1gh3z_1975","Tempo di lettura stimato":"1 minuto"},"schema":{"@context":"https:\/\/schema.org","@graph":[{"@type":"Article","@id":"https:\/\/ateliersi.it\/si\/en\/francesca-proia-scuola-elementare-di-yoga-workshop-1-02-10-05-2017\/#article","isPartOf":{"@id":"https:\/\/ateliersi.it\/si\/en\/francesca-proia-scuola-elementare-di-yoga-workshop-1-02-10-05-2017\/"},"author":{"name":"D1gh3z_1975","@id":"https:\/\/ateliersi.it\/si\/#\/schema\/person\/91e4317416e640b043a6d571b095e9fe"},"headline":"Francesca Proia \/ Scuola elementare di yoga (workshop), 1.02-10.05.2017","datePublished":"2016-12-07T16:40:57+00:00","dateModified":"2017-06-30T10:56:51+00:00","mainEntityOfPage":{"@id":"https:\/\/ateliersi.it\/si\/en\/francesca-proia-scuola-elementare-di-yoga-workshop-1-02-10-05-2017\/"},"wordCount":285,"publisher":{"@id":"https:\/\/ateliersi.it\/si\/#organization"},"image":{"@id":"https:\/\/ateliersi.it\/si\/en\/francesca-proia-scuola-elementare-di-yoga-workshop-1-02-10-05-2017\/#primaryimage"},"thumbnailUrl":"https:\/\/ateliersi.it\/si\/wp-content\/uploads\/2016\/12\/naiade-copy.jpg","articleSection":["Programma 2016\/17"],"inLanguage":"it-IT"},{"@type":"WebPage","@id":"https:\/\/ateliersi.it\/si\/en\/francesca-proia-scuola-elementare-di-yoga-workshop-1-02-10-05-2017\/","url":"https:\/\/ateliersi.it\/si\/en\/francesca-proia-scuola-elementare-di-yoga-workshop-1-02-10-05-2017\/","name":"Francesca Proia \/ Scuola elementare di yoga (workshop), 1.02-10.05.2017 - S\u00ec","isPartOf":{"@id":"https:\/\/ateliersi.it\/si\/#website"},"primaryImageOfPage":{"@id":"https:\/\/ateliersi.it\/si\/en\/francesca-proia-scuola-elementare-di-yoga-workshop-1-02-10-05-2017\/#primaryimage"},"image":{"@id":"https:\/\/ateliersi.it\/si\/en\/francesca-proia-scuola-elementare-di-yoga-workshop-1-02-10-05-2017\/#primaryimage"},"thumbnailUrl":"https:\/\/ateliersi.it\/si\/wp-content\/uploads\/2016\/12\/naiade-copy.jpg","datePublished":"2016-12-07T16:40:57+00:00","dateModified":"2017-06-30T10:56:51+00:00","breadcrumb":{"@id":"https:\/\/ateliersi.it\/si\/en\/francesca-proia-scuola-elementare-di-yoga-workshop-1-02-10-05-2017\/#breadcrumb"},"inLanguage":"it-IT","potentialAction":[{"@type":"ReadAction","target":["https:\/\/ateliersi.it\/si\/en\/francesca-proia-scuola-elementare-di-yoga-workshop-1-02-10-05-2017\/"]}]},{"@type":"ImageObject","inLanguage":"it-IT","@id":"https:\/\/ateliersi.it\/si\/en\/francesca-proia-scuola-elementare-di-yoga-workshop-1-02-10-05-2017\/#primaryimage","url":"https:\/\/ateliersi.it\/si\/wp-content\/uploads\/2016\/12\/naiade-copy.jpg","contentUrl":"https:\/\/ateliersi.it\/si\/wp-content\/uploads\/2016\/12\/naiade-copy.jpg","width":615,"height":325},{"@type":"BreadcrumbList","@id":"https:\/\/ateliersi.it\/si\/en\/francesca-proia-scuola-elementare-di-yoga-workshop-1-02-10-05-2017\/#breadcrumb","itemListElement":[{"@type":"ListItem","position":1,"name":"Home","item":"https:\/\/ateliersi.it\/si\/"},{"@type":"ListItem","position":2,"name":"Francesca Proia \/ Scuola elementare di yoga (workshop), 1.02-10.05.2017"}]},{"@type":"WebSite","@id":"https:\/\/ateliersi.it\/si\/#website","url":"https:\/\/ateliersi.it\/si\/","name":"S\u00ec","description":"","publisher":{"@id":"https:\/\/ateliersi.it\/si\/#organization"},"potentialAction":[{"@type":"SearchAction","target":{"@type":"EntryPoint","urlTemplate":"https:\/\/ateliersi.it\/si\/?s={search_term_string}"},"query-input":{"@type":"PropertyValueSpecification","valueRequired":true,"valueName":"search_term_string"}}],"inLanguage":"it-IT"},{"@type":"Organization","@id":"https:\/\/ateliersi.it\/si\/#organization","name":"S\u00ec \u2013 Ateliersi","url":"https:\/\/ateliersi.it\/si\/","logo":{"@type":"ImageObject","inLanguage":"it-IT","@id":"https:\/\/ateliersi.it\/si\/#\/schema\/logo\/image\/","url":"https:\/\/ateliersi.it\/si\/wp-content\/uploads\/2015\/09\/cropped-si_head_1516.png","contentUrl":"https:\/\/ateliersi.it\/si\/wp-content\/uploads\/2015\/09\/cropped-si_head_1516.png","width":512,"height":512,"caption":"S\u00ec \u2013 Ateliersi"},"image":{"@id":"https:\/\/ateliersi.it\/si\/#\/schema\/logo\/image\/"},"sameAs":["https:\/\/www.facebook.com\/si.ateliersi","https:\/\/x.com\/AtelierSi","https:\/\/www.instagram.com\/si.ateliersi\/"]},{"@type":"Person","@id":"https:\/\/ateliersi.it\/si\/#\/schema\/person\/91e4317416e640b043a6d571b095e9fe","name":"D1gh3z_1975","image":{"@type":"ImageObject","inLanguage":"it-IT","@id":"https:\/\/ateliersi.it\/si\/#\/schema\/person\/image\/","url":"https:\/\/secure.gravatar.com\/avatar\/ededc0273e000444c333a60add515e7ec6b9e86fbfd367a63476a4a85ecb727d?s=96&d=monsterid&r=g","contentUrl":"https:\/\/secure.gravatar.com\/avatar\/ededc0273e000444c333a60add515e7ec6b9e86fbfd367a63476a4a85ecb727d?s=96&d=monsterid&r=g","caption":"D1gh3z_1975"}}]}},"rttpg_featured_image_url":{"full":["https:\/\/ateliersi.it\/si\/wp-content\/uploads\/2016\/12\/naiade-copy.jpg",615,325,false],"landscape":["https:\/\/ateliersi.it\/si\/wp-content\/uploads\/2016\/12\/naiade-copy.jpg",615,325,false],"portraits":["https:\/\/ateliersi.it\/si\/wp-content\/uploads\/2016\/12\/naiade-copy.jpg",615,325,false],"thumbnail":["https:\/\/ateliersi.it\/si\/wp-content\/uploads\/2016\/12\/naiade-copy-150x150.jpg",150,150,true],"medium":["https:\/\/ateliersi.it\/si\/wp-content\/uploads\/2016\/12\/naiade-copy-300x159.jpg",300,159,true],"large":["https:\/\/ateliersi.it\/si\/wp-content\/uploads\/2016\/12\/naiade-copy.jpg",615,325,false],"1536x1536":["https:\/\/ateliersi.it\/si\/wp-content\/uploads\/2016\/12\/naiade-copy.jpg",615,325,false],"2048x2048":["https:\/\/ateliersi.it\/si\/wp-content\/uploads\/2016\/12\/naiade-copy.jpg",615,325,false],"blog-type-1-small":["https:\/\/ateliersi.it\/si\/wp-content\/uploads\/2016\/12\/naiade-copy-220x220.jpg",220,220,true],"blog-type-1-medium":["https:\/\/ateliersi.it\/si\/wp-content\/uploads\/2016\/12\/naiade-copy-250x250.jpg",250,250,true],"blog-type-1-big":["https:\/\/ateliersi.it\/si\/wp-content\/uploads\/2016\/12\/naiade-copy-338x325.jpg",338,325,true],"blog-type-3-small":["https:\/\/ateliersi.it\/si\/wp-content\/uploads\/2016\/12\/naiade-copy-196x111.jpg",196,111,true],"blog-type-3-medium":["https:\/\/ateliersi.it\/si\/wp-content\/uploads\/2016\/12\/naiade-copy-218x124.jpg",218,124,true],"blog-type-3-big":["https:\/\/ateliersi.it\/si\/wp-content\/uploads\/2016\/12\/naiade-copy-300x170.jpg",300,170,true],"blog-type-4-small":["https:\/\/ateliersi.it\/si\/wp-content\/uploads\/2016\/12\/naiade-copy-304x172.jpg",304,172,true],"blog-type-4-medium":["https:\/\/ateliersi.it\/si\/wp-content\/uploads\/2016\/12\/naiade-copy-338x191.jpg",338,191,true],"blog-type-5-big":["https:\/\/ateliersi.it\/si\/wp-content\/uploads\/2016\/12\/naiade-copy-460x260.jpg",460,260,true]},"rttpg_author":{"display_name":"D1gh3z_1975","author_link":"https:\/\/ateliersi.it\/si\/author\/d1gh3z_1975\/"},"rttpg_comment":0,"rttpg_category":"<a href=\"https:\/\/ateliersi.it\/si\/category\/programma-201617\/\" rel=\"category tag\">Programma 2016\/17<\/a>","rttpg_excerpt":"mercoled\u00ec 1 e 15 febbraio; 1,15 e 29 marzo; 12 e 26 aprile; 10 maggio, h. 10.30-13.30 FRANCESCA PROIA SCUOLA...","_links":{"self":[{"href":"https:\/\/ateliersi.it\/si\/wp-json\/wp\/v2\/posts\/3614","targetHints":{"allow":["GET"]}}],"collection":[{"href":"https:\/\/ateliersi.it\/si\/wp-json\/wp\/v2\/posts"}],"about":[{"href":"https:\/\/ateliersi.it\/si\/wp-json\/wp\/v2\/types\/post"}],"author":[{"embeddable":true,"href":"https:\/\/ateliersi.it\/si\/wp-json\/wp\/v2\/users\/1"}],"replies":[{"embeddable":true,"href":"https:\/\/ateliersi.it\/si\/wp-json\/wp\/v2\/comments?post=3614"}],"version-history":[{"count":0,"href":"https:\/\/ateliersi.it\/si\/wp-json\/wp\/v2\/posts\/3614\/revisions"}],"wp:featuredmedia":[{"embeddable":true,"href":"https:\/\/ateliersi.it\/si\/wp-json\/wp\/v2\/media\/3615"}],"wp:attachment":[{"href":"https:\/\/ateliersi.it\/si\/wp-json\/wp\/v2\/media?parent=3614"}],"wp:term":[{"taxonomy":"category","embeddable":true,"href":"https:\/\/ateliersi.it\/si\/wp-json\/wp\/v2\/categories?post=3614"},{"taxonomy":"post_tag","embeddable":true,"href":"https:\/\/ateliersi.it\/si\/wp-json\/wp\/v2\/tags?post=3614"}],"curies":[{"name":"wp","href":"https:\/\/api.w.org\/{rel}","templated":true}]}}