{"id":3134,"date":"2016-06-07T15:31:27","date_gmt":"2016-06-07T13:31:27","guid":{"rendered":"http:\/\/ateliersi.it\/si\/?p=3134"},"modified":"2016-07-26T14:19:06","modified_gmt":"2016-07-26T12:19:06","slug":"ateliersi-de-facto-prove-maggio-giugno-2016","status":"publish","type":"post","link":"https:\/\/ateliersi.it\/si\/ateliersi-de-facto-prove-maggio-giugno-2016\/","title":{"rendered":"Ateliersi \/ De Facto (prove), maggio-giugno 2016"},"content":{"rendered":"<p><img loading=\"lazy\" decoding=\"async\" class=\"alignnone size-full wp-image-3135\" src=\"http:\/\/ateliersi.it\/si\/wp-content\/uploads\/2016\/06\/Ateliersi_De-Facto_trittico-copy.jpg\" alt=\"Ateliersi_De Facto_trittico copy\" width=\"615\" height=\"320\" srcset=\"https:\/\/ateliersi.it\/si\/wp-content\/uploads\/2016\/06\/Ateliersi_De-Facto_trittico-copy.jpg 615w, https:\/\/ateliersi.it\/si\/wp-content\/uploads\/2016\/06\/Ateliersi_De-Facto_trittico-copy-300x156.jpg 300w\" sizes=\"auto, (max-width: 615px) 100vw, 615px\" \/><\/p>\n<p style=\"text-align: justify;\"><em>De Facto<\/em> \u00e8 un&#8217;opera poetica elettronica che debutta il 27 giugno 2016 \u2028al Giardino della Memoria a Bologna in occasione del XXXVI anniversario della Strage di Ustica.<\/p>\n<p style=\"text-align: justify;\">Nello spettacolo, il linguaggio giuridico della sentenza-ordinanza con cui il Giudice Rosario Priore nel 1999 determina che Ustica fu <em>\u201cpropriamente un atto di guerra, guerra di fatto e non dichiarata\u201d <\/em>entra in relazione &#8211; attraverso il lavoro dei performer &#8211; con un live set di musica elettronica e un apparato visuale che ci riporta al 1980, agli albori degli home computer per costruire un evento rivolto a un pubblico interessato alle arti performative, alla produzione musicale contemporanea e a porsi in relazione con gli ultimi quarant\u2019anni di storia italiana.<\/p>\n<p style=\"text-align: justify;\">Il linguaggio giuridico assume in <em>De Facto<\/em> un interesse particolare proprio per la sua caratteristica specifica che lo contraddistingue rispetto ad altri codici: in campo giuridico la lingua infatti non \u00e8 solamente uno strumento per esporre, argomentare e descrivere, ma \u00e8 un elemento costitutivo del diritto. Un reato \u00e8 tale solo se lo instaura la legge, che \u00e8 un prodotto linguistico. In ambito processuale, un fatto della realt\u00e0 extralinguistica ha bisogno, per divenire di pertinenza del diritto, di essere narrato. Altrimenti non esiste.<\/p>\n<p style=\"text-align: justify;\">Sulla scena di <em>De Facto<\/em> gli elementi si giustappongono nella loro nettezza creando un campo di forze instabile, una bolla sul punto di scoppiare, il pubblico viene avvolto dalla tessitura musicale, lo sguardo percorre alti pali che si slanciano verso il cielo, mentre le immagini video ci riportano a interfacce grafiche che nascondono mentre pretendono di svelare. I sintetizzatori dell\u2019epoca producono una musica di frammentazione, deviazione e collisione; i suoni iconici vengono polverizzati nella partitura in gesti musicali isolati e irrelati. Alle parole di Priore vengono sottratti i dati specifici e gli elementi di contingenza, e immediatamente ci sembra che si rivolgano all\u2019intera comunit\u00e0, si facciano stile affondando le radici in una qualit\u00e0 morale condivisa. La violenza del fatto, la sofferenza, la tenacia di chi combatte per la verit\u00e0, la vicenda tra umani, le indagini funzionali si fanno conquista della conoscenza, impresa umana e opera letteraria. Intanto di lato, seminascosti in un intrico di segni, altri uomini agiscono e pronunciano, la realt\u00e0 grottesca si sviluppa e l\u2019intera scena viene percorsa da inquiete volute di fumi colorati. La musica continua e il canto riprende.<\/p>\n<div class='accordion'>\n<h5>credits<\/h5><div><div class='inner'>\n<p><strong>di e con<\/strong> Fiorenza Menni e Andrea Mochi Sismondi<br \/>\n<strong>e con<\/strong> Francesca Pizzo<br \/>\n<strong>musiche composte ed eseguite da<\/strong> Caterina Barbieri<br \/>\n<strong>immagini video di<\/strong> Giovanni Brunetto<br \/>\n<strong>cura del suono:<\/strong> Vincenzo Scorza<br \/>\n<strong>comunicazione e promozione:<\/strong> Tihana Maravic e Federica Patti<br \/>\n<strong>organizzazione e amministrazione:<\/strong> Elisa Marchese<br \/>\n<strong>direzione tecnica:<\/strong> Giovanni Brunetto e Vincenzo Scorza<br \/>\n<strong>immagine e grafica:<\/strong> Diego Segatto<br \/>\n<strong>produzione:<\/strong> Ateliersi<br \/>\n<strong>in\u00a0collaborazione con<\/strong>\u00a0l\u2019Associazione Parenti delle Vittime della Strage di Ustica<br \/>\n<span style=\"font-weight: 400;\"><strong>nell\u2019ambito di<\/strong> b\u00e8 <\/span><span style=\"font-weight: 400;\">bolognaestate 2016, il cartellone di attivit\u00e0 promosso e coordinato dal Comune di Bologna<\/span><\/p>\n<\/div><\/div>\n<\/div>\n","protected":false},"excerpt":{"rendered":"<p>De Facto \u00e8 un&#8217;opera poetica elettronica che debutta il 27 giugno 2016 \u2028al Giardino della Memoria a Bologna in occasione&#8230;<\/p>\n","protected":false},"author":1,"featured_media":3135,"comment_status":"closed","ping_status":"closed","sticky":false,"template":"","format":"standard","meta":{"footnotes":""},"categories":[19],"tags":[],"class_list":["post-3134","post","type-post","status-publish","format-standard","has-post-thumbnail","hentry","category-programma-201516"],"yoast_head":"<!-- This site is optimized with the Yoast SEO plugin v27.1.1 - https:\/\/yoast.com\/product\/yoast-seo-wordpress\/ -->\n<title>Ateliersi \/ De Facto (prove), maggio-giugno 2016 - S\u00ec<\/title>\n<meta name=\"robots\" content=\"index, follow, max-snippet:-1, max-image-preview:large, max-video-preview:-1\" \/>\n<link rel=\"canonical\" href=\"https:\/\/ateliersi.it\/si\/ateliersi-de-facto-prove-maggio-giugno-2016\/\" \/>\n<meta property=\"og:locale\" content=\"it_IT\" \/>\n<meta property=\"og:type\" content=\"article\" \/>\n<meta property=\"og:title\" content=\"Ateliersi \/ De Facto (prove), maggio-giugno 2016 - S\u00ec\" \/>\n<meta property=\"og:description\" content=\"De Facto \u00e8 un&#8217;opera poetica elettronica che debutta il 27 giugno 2016 \u2028al Giardino della Memoria a Bologna in occasione...\" \/>\n<meta property=\"og:url\" content=\"https:\/\/ateliersi.it\/si\/ateliersi-de-facto-prove-maggio-giugno-2016\/\" \/>\n<meta property=\"og:site_name\" content=\"S\u00ec\" \/>\n<meta property=\"article:publisher\" content=\"https:\/\/www.facebook.com\/si.ateliersi\" \/>\n<meta property=\"article:published_time\" content=\"2016-06-07T13:31:27+00:00\" \/>\n<meta property=\"article:modified_time\" content=\"2016-07-26T12:19:06+00:00\" \/>\n<meta property=\"og:image\" content=\"https:\/\/ateliersi.it\/si\/wp-content\/uploads\/2016\/06\/Ateliersi_De-Facto_trittico-copy.jpg\" \/>\n\t<meta property=\"og:image:width\" content=\"615\" \/>\n\t<meta property=\"og:image:height\" content=\"320\" \/>\n\t<meta property=\"og:image:type\" content=\"image\/jpeg\" \/>\n<meta name=\"author\" content=\"D1gh3z_1975\" \/>\n<meta name=\"twitter:card\" content=\"summary_large_image\" \/>\n<meta name=\"twitter:creator\" content=\"@AtelierSi\" \/>\n<meta name=\"twitter:site\" content=\"@AtelierSi\" \/>\n<meta name=\"twitter:label1\" content=\"Scritto da\" \/>\n\t<meta name=\"twitter:data1\" content=\"D1gh3z_1975\" \/>\n\t<meta name=\"twitter:label2\" content=\"Tempo di lettura stimato\" \/>\n\t<meta name=\"twitter:data2\" content=\"2 minuti\" \/>\n<!-- \/ Yoast SEO plugin. -->","yoast_head_json":{"title":"Ateliersi \/ De Facto (prove), maggio-giugno 2016 - S\u00ec","robots":{"index":"index","follow":"follow","max-snippet":"max-snippet:-1","max-image-preview":"max-image-preview:large","max-video-preview":"max-video-preview:-1"},"canonical":"https:\/\/ateliersi.it\/si\/ateliersi-de-facto-prove-maggio-giugno-2016\/","og_locale":"it_IT","og_type":"article","og_title":"Ateliersi \/ De Facto (prove), maggio-giugno 2016 - S\u00ec","og_description":"De Facto \u00e8 un&#8217;opera poetica elettronica che debutta il 27 giugno 2016 \u2028al Giardino della Memoria a Bologna in occasione...","og_url":"https:\/\/ateliersi.it\/si\/ateliersi-de-facto-prove-maggio-giugno-2016\/","og_site_name":"S\u00ec","article_publisher":"https:\/\/www.facebook.com\/si.ateliersi","article_published_time":"2016-06-07T13:31:27+00:00","article_modified_time":"2016-07-26T12:19:06+00:00","og_image":[{"width":615,"height":320,"url":"https:\/\/ateliersi.it\/si\/wp-content\/uploads\/2016\/06\/Ateliersi_De-Facto_trittico-copy.jpg","type":"image\/jpeg"}],"author":"D1gh3z_1975","twitter_card":"summary_large_image","twitter_creator":"@AtelierSi","twitter_site":"@AtelierSi","twitter_misc":{"Scritto da":"D1gh3z_1975","Tempo di lettura stimato":"2 minuti"},"schema":{"@context":"https:\/\/schema.org","@graph":[{"@type":"Article","@id":"https:\/\/ateliersi.it\/si\/ateliersi-de-facto-prove-maggio-giugno-2016\/#article","isPartOf":{"@id":"https:\/\/ateliersi.it\/si\/ateliersi-de-facto-prove-maggio-giugno-2016\/"},"author":{"name":"D1gh3z_1975","@id":"https:\/\/ateliersi.it\/si\/#\/schema\/person\/91e4317416e640b043a6d571b095e9fe"},"headline":"Ateliersi \/ De Facto (prove), maggio-giugno 2016","datePublished":"2016-06-07T13:31:27+00:00","dateModified":"2016-07-26T12:19:06+00:00","mainEntityOfPage":{"@id":"https:\/\/ateliersi.it\/si\/ateliersi-de-facto-prove-maggio-giugno-2016\/"},"wordCount":476,"publisher":{"@id":"https:\/\/ateliersi.it\/si\/#organization"},"image":{"@id":"https:\/\/ateliersi.it\/si\/ateliersi-de-facto-prove-maggio-giugno-2016\/#primaryimage"},"thumbnailUrl":"https:\/\/ateliersi.it\/si\/wp-content\/uploads\/2016\/06\/Ateliersi_De-Facto_trittico-copy.jpg","articleSection":["Programma 2015\/16"],"inLanguage":"it-IT"},{"@type":"WebPage","@id":"https:\/\/ateliersi.it\/si\/ateliersi-de-facto-prove-maggio-giugno-2016\/","url":"https:\/\/ateliersi.it\/si\/ateliersi-de-facto-prove-maggio-giugno-2016\/","name":"Ateliersi \/ De Facto (prove), maggio-giugno 2016 - S\u00ec","isPartOf":{"@id":"https:\/\/ateliersi.it\/si\/#website"},"primaryImageOfPage":{"@id":"https:\/\/ateliersi.it\/si\/ateliersi-de-facto-prove-maggio-giugno-2016\/#primaryimage"},"image":{"@id":"https:\/\/ateliersi.it\/si\/ateliersi-de-facto-prove-maggio-giugno-2016\/#primaryimage"},"thumbnailUrl":"https:\/\/ateliersi.it\/si\/wp-content\/uploads\/2016\/06\/Ateliersi_De-Facto_trittico-copy.jpg","datePublished":"2016-06-07T13:31:27+00:00","dateModified":"2016-07-26T12:19:06+00:00","breadcrumb":{"@id":"https:\/\/ateliersi.it\/si\/ateliersi-de-facto-prove-maggio-giugno-2016\/#breadcrumb"},"inLanguage":"it-IT","potentialAction":[{"@type":"ReadAction","target":["https:\/\/ateliersi.it\/si\/ateliersi-de-facto-prove-maggio-giugno-2016\/"]}]},{"@type":"ImageObject","inLanguage":"it-IT","@id":"https:\/\/ateliersi.it\/si\/ateliersi-de-facto-prove-maggio-giugno-2016\/#primaryimage","url":"https:\/\/ateliersi.it\/si\/wp-content\/uploads\/2016\/06\/Ateliersi_De-Facto_trittico-copy.jpg","contentUrl":"https:\/\/ateliersi.it\/si\/wp-content\/uploads\/2016\/06\/Ateliersi_De-Facto_trittico-copy.jpg","width":615,"height":320},{"@type":"BreadcrumbList","@id":"https:\/\/ateliersi.it\/si\/ateliersi-de-facto-prove-maggio-giugno-2016\/#breadcrumb","itemListElement":[{"@type":"ListItem","position":1,"name":"Home","item":"https:\/\/ateliersi.it\/si\/"},{"@type":"ListItem","position":2,"name":"Ateliersi \/ De Facto (prove), maggio-giugno 2016"}]},{"@type":"WebSite","@id":"https:\/\/ateliersi.it\/si\/#website","url":"https:\/\/ateliersi.it\/si\/","name":"S\u00ec","description":"","publisher":{"@id":"https:\/\/ateliersi.it\/si\/#organization"},"potentialAction":[{"@type":"SearchAction","target":{"@type":"EntryPoint","urlTemplate":"https:\/\/ateliersi.it\/si\/?s={search_term_string}"},"query-input":{"@type":"PropertyValueSpecification","valueRequired":true,"valueName":"search_term_string"}}],"inLanguage":"it-IT"},{"@type":"Organization","@id":"https:\/\/ateliersi.it\/si\/#organization","name":"S\u00ec \u2013 Ateliersi","url":"https:\/\/ateliersi.it\/si\/","logo":{"@type":"ImageObject","inLanguage":"it-IT","@id":"https:\/\/ateliersi.it\/si\/#\/schema\/logo\/image\/","url":"https:\/\/ateliersi.it\/si\/wp-content\/uploads\/2015\/09\/cropped-si_head_1516.png","contentUrl":"https:\/\/ateliersi.it\/si\/wp-content\/uploads\/2015\/09\/cropped-si_head_1516.png","width":512,"height":512,"caption":"S\u00ec \u2013 Ateliersi"},"image":{"@id":"https:\/\/ateliersi.it\/si\/#\/schema\/logo\/image\/"},"sameAs":["https:\/\/www.facebook.com\/si.ateliersi","https:\/\/x.com\/AtelierSi","https:\/\/www.instagram.com\/si.ateliersi\/"]},{"@type":"Person","@id":"https:\/\/ateliersi.it\/si\/#\/schema\/person\/91e4317416e640b043a6d571b095e9fe","name":"D1gh3z_1975","image":{"@type":"ImageObject","inLanguage":"it-IT","@id":"https:\/\/ateliersi.it\/si\/#\/schema\/person\/image\/","url":"https:\/\/secure.gravatar.com\/avatar\/ededc0273e000444c333a60add515e7ec6b9e86fbfd367a63476a4a85ecb727d?s=96&d=monsterid&r=g","contentUrl":"https:\/\/secure.gravatar.com\/avatar\/ededc0273e000444c333a60add515e7ec6b9e86fbfd367a63476a4a85ecb727d?s=96&d=monsterid&r=g","caption":"D1gh3z_1975"}}]}},"rttpg_featured_image_url":{"full":["https:\/\/ateliersi.it\/si\/wp-content\/uploads\/2016\/06\/Ateliersi_De-Facto_trittico-copy.jpg",615,320,false],"landscape":["https:\/\/ateliersi.it\/si\/wp-content\/uploads\/2016\/06\/Ateliersi_De-Facto_trittico-copy.jpg",615,320,false],"portraits":["https:\/\/ateliersi.it\/si\/wp-content\/uploads\/2016\/06\/Ateliersi_De-Facto_trittico-copy.jpg",615,320,false],"thumbnail":["https:\/\/ateliersi.it\/si\/wp-content\/uploads\/2016\/06\/Ateliersi_De-Facto_trittico-copy-150x150.jpg",150,150,true],"medium":["https:\/\/ateliersi.it\/si\/wp-content\/uploads\/2016\/06\/Ateliersi_De-Facto_trittico-copy-300x156.jpg",300,156,true],"large":["https:\/\/ateliersi.it\/si\/wp-content\/uploads\/2016\/06\/Ateliersi_De-Facto_trittico-copy.jpg",615,320,false],"1536x1536":["https:\/\/ateliersi.it\/si\/wp-content\/uploads\/2016\/06\/Ateliersi_De-Facto_trittico-copy.jpg",615,320,false],"2048x2048":["https:\/\/ateliersi.it\/si\/wp-content\/uploads\/2016\/06\/Ateliersi_De-Facto_trittico-copy.jpg",615,320,false],"blog-type-1-small":["https:\/\/ateliersi.it\/si\/wp-content\/uploads\/2016\/06\/Ateliersi_De-Facto_trittico-copy-220x220.jpg",220,220,true],"blog-type-1-medium":["https:\/\/ateliersi.it\/si\/wp-content\/uploads\/2016\/06\/Ateliersi_De-Facto_trittico-copy-250x250.jpg",250,250,true],"blog-type-1-big":["https:\/\/ateliersi.it\/si\/wp-content\/uploads\/2016\/06\/Ateliersi_De-Facto_trittico-copy-338x320.jpg",338,320,true],"blog-type-3-small":["https:\/\/ateliersi.it\/si\/wp-content\/uploads\/2016\/06\/Ateliersi_De-Facto_trittico-copy-196x111.jpg",196,111,true],"blog-type-3-medium":["https:\/\/ateliersi.it\/si\/wp-content\/uploads\/2016\/06\/Ateliersi_De-Facto_trittico-copy-218x124.jpg",218,124,true],"blog-type-3-big":["https:\/\/ateliersi.it\/si\/wp-content\/uploads\/2016\/06\/Ateliersi_De-Facto_trittico-copy-300x170.jpg",300,170,true],"blog-type-4-small":["https:\/\/ateliersi.it\/si\/wp-content\/uploads\/2016\/06\/Ateliersi_De-Facto_trittico-copy-304x172.jpg",304,172,true],"blog-type-4-medium":["https:\/\/ateliersi.it\/si\/wp-content\/uploads\/2016\/06\/Ateliersi_De-Facto_trittico-copy-338x191.jpg",338,191,true],"blog-type-5-big":["https:\/\/ateliersi.it\/si\/wp-content\/uploads\/2016\/06\/Ateliersi_De-Facto_trittico-copy-460x260.jpg",460,260,true]},"rttpg_author":{"display_name":"D1gh3z_1975","author_link":"https:\/\/ateliersi.it\/si\/author\/d1gh3z_1975\/"},"rttpg_comment":0,"rttpg_category":"<a href=\"https:\/\/ateliersi.it\/si\/category\/programma-201516\/\" rel=\"category tag\">Programma 2015\/16<\/a>","rttpg_excerpt":"De Facto \u00e8 un&#8217;opera poetica elettronica che debutta il 27 giugno 2016 \u2028al Giardino della Memoria a Bologna in occasione...","_links":{"self":[{"href":"https:\/\/ateliersi.it\/si\/wp-json\/wp\/v2\/posts\/3134","targetHints":{"allow":["GET"]}}],"collection":[{"href":"https:\/\/ateliersi.it\/si\/wp-json\/wp\/v2\/posts"}],"about":[{"href":"https:\/\/ateliersi.it\/si\/wp-json\/wp\/v2\/types\/post"}],"author":[{"embeddable":true,"href":"https:\/\/ateliersi.it\/si\/wp-json\/wp\/v2\/users\/1"}],"replies":[{"embeddable":true,"href":"https:\/\/ateliersi.it\/si\/wp-json\/wp\/v2\/comments?post=3134"}],"version-history":[{"count":0,"href":"https:\/\/ateliersi.it\/si\/wp-json\/wp\/v2\/posts\/3134\/revisions"}],"wp:featuredmedia":[{"embeddable":true,"href":"https:\/\/ateliersi.it\/si\/wp-json\/wp\/v2\/media\/3135"}],"wp:attachment":[{"href":"https:\/\/ateliersi.it\/si\/wp-json\/wp\/v2\/media?parent=3134"}],"wp:term":[{"taxonomy":"category","embeddable":true,"href":"https:\/\/ateliersi.it\/si\/wp-json\/wp\/v2\/categories?post=3134"},{"taxonomy":"post_tag","embeddable":true,"href":"https:\/\/ateliersi.it\/si\/wp-json\/wp\/v2\/tags?post=3134"}],"curies":[{"name":"wp","href":"https:\/\/api.w.org\/{rel}","templated":true}]}}