{"id":2434,"date":"2015-09-27T15:27:01","date_gmt":"2015-09-27T13:27:01","guid":{"rendered":"http:\/\/ateliersi.it\/si\/?p=2434"},"modified":"2016-07-26T14:20:50","modified_gmt":"2016-07-26T12:20:50","slug":"scuola-elementare-di-yoga-con-francesca-proia-febbraio-maggio-2016","status":"publish","type":"post","link":"https:\/\/ateliersi.it\/si\/scuola-elementare-di-yoga-con-francesca-proia-febbraio-maggio-2016\/","title":{"rendered":"Scuola elementare di yoga con Francesca Proia (workshop), 10.2-18.5.2016"},"content":{"rendered":"<p><img loading=\"lazy\" decoding=\"async\" class=\"alignnone size-full wp-image-2439\" src=\"http:\/\/ateliersi.it\/si\/wp-content\/uploads\/2015\/09\/yoga.jpg\" alt=\"yoga\" width=\"615\" height=\"431\" srcset=\"https:\/\/ateliersi.it\/si\/wp-content\/uploads\/2015\/09\/yoga.jpg 615w, https:\/\/ateliersi.it\/si\/wp-content\/uploads\/2015\/09\/yoga-300x210.jpg 300w\" sizes=\"auto, (max-width: 615px) 100vw, 615px\" \/><\/p>\n<p><strong>Scuola elementare di yoga con Francesca Proia, 10.2-18.5.2016<br \/>\n<\/strong>costo singola lezione: 18\u20ac (intero) \/ 15\u20ac (ridotto studenti)<br \/>\ncosto ciclo 4 lezioni: 62\u20ac (intero) \/ 50\u20ac (ridotto studenti)<br \/>\ncosto ciclo 8 lezioni: 126\u20ac (intero) \/ 105\u20ac (ridotto studenti)<br \/>\ninfo e iscrizioni: info@ateliersi.it, 329 0898744<\/p>\n<p><strong>PRIMO CICLO: DIURNO<\/strong><br \/>\nmercoled\u00ec 10.2, ore 10-13<br \/>\nmercoled\u00ec 24.2, ore 10-13<br \/>\nmercoled\u00ec 9.3, ore 10-13<br \/>\nmercoled\u00ec 23.3, ore 10-13<\/p>\n<p><strong>SECONDO CICLO: SERALE<\/strong><br \/>\nmercoled\u00ec 6.4, ore 18-21<br \/>\nmercoled\u00ec 20.4, ore 18-21<br \/>\nmercoled\u00ec 4.5, ore 18-21<br \/>\nmercoled\u00ec 18.5, ore 18-21<\/p>\n<p><em>Perch\u00e9 scuola elementare? Questi incontri, rispetto allo yoga, si pongono come orizzonte, il tornare indietro alle prime basi, ai frammenti di origine che possiamo ancora raccogliere, al rapporto primario con gli elementi, fino al non fare prima del fare e al silenzio che precede il soffio.\u00a0E poi, forse, ancora pi\u00f9 indietro, al contatto tra due cuori. Sutura, ritmo, ghirlanda.<\/em><\/p>\n<p><em>Ogni azione ha un effetto positivo e uno negativo, e lo stesso pu\u00f2 dirsi delle tecniche yoga. Ogni volta che ci disponiamo a praticare, perci\u00f2, sar\u00e0 di vitale importanza la composizione del vinyasa, ovvero la concatenazione appropriata delle tecniche. La lezione di yoga \u00e8 come un sentiero, che dovrebbe essere il pi\u00f9 possibile tracciato in base alle necessit\u00e0 del praticante. Per questo credo che l\u2019oggetto fondamentale di ogni pratica sia il frutto che scaturisce dalla relazione reciproca tra le tecniche e in rapporto al praticante, piuttosto che pensare alle singole tecniche come rimedi isolati e buoni in assoluto.<\/em>\u00a0Francesca Proia<\/p>\n<p>Ogni incontro ha una durata di tre ore. Questo permette di disporre di un tempo non contratto, in cui \u00e8 pi\u00f9 facile percepire le polarit\u00e0 rivitalizzanti alla base dello yoga. Procedendo per tappe, s&#8217;inizier\u00e0 rimuovendo, con tecniche pi\u00f9 grossolane, le impurit\u00e0 dense del corpo, e poi progressivamente affrontando tecniche pi\u00f9 sottili, istantanee, potenti, in grado di risvegliare un\u2019attenzione percettiva fine.<\/p>\n<div class='accordion'>\n<h5>Bio<\/h5><div><div class='inner'>\n<p><strong>Francesca Proia<\/strong> (1975), coreografa, autrice, insegnante di yoga.\u00a0A partire dal 1992 intraprende un percorso di studio dello yoga che diviene una forma di ricerca poetica appoggiata sulle tecniche sottili. \u00c8 \u00a0autrice di testi che trasforma in oggetto di ascolto e letture pubbliche, tra cui: <em>Voce lattea<\/em>, <em>Forma tantra<\/em>, <em>La montagna delle intuizioni d\u2019amore<\/em>, <em>Tornano leggere a me<\/em>, <em>Esperienza della montagna<\/em>, <em>Un discorso sulle mudra<\/em>, <em>Un lampo<\/em>.\u00a0Come danzatrice, coreografa e autrice, ha presentato il suo lavoro in alcuni tra i pi\u00f9 importanti spazi nazionali e internazionali, tra cui la Fondation Cartier a Parigi (su invito di Romeo Castellucci), il Festival Internazionale di Santarcangelo, il Teatro Comunale di Ferrara, il Festival Vie di Modena, l\u2019Auditorium-Fondazione Musica per Roma, il Festival Cervantino di Guanajuato, il Laban Center di Londra, la Montclair State University\/New York, Session House (Tokyo).\u00a0Con le edizioni Titivillus ha pubblicato <em>Declinazioni yoga dell\u2019immagine corporea<\/em> (2011).\u00a0Nel 2015 ha pubblicato La strada collettiva (Il Vicolo Editore, Cesena).\u00a0\u00c8 una delle artiste presenti in Overground, Visioni dalla scena performativa italiana, progetto editoriale nato dall\u2019incontro del fotografo Luca Del Pia e delle studiose di performing arts Lucia Amara, Piersandra Di Matteo, Adele Cacciagrano e Tihana Maravi\u0107. (Boiler Edizioni, 2011).\u00a0Danzatrice e assistente coreografa per il regista Romeo Castellucci per il progetto Tragedia Endogonidia (2003-2007).<\/p>\n<\/div><\/div>\n<\/div>\n<p>&nbsp;<\/p>\n","protected":false},"excerpt":{"rendered":"<p>Scuola elementare di yoga con Francesca Proia, 10.2-18.5.2016 costo singola lezione: 18\u20ac (intero) \/ 15\u20ac (ridotto studenti) costo ciclo 4&#8230;<\/p>\n","protected":false},"author":1,"featured_media":2439,"comment_status":"closed","ping_status":"closed","sticky":false,"template":"","format":"standard","meta":{"footnotes":""},"categories":[19],"tags":[],"class_list":["post-2434","post","type-post","status-publish","format-standard","has-post-thumbnail","hentry","category-programma-201516"],"yoast_head":"<!-- This site is optimized with the Yoast SEO plugin v27.1.1 - https:\/\/yoast.com\/product\/yoast-seo-wordpress\/ -->\n<title>Scuola elementare di yoga con Francesca Proia (workshop), 10.2-18.5.2016 - S\u00ec<\/title>\n<meta name=\"robots\" content=\"index, follow, max-snippet:-1, max-image-preview:large, max-video-preview:-1\" \/>\n<link rel=\"canonical\" href=\"https:\/\/ateliersi.it\/si\/scuola-elementare-di-yoga-con-francesca-proia-febbraio-maggio-2016\/\" \/>\n<meta property=\"og:locale\" content=\"it_IT\" \/>\n<meta property=\"og:type\" content=\"article\" \/>\n<meta property=\"og:title\" content=\"Scuola elementare di yoga con Francesca Proia (workshop), 10.2-18.5.2016 - S\u00ec\" \/>\n<meta property=\"og:description\" content=\"Scuola elementare di yoga con Francesca Proia, 10.2-18.5.2016 costo singola lezione: 18\u20ac (intero) \/ 15\u20ac (ridotto studenti) costo ciclo 4...\" \/>\n<meta property=\"og:url\" content=\"https:\/\/ateliersi.it\/si\/scuola-elementare-di-yoga-con-francesca-proia-febbraio-maggio-2016\/\" \/>\n<meta property=\"og:site_name\" content=\"S\u00ec\" \/>\n<meta property=\"article:publisher\" content=\"https:\/\/www.facebook.com\/si.ateliersi\" \/>\n<meta property=\"article:published_time\" content=\"2015-09-27T13:27:01+00:00\" \/>\n<meta property=\"article:modified_time\" content=\"2016-07-26T12:20:50+00:00\" \/>\n<meta property=\"og:image\" content=\"https:\/\/ateliersi.it\/si\/wp-content\/uploads\/2015\/09\/yoga.jpg\" \/>\n\t<meta property=\"og:image:width\" content=\"615\" \/>\n\t<meta property=\"og:image:height\" content=\"431\" \/>\n\t<meta property=\"og:image:type\" content=\"image\/jpeg\" \/>\n<meta name=\"author\" content=\"D1gh3z_1975\" \/>\n<meta name=\"twitter:card\" content=\"summary_large_image\" \/>\n<meta name=\"twitter:creator\" content=\"@AtelierSi\" \/>\n<meta name=\"twitter:site\" content=\"@AtelierSi\" \/>\n<meta name=\"twitter:label1\" content=\"Scritto da\" \/>\n\t<meta name=\"twitter:data1\" content=\"D1gh3z_1975\" \/>\n\t<meta name=\"twitter:label2\" content=\"Tempo di lettura stimato\" \/>\n\t<meta name=\"twitter:data2\" content=\"3 minuti\" \/>\n<!-- \/ Yoast SEO plugin. -->","yoast_head_json":{"title":"Scuola elementare di yoga con Francesca Proia (workshop), 10.2-18.5.2016 - S\u00ec","robots":{"index":"index","follow":"follow","max-snippet":"max-snippet:-1","max-image-preview":"max-image-preview:large","max-video-preview":"max-video-preview:-1"},"canonical":"https:\/\/ateliersi.it\/si\/scuola-elementare-di-yoga-con-francesca-proia-febbraio-maggio-2016\/","og_locale":"it_IT","og_type":"article","og_title":"Scuola elementare di yoga con Francesca Proia (workshop), 10.2-18.5.2016 - S\u00ec","og_description":"Scuola elementare di yoga con Francesca Proia, 10.2-18.5.2016 costo singola lezione: 18\u20ac (intero) \/ 15\u20ac (ridotto studenti) costo ciclo 4...","og_url":"https:\/\/ateliersi.it\/si\/scuola-elementare-di-yoga-con-francesca-proia-febbraio-maggio-2016\/","og_site_name":"S\u00ec","article_publisher":"https:\/\/www.facebook.com\/si.ateliersi","article_published_time":"2015-09-27T13:27:01+00:00","article_modified_time":"2016-07-26T12:20:50+00:00","og_image":[{"width":615,"height":431,"url":"https:\/\/ateliersi.it\/si\/wp-content\/uploads\/2015\/09\/yoga.jpg","type":"image\/jpeg"}],"author":"D1gh3z_1975","twitter_card":"summary_large_image","twitter_creator":"@AtelierSi","twitter_site":"@AtelierSi","twitter_misc":{"Scritto da":"D1gh3z_1975","Tempo di lettura stimato":"3 minuti"},"schema":{"@context":"https:\/\/schema.org","@graph":[{"@type":"Article","@id":"https:\/\/ateliersi.it\/si\/scuola-elementare-di-yoga-con-francesca-proia-febbraio-maggio-2016\/#article","isPartOf":{"@id":"https:\/\/ateliersi.it\/si\/scuola-elementare-di-yoga-con-francesca-proia-febbraio-maggio-2016\/"},"author":{"name":"D1gh3z_1975","@id":"https:\/\/ateliersi.it\/si\/#\/schema\/person\/91e4317416e640b043a6d571b095e9fe"},"headline":"Scuola elementare di yoga con Francesca Proia (workshop), 10.2-18.5.2016","datePublished":"2015-09-27T13:27:01+00:00","dateModified":"2016-07-26T12:20:50+00:00","mainEntityOfPage":{"@id":"https:\/\/ateliersi.it\/si\/scuola-elementare-di-yoga-con-francesca-proia-febbraio-maggio-2016\/"},"wordCount":512,"publisher":{"@id":"https:\/\/ateliersi.it\/si\/#organization"},"image":{"@id":"https:\/\/ateliersi.it\/si\/scuola-elementare-di-yoga-con-francesca-proia-febbraio-maggio-2016\/#primaryimage"},"thumbnailUrl":"https:\/\/ateliersi.it\/si\/wp-content\/uploads\/2015\/09\/yoga.jpg","articleSection":["Programma 2015\/16"],"inLanguage":"it-IT"},{"@type":"WebPage","@id":"https:\/\/ateliersi.it\/si\/scuola-elementare-di-yoga-con-francesca-proia-febbraio-maggio-2016\/","url":"https:\/\/ateliersi.it\/si\/scuola-elementare-di-yoga-con-francesca-proia-febbraio-maggio-2016\/","name":"Scuola elementare di yoga con Francesca Proia (workshop), 10.2-18.5.2016 - S\u00ec","isPartOf":{"@id":"https:\/\/ateliersi.it\/si\/#website"},"primaryImageOfPage":{"@id":"https:\/\/ateliersi.it\/si\/scuola-elementare-di-yoga-con-francesca-proia-febbraio-maggio-2016\/#primaryimage"},"image":{"@id":"https:\/\/ateliersi.it\/si\/scuola-elementare-di-yoga-con-francesca-proia-febbraio-maggio-2016\/#primaryimage"},"thumbnailUrl":"https:\/\/ateliersi.it\/si\/wp-content\/uploads\/2015\/09\/yoga.jpg","datePublished":"2015-09-27T13:27:01+00:00","dateModified":"2016-07-26T12:20:50+00:00","breadcrumb":{"@id":"https:\/\/ateliersi.it\/si\/scuola-elementare-di-yoga-con-francesca-proia-febbraio-maggio-2016\/#breadcrumb"},"inLanguage":"it-IT","potentialAction":[{"@type":"ReadAction","target":["https:\/\/ateliersi.it\/si\/scuola-elementare-di-yoga-con-francesca-proia-febbraio-maggio-2016\/"]}]},{"@type":"ImageObject","inLanguage":"it-IT","@id":"https:\/\/ateliersi.it\/si\/scuola-elementare-di-yoga-con-francesca-proia-febbraio-maggio-2016\/#primaryimage","url":"https:\/\/ateliersi.it\/si\/wp-content\/uploads\/2015\/09\/yoga.jpg","contentUrl":"https:\/\/ateliersi.it\/si\/wp-content\/uploads\/2015\/09\/yoga.jpg","width":615,"height":431},{"@type":"BreadcrumbList","@id":"https:\/\/ateliersi.it\/si\/scuola-elementare-di-yoga-con-francesca-proia-febbraio-maggio-2016\/#breadcrumb","itemListElement":[{"@type":"ListItem","position":1,"name":"Home","item":"https:\/\/ateliersi.it\/si\/"},{"@type":"ListItem","position":2,"name":"Scuola elementare di yoga con Francesca Proia (workshop), 10.2-18.5.2016"}]},{"@type":"WebSite","@id":"https:\/\/ateliersi.it\/si\/#website","url":"https:\/\/ateliersi.it\/si\/","name":"S\u00ec","description":"","publisher":{"@id":"https:\/\/ateliersi.it\/si\/#organization"},"potentialAction":[{"@type":"SearchAction","target":{"@type":"EntryPoint","urlTemplate":"https:\/\/ateliersi.it\/si\/?s={search_term_string}"},"query-input":{"@type":"PropertyValueSpecification","valueRequired":true,"valueName":"search_term_string"}}],"inLanguage":"it-IT"},{"@type":"Organization","@id":"https:\/\/ateliersi.it\/si\/#organization","name":"S\u00ec \u2013 Ateliersi","url":"https:\/\/ateliersi.it\/si\/","logo":{"@type":"ImageObject","inLanguage":"it-IT","@id":"https:\/\/ateliersi.it\/si\/#\/schema\/logo\/image\/","url":"https:\/\/ateliersi.it\/si\/wp-content\/uploads\/2015\/09\/cropped-si_head_1516.png","contentUrl":"https:\/\/ateliersi.it\/si\/wp-content\/uploads\/2015\/09\/cropped-si_head_1516.png","width":512,"height":512,"caption":"S\u00ec \u2013 Ateliersi"},"image":{"@id":"https:\/\/ateliersi.it\/si\/#\/schema\/logo\/image\/"},"sameAs":["https:\/\/www.facebook.com\/si.ateliersi","https:\/\/x.com\/AtelierSi","https:\/\/www.instagram.com\/si.ateliersi\/"]},{"@type":"Person","@id":"https:\/\/ateliersi.it\/si\/#\/schema\/person\/91e4317416e640b043a6d571b095e9fe","name":"D1gh3z_1975","image":{"@type":"ImageObject","inLanguage":"it-IT","@id":"https:\/\/ateliersi.it\/si\/#\/schema\/person\/image\/","url":"https:\/\/secure.gravatar.com\/avatar\/ededc0273e000444c333a60add515e7ec6b9e86fbfd367a63476a4a85ecb727d?s=96&d=monsterid&r=g","contentUrl":"https:\/\/secure.gravatar.com\/avatar\/ededc0273e000444c333a60add515e7ec6b9e86fbfd367a63476a4a85ecb727d?s=96&d=monsterid&r=g","caption":"D1gh3z_1975"}}]}},"rttpg_featured_image_url":{"full":["https:\/\/ateliersi.it\/si\/wp-content\/uploads\/2015\/09\/yoga.jpg",615,431,false],"landscape":["https:\/\/ateliersi.it\/si\/wp-content\/uploads\/2015\/09\/yoga.jpg",615,431,false],"portraits":["https:\/\/ateliersi.it\/si\/wp-content\/uploads\/2015\/09\/yoga.jpg",615,431,false],"thumbnail":["https:\/\/ateliersi.it\/si\/wp-content\/uploads\/2015\/09\/yoga-150x150.jpg",150,150,true],"medium":["https:\/\/ateliersi.it\/si\/wp-content\/uploads\/2015\/09\/yoga-300x210.jpg",300,210,true],"large":["https:\/\/ateliersi.it\/si\/wp-content\/uploads\/2015\/09\/yoga.jpg",615,431,false],"1536x1536":["https:\/\/ateliersi.it\/si\/wp-content\/uploads\/2015\/09\/yoga.jpg",615,431,false],"2048x2048":["https:\/\/ateliersi.it\/si\/wp-content\/uploads\/2015\/09\/yoga.jpg",615,431,false],"blog-type-1-small":["https:\/\/ateliersi.it\/si\/wp-content\/uploads\/2015\/09\/yoga-220x220.jpg",220,220,true],"blog-type-1-medium":["https:\/\/ateliersi.it\/si\/wp-content\/uploads\/2015\/09\/yoga-250x250.jpg",250,250,true],"blog-type-1-big":["https:\/\/ateliersi.it\/si\/wp-content\/uploads\/2015\/09\/yoga-338x338.jpg",338,338,true],"blog-type-3-small":["https:\/\/ateliersi.it\/si\/wp-content\/uploads\/2015\/09\/yoga-196x111.jpg",196,111,true],"blog-type-3-medium":["https:\/\/ateliersi.it\/si\/wp-content\/uploads\/2015\/09\/yoga-218x124.jpg",218,124,true],"blog-type-3-big":["https:\/\/ateliersi.it\/si\/wp-content\/uploads\/2015\/09\/yoga-300x170.jpg",300,170,true],"blog-type-4-small":["https:\/\/ateliersi.it\/si\/wp-content\/uploads\/2015\/09\/yoga-304x172.jpg",304,172,true],"blog-type-4-medium":["https:\/\/ateliersi.it\/si\/wp-content\/uploads\/2015\/09\/yoga-338x191.jpg",338,191,true],"blog-type-5-big":["https:\/\/ateliersi.it\/si\/wp-content\/uploads\/2015\/09\/yoga-460x260.jpg",460,260,true]},"rttpg_author":{"display_name":"D1gh3z_1975","author_link":"https:\/\/ateliersi.it\/si\/author\/d1gh3z_1975\/"},"rttpg_comment":0,"rttpg_category":"<a href=\"https:\/\/ateliersi.it\/si\/category\/programma-201516\/\" rel=\"category tag\">Programma 2015\/16<\/a>","rttpg_excerpt":"Scuola elementare di yoga con Francesca Proia, 10.2-18.5.2016 costo singola lezione: 18\u20ac (intero) \/ 15\u20ac (ridotto studenti) costo ciclo 4...","_links":{"self":[{"href":"https:\/\/ateliersi.it\/si\/wp-json\/wp\/v2\/posts\/2434","targetHints":{"allow":["GET"]}}],"collection":[{"href":"https:\/\/ateliersi.it\/si\/wp-json\/wp\/v2\/posts"}],"about":[{"href":"https:\/\/ateliersi.it\/si\/wp-json\/wp\/v2\/types\/post"}],"author":[{"embeddable":true,"href":"https:\/\/ateliersi.it\/si\/wp-json\/wp\/v2\/users\/1"}],"replies":[{"embeddable":true,"href":"https:\/\/ateliersi.it\/si\/wp-json\/wp\/v2\/comments?post=2434"}],"version-history":[{"count":0,"href":"https:\/\/ateliersi.it\/si\/wp-json\/wp\/v2\/posts\/2434\/revisions"}],"wp:featuredmedia":[{"embeddable":true,"href":"https:\/\/ateliersi.it\/si\/wp-json\/wp\/v2\/media\/2439"}],"wp:attachment":[{"href":"https:\/\/ateliersi.it\/si\/wp-json\/wp\/v2\/media?parent=2434"}],"wp:term":[{"taxonomy":"category","embeddable":true,"href":"https:\/\/ateliersi.it\/si\/wp-json\/wp\/v2\/categories?post=2434"},{"taxonomy":"post_tag","embeddable":true,"href":"https:\/\/ateliersi.it\/si\/wp-json\/wp\/v2\/tags?post=2434"}],"curies":[{"name":"wp","href":"https:\/\/api.w.org\/{rel}","templated":true}]}}