{"id":2395,"date":"2015-09-27T12:25:09","date_gmt":"2015-09-27T10:25:09","guid":{"rendered":"http:\/\/ateliersi.it\/si\/?p=2395"},"modified":"2016-07-26T14:16:09","modified_gmt":"2016-07-26T12:16:09","slug":"deckard-espressione-leale","status":"publish","type":"post","link":"https:\/\/ateliersi.it\/si\/deckard-espressione-leale\/","title":{"rendered":"Deckard \/ Espressione leale, 5.12.2015"},"content":{"rendered":"<p><img loading=\"lazy\" decoding=\"async\" class=\"alignnone size-full wp-image-2396\" src=\"http:\/\/ateliersi.it\/si\/wp-content\/uploads\/2015\/09\/deckard.jpg\" alt=\"deckard\" width=\"615\" height=\"411\" srcset=\"https:\/\/ateliersi.it\/si\/wp-content\/uploads\/2015\/09\/deckard.jpg 615w, https:\/\/ateliersi.it\/si\/wp-content\/uploads\/2015\/09\/deckard-300x200.jpg 300w\" sizes=\"auto, (max-width: 615px) 100vw, 615px\" \/><\/p>\n<p><strong>DECKARD \/\u00a0Espressione leale<\/strong><br \/>\n<strong>inaugurazione della mostra sabato 5 dicembre, ore 18.00, ingresso gratuito<\/strong><br \/>\na cura di Kunstrasse \/ la mostra rimane visibile negli orari dell\u2019apertura del S\u00ec fino a sabato 19 dicembre<\/p>\n<p>Deckard \u2013 che nasce nel 2009 dall\u2019esperienza didattica e di ricerca svolta nel Dipartimento di Filosofia e Comunicazione dell\u2019Universit\u00e0 di Bologna \u2013 \u00e8 una piattaforma crossmediale di cultura filosofica e scientifica. Una delle attivit\u00e0 degli studenti deckardiani \u00e8 la scrittura di recensioni dei libri. Per ogni articolo pubblicato altri studenti creano delle illustrazioni. \u201cLe illustrazioni sono una forma di espressione leale: non c\u2019\u00e8 scampo, se non significano niente, se sono semplici composizioni autoreferenziali o decorazioni di idee deboli, se ne accorgeranno tutti. Un\u2019illustrazione di Deckard dovrebbe essere cos\u00ec ben fatta che, una volta guardata, ci si chieda perch\u00e9 mai non \u00e8 sulla copertina del libro\u201d (Deckard).<\/p>\n<p><a href=\"http:\/\/www.kunstrasse.com\" target=\"_blank\">www.kunstrasse.com<\/a><br \/>\n<a href=\"http:\/\/www.rickdeckard.net\" target=\"_blank\">www.rickdeckard.net<\/a><\/p>\n<p>&nbsp;<\/p>\n","protected":false},"excerpt":{"rendered":"<p>DECKARD \/\u00a0Espressione leale inaugurazione della mostra sabato 5 dicembre, ore 18.00, ingresso gratuito a cura di Kunstrasse \/ la mostra&#8230;<\/p>\n","protected":false},"author":1,"featured_media":2396,"comment_status":"closed","ping_status":"closed","sticky":false,"template":"","format":"standard","meta":{"footnotes":""},"categories":[19],"tags":[],"class_list":["post-2395","post","type-post","status-publish","format-standard","has-post-thumbnail","hentry","category-programma-201516"],"yoast_head":"<!-- This site is optimized with the Yoast SEO plugin v27.1.1 - https:\/\/yoast.com\/product\/yoast-seo-wordpress\/ -->\n<title>Deckard \/ Espressione leale, 5.12.2015 - S\u00ec<\/title>\n<meta name=\"robots\" content=\"index, follow, max-snippet:-1, max-image-preview:large, max-video-preview:-1\" \/>\n<link rel=\"canonical\" href=\"https:\/\/ateliersi.it\/si\/deckard-espressione-leale\/\" \/>\n<meta property=\"og:locale\" content=\"it_IT\" \/>\n<meta property=\"og:type\" content=\"article\" \/>\n<meta property=\"og:title\" content=\"Deckard \/ Espressione leale, 5.12.2015 - S\u00ec\" \/>\n<meta property=\"og:description\" content=\"DECKARD \/\u00a0Espressione leale inaugurazione della mostra sabato 5 dicembre, ore 18.00, ingresso gratuito a cura di Kunstrasse \/ la mostra...\" \/>\n<meta property=\"og:url\" content=\"https:\/\/ateliersi.it\/si\/deckard-espressione-leale\/\" \/>\n<meta property=\"og:site_name\" content=\"S\u00ec\" \/>\n<meta property=\"article:publisher\" content=\"https:\/\/www.facebook.com\/si.ateliersi\" \/>\n<meta property=\"article:published_time\" content=\"2015-09-27T10:25:09+00:00\" \/>\n<meta property=\"article:modified_time\" content=\"2016-07-26T12:16:09+00:00\" \/>\n<meta property=\"og:image\" content=\"https:\/\/ateliersi.it\/si\/wp-content\/uploads\/2015\/09\/deckard.jpg\" \/>\n\t<meta property=\"og:image:width\" content=\"615\" \/>\n\t<meta property=\"og:image:height\" content=\"411\" \/>\n\t<meta property=\"og:image:type\" content=\"image\/jpeg\" \/>\n<meta name=\"author\" content=\"D1gh3z_1975\" \/>\n<meta name=\"twitter:card\" content=\"summary_large_image\" \/>\n<meta name=\"twitter:creator\" content=\"@AtelierSi\" \/>\n<meta name=\"twitter:site\" content=\"@AtelierSi\" \/>\n<meta name=\"twitter:label1\" content=\"Scritto da\" \/>\n\t<meta name=\"twitter:data1\" content=\"D1gh3z_1975\" \/>\n\t<meta name=\"twitter:label2\" content=\"Tempo di lettura stimato\" \/>\n\t<meta name=\"twitter:data2\" content=\"1 minuto\" \/>\n<!-- \/ Yoast SEO plugin. -->","yoast_head_json":{"title":"Deckard \/ Espressione leale, 5.12.2015 - S\u00ec","robots":{"index":"index","follow":"follow","max-snippet":"max-snippet:-1","max-image-preview":"max-image-preview:large","max-video-preview":"max-video-preview:-1"},"canonical":"https:\/\/ateliersi.it\/si\/deckard-espressione-leale\/","og_locale":"it_IT","og_type":"article","og_title":"Deckard \/ Espressione leale, 5.12.2015 - S\u00ec","og_description":"DECKARD \/\u00a0Espressione leale inaugurazione della mostra sabato 5 dicembre, ore 18.00, ingresso gratuito a cura di Kunstrasse \/ la mostra...","og_url":"https:\/\/ateliersi.it\/si\/deckard-espressione-leale\/","og_site_name":"S\u00ec","article_publisher":"https:\/\/www.facebook.com\/si.ateliersi","article_published_time":"2015-09-27T10:25:09+00:00","article_modified_time":"2016-07-26T12:16:09+00:00","og_image":[{"width":615,"height":411,"url":"https:\/\/ateliersi.it\/si\/wp-content\/uploads\/2015\/09\/deckard.jpg","type":"image\/jpeg"}],"author":"D1gh3z_1975","twitter_card":"summary_large_image","twitter_creator":"@AtelierSi","twitter_site":"@AtelierSi","twitter_misc":{"Scritto da":"D1gh3z_1975","Tempo di lettura stimato":"1 minuto"},"schema":{"@context":"https:\/\/schema.org","@graph":[{"@type":"Article","@id":"https:\/\/ateliersi.it\/si\/deckard-espressione-leale\/#article","isPartOf":{"@id":"https:\/\/ateliersi.it\/si\/deckard-espressione-leale\/"},"author":{"name":"D1gh3z_1975","@id":"https:\/\/ateliersi.it\/si\/#\/schema\/person\/91e4317416e640b043a6d571b095e9fe"},"headline":"Deckard \/ Espressione leale, 5.12.2015","datePublished":"2015-09-27T10:25:09+00:00","dateModified":"2016-07-26T12:16:09+00:00","mainEntityOfPage":{"@id":"https:\/\/ateliersi.it\/si\/deckard-espressione-leale\/"},"wordCount":142,"publisher":{"@id":"https:\/\/ateliersi.it\/si\/#organization"},"image":{"@id":"https:\/\/ateliersi.it\/si\/deckard-espressione-leale\/#primaryimage"},"thumbnailUrl":"https:\/\/ateliersi.it\/si\/wp-content\/uploads\/2015\/09\/deckard.jpg","articleSection":["Programma 2015\/16"],"inLanguage":"it-IT"},{"@type":"WebPage","@id":"https:\/\/ateliersi.it\/si\/deckard-espressione-leale\/","url":"https:\/\/ateliersi.it\/si\/deckard-espressione-leale\/","name":"Deckard \/ Espressione leale, 5.12.2015 - S\u00ec","isPartOf":{"@id":"https:\/\/ateliersi.it\/si\/#website"},"primaryImageOfPage":{"@id":"https:\/\/ateliersi.it\/si\/deckard-espressione-leale\/#primaryimage"},"image":{"@id":"https:\/\/ateliersi.it\/si\/deckard-espressione-leale\/#primaryimage"},"thumbnailUrl":"https:\/\/ateliersi.it\/si\/wp-content\/uploads\/2015\/09\/deckard.jpg","datePublished":"2015-09-27T10:25:09+00:00","dateModified":"2016-07-26T12:16:09+00:00","breadcrumb":{"@id":"https:\/\/ateliersi.it\/si\/deckard-espressione-leale\/#breadcrumb"},"inLanguage":"it-IT","potentialAction":[{"@type":"ReadAction","target":["https:\/\/ateliersi.it\/si\/deckard-espressione-leale\/"]}]},{"@type":"ImageObject","inLanguage":"it-IT","@id":"https:\/\/ateliersi.it\/si\/deckard-espressione-leale\/#primaryimage","url":"https:\/\/ateliersi.it\/si\/wp-content\/uploads\/2015\/09\/deckard.jpg","contentUrl":"https:\/\/ateliersi.it\/si\/wp-content\/uploads\/2015\/09\/deckard.jpg","width":615,"height":411},{"@type":"BreadcrumbList","@id":"https:\/\/ateliersi.it\/si\/deckard-espressione-leale\/#breadcrumb","itemListElement":[{"@type":"ListItem","position":1,"name":"Home","item":"https:\/\/ateliersi.it\/si\/"},{"@type":"ListItem","position":2,"name":"Deckard \/ Espressione leale, 5.12.2015"}]},{"@type":"WebSite","@id":"https:\/\/ateliersi.it\/si\/#website","url":"https:\/\/ateliersi.it\/si\/","name":"S\u00ec","description":"","publisher":{"@id":"https:\/\/ateliersi.it\/si\/#organization"},"potentialAction":[{"@type":"SearchAction","target":{"@type":"EntryPoint","urlTemplate":"https:\/\/ateliersi.it\/si\/?s={search_term_string}"},"query-input":{"@type":"PropertyValueSpecification","valueRequired":true,"valueName":"search_term_string"}}],"inLanguage":"it-IT"},{"@type":"Organization","@id":"https:\/\/ateliersi.it\/si\/#organization","name":"S\u00ec \u2013 Ateliersi","url":"https:\/\/ateliersi.it\/si\/","logo":{"@type":"ImageObject","inLanguage":"it-IT","@id":"https:\/\/ateliersi.it\/si\/#\/schema\/logo\/image\/","url":"https:\/\/ateliersi.it\/si\/wp-content\/uploads\/2015\/09\/cropped-si_head_1516.png","contentUrl":"https:\/\/ateliersi.it\/si\/wp-content\/uploads\/2015\/09\/cropped-si_head_1516.png","width":512,"height":512,"caption":"S\u00ec \u2013 Ateliersi"},"image":{"@id":"https:\/\/ateliersi.it\/si\/#\/schema\/logo\/image\/"},"sameAs":["https:\/\/www.facebook.com\/si.ateliersi","https:\/\/x.com\/AtelierSi","https:\/\/www.instagram.com\/si.ateliersi\/"]},{"@type":"Person","@id":"https:\/\/ateliersi.it\/si\/#\/schema\/person\/91e4317416e640b043a6d571b095e9fe","name":"D1gh3z_1975","image":{"@type":"ImageObject","inLanguage":"it-IT","@id":"https:\/\/ateliersi.it\/si\/#\/schema\/person\/image\/","url":"https:\/\/secure.gravatar.com\/avatar\/ededc0273e000444c333a60add515e7ec6b9e86fbfd367a63476a4a85ecb727d?s=96&d=monsterid&r=g","contentUrl":"https:\/\/secure.gravatar.com\/avatar\/ededc0273e000444c333a60add515e7ec6b9e86fbfd367a63476a4a85ecb727d?s=96&d=monsterid&r=g","caption":"D1gh3z_1975"}}]}},"rttpg_featured_image_url":{"full":["https:\/\/ateliersi.it\/si\/wp-content\/uploads\/2015\/09\/deckard.jpg",615,411,false],"landscape":["https:\/\/ateliersi.it\/si\/wp-content\/uploads\/2015\/09\/deckard.jpg",615,411,false],"portraits":["https:\/\/ateliersi.it\/si\/wp-content\/uploads\/2015\/09\/deckard.jpg",615,411,false],"thumbnail":["https:\/\/ateliersi.it\/si\/wp-content\/uploads\/2015\/09\/deckard-150x150.jpg",150,150,true],"medium":["https:\/\/ateliersi.it\/si\/wp-content\/uploads\/2015\/09\/deckard-300x200.jpg",300,200,true],"large":["https:\/\/ateliersi.it\/si\/wp-content\/uploads\/2015\/09\/deckard.jpg",615,411,false],"1536x1536":["https:\/\/ateliersi.it\/si\/wp-content\/uploads\/2015\/09\/deckard.jpg",615,411,false],"2048x2048":["https:\/\/ateliersi.it\/si\/wp-content\/uploads\/2015\/09\/deckard.jpg",615,411,false],"blog-type-1-small":["https:\/\/ateliersi.it\/si\/wp-content\/uploads\/2015\/09\/deckard-220x220.jpg",220,220,true],"blog-type-1-medium":["https:\/\/ateliersi.it\/si\/wp-content\/uploads\/2015\/09\/deckard-250x250.jpg",250,250,true],"blog-type-1-big":["https:\/\/ateliersi.it\/si\/wp-content\/uploads\/2015\/09\/deckard-338x338.jpg",338,338,true],"blog-type-3-small":["https:\/\/ateliersi.it\/si\/wp-content\/uploads\/2015\/09\/deckard-196x111.jpg",196,111,true],"blog-type-3-medium":["https:\/\/ateliersi.it\/si\/wp-content\/uploads\/2015\/09\/deckard-218x124.jpg",218,124,true],"blog-type-3-big":["https:\/\/ateliersi.it\/si\/wp-content\/uploads\/2015\/09\/deckard-300x170.jpg",300,170,true],"blog-type-4-small":["https:\/\/ateliersi.it\/si\/wp-content\/uploads\/2015\/09\/deckard-304x172.jpg",304,172,true],"blog-type-4-medium":["https:\/\/ateliersi.it\/si\/wp-content\/uploads\/2015\/09\/deckard-338x191.jpg",338,191,true],"blog-type-5-big":["https:\/\/ateliersi.it\/si\/wp-content\/uploads\/2015\/09\/deckard-460x260.jpg",460,260,true]},"rttpg_author":{"display_name":"D1gh3z_1975","author_link":"https:\/\/ateliersi.it\/si\/author\/d1gh3z_1975\/"},"rttpg_comment":0,"rttpg_category":"<a href=\"https:\/\/ateliersi.it\/si\/category\/programma-201516\/\" rel=\"category tag\">Programma 2015\/16<\/a>","rttpg_excerpt":"DECKARD \/\u00a0Espressione leale inaugurazione della mostra sabato 5 dicembre, ore 18.00, ingresso gratuito a cura di Kunstrasse \/ la mostra...","_links":{"self":[{"href":"https:\/\/ateliersi.it\/si\/wp-json\/wp\/v2\/posts\/2395","targetHints":{"allow":["GET"]}}],"collection":[{"href":"https:\/\/ateliersi.it\/si\/wp-json\/wp\/v2\/posts"}],"about":[{"href":"https:\/\/ateliersi.it\/si\/wp-json\/wp\/v2\/types\/post"}],"author":[{"embeddable":true,"href":"https:\/\/ateliersi.it\/si\/wp-json\/wp\/v2\/users\/1"}],"replies":[{"embeddable":true,"href":"https:\/\/ateliersi.it\/si\/wp-json\/wp\/v2\/comments?post=2395"}],"version-history":[{"count":0,"href":"https:\/\/ateliersi.it\/si\/wp-json\/wp\/v2\/posts\/2395\/revisions"}],"wp:featuredmedia":[{"embeddable":true,"href":"https:\/\/ateliersi.it\/si\/wp-json\/wp\/v2\/media\/2396"}],"wp:attachment":[{"href":"https:\/\/ateliersi.it\/si\/wp-json\/wp\/v2\/media?parent=2395"}],"wp:term":[{"taxonomy":"category","embeddable":true,"href":"https:\/\/ateliersi.it\/si\/wp-json\/wp\/v2\/categories?post=2395"},{"taxonomy":"post_tag","embeddable":true,"href":"https:\/\/ateliersi.it\/si\/wp-json\/wp\/v2\/tags?post=2395"}],"curies":[{"name":"wp","href":"https:\/\/api.w.org\/{rel}","templated":true}]}}