{"id":2312,"date":"2015-09-26T16:50:22","date_gmt":"2015-09-26T14:50:22","guid":{"rendered":"http:\/\/ateliersi.it\/si\/?p=2312"},"modified":"2016-07-26T14:13:09","modified_gmt":"2016-07-26T12:13:09","slug":"simone-martinetto-senza-la-memoria","status":"publish","type":"post","link":"https:\/\/ateliersi.it\/si\/simone-martinetto-senza-la-memoria\/","title":{"rendered":"Simone Martinetto \/ Senza la memoria, 14 e 19.11.2015"},"content":{"rendered":"<p><img loading=\"lazy\" decoding=\"async\" class=\"alignnone size-full wp-image-2358\" src=\"http:\/\/ateliersi.it\/si\/wp-content\/uploads\/2015\/09\/Simone-Martinetto-frame-dal-VIDEO-di-SENZA-LA-MEMORIA-copy.jpg\" alt=\"Simone Martinetto frame dal VIDEO di SENZA LA MEMORIA copy\" width=\"615\" height=\"307\" srcset=\"https:\/\/ateliersi.it\/si\/wp-content\/uploads\/2015\/09\/Simone-Martinetto-frame-dal-VIDEO-di-SENZA-LA-MEMORIA-copy.jpg 615w, https:\/\/ateliersi.it\/si\/wp-content\/uploads\/2015\/09\/Simone-Martinetto-frame-dal-VIDEO-di-SENZA-LA-MEMORIA-copy-300x150.jpg 300w\" sizes=\"auto, (max-width: 615px) 100vw, 615px\" \/><\/p>\n<p><strong>SIMONE MARTINETTO \/\u00a0Senza la memoria<\/strong><br \/>\n<strong><span style=\"line-height: 1.5;\">un progetto di <a href=\"http:\/\/homemovies.it\/archivioaperto\/\" target=\"_blank\">Home Movies<\/a> e <a href=\"http:\/\/www.nosadelladue.com\/\" target=\"_blank\">Nosadella.due <\/a>per Archivio Aperto<\/span><\/strong><\/p>\n<blockquote style=width:95%;>\n<p><strong><span style=\"line-height: 1.5;\">sabato 14 novembre, ore 18.00, ingresso gratuito<br \/>\ninaugurazione della mostra,\u00a0<\/span><span style=\"line-height: 1.5;\">visibile negli orari dell\u2019apertura del S\u00ec fino a venerd\u00ec 4 dicembre<\/span><\/strong><\/p>\n<\/blockquote>\n<blockquote style=width:95%;>\n<div>\n<p><strong>gioved\u00ec\u00a019 novembre, ore 19.00, ingresso gratuito<\/strong><br \/>\n<strong> presentazione del libro Senza la memoria di Simone Martinetto (Pazzini Editore)<\/strong><br \/>\n<strong>un dialogo su fotografia, cinema, intimit\u00e0 e memoria personale<\/strong><br \/>\n<strong>saranno presenti l&#8217;autore e Paolo Simoni, presidente di Home Movies<\/strong><\/p>\n<\/div>\n<div><\/blockquote><\/div>\n<p><em>Senza la memoria<\/em>, progetto dell\u2019artista e fotografo Simone Martinetto, \u00e8 un lavoro intimo a base di fotografia, scrittura e installazione che racconta la storia di Valentina, nonna dell\u2019autore, delle sue difficolt\u00e0 a ricordare per pi\u00f9 di 2 minuti e delle centinaia di biglietti e pro-memoria che riempivano la sua casa. \u00c8 un lavoro che si interroga sull\u2019importanza della memoria e sulle tracce che lasciamo, siano esse fisiche o emotive. Il lavoro ha vinto alcuni importanti premi tra cui il Portfolio Italia-Gran Premio Epson come miglior lavoro fotografico dell\u2019anno, il SI Fest Festival di Fotografia di Savignano sul Rubicone, il premio giovane talento fotografico FNAC. Senza la memoria \u00e8 stato pubblicato anche in forma di libro da Pazzini Editore.<\/p>\n<div class='accordion'>\n<h5>Orari apertura mostra<\/h5><div><div class='inner'>\n<p><span class=\"s1\">sabato 14.11, dalle 18.00 alle 24.00<br \/>\n<\/span><span class=\"s1\">gioved\u00ec 19.11, dalle 18.00 alle 22.00<br \/>\n<\/span><span class=\"s1\">venerd\u00ec 20.11, dalle 18.00\u00a0alle 24.00<br \/>\n<\/span><span class=\"s1\">sabato 21.11, dalle 18.00\u00a0alle 24.00<br \/>\n<\/span><span class=\"s1\">venerd\u00ec 27.11: dalle 12.00\u00a0alle 24.00<br \/>\n<\/span><span class=\"s1\">sabato 28.11: dalle 10.00 alle 24.00<br \/>\n<\/span><span class=\"s1\">domenica 29.11: dalle 10.00\u00a0alle\u00a018.00<br \/>\n<\/span><span class=\"s1\">luned\u00ec 30.11: dalle 18.00 alle 22.00<br \/>\n<\/span><span class=\"s1\">gioved\u00ec 3.12: dalle 18.00 alle 24.00\u00a0<\/span><\/p>\n<\/div><\/div>\n<\/div>\n","protected":false},"excerpt":{"rendered":"<p>SIMONE MARTINETTO \/\u00a0Senza la memoria un progetto di Home Movies e Nosadella.due per Archivio Aperto Senza la memoria, progetto dell\u2019artista&#8230;<\/p>\n","protected":false},"author":1,"featured_media":2358,"comment_status":"closed","ping_status":"closed","sticky":false,"template":"","format":"standard","meta":{"footnotes":""},"categories":[19],"tags":[],"class_list":["post-2312","post","type-post","status-publish","format-standard","has-post-thumbnail","hentry","category-programma-201516"],"yoast_head":"<!-- This site is optimized with the Yoast SEO plugin v27.1.1 - https:\/\/yoast.com\/product\/yoast-seo-wordpress\/ -->\n<title>Simone Martinetto \/ Senza la memoria, 14 e 19.11.2015 - S\u00ec<\/title>\n<meta name=\"robots\" content=\"index, follow, max-snippet:-1, max-image-preview:large, max-video-preview:-1\" \/>\n<link rel=\"canonical\" href=\"https:\/\/ateliersi.it\/si\/simone-martinetto-senza-la-memoria\/\" \/>\n<meta property=\"og:locale\" content=\"it_IT\" \/>\n<meta property=\"og:type\" content=\"article\" \/>\n<meta property=\"og:title\" content=\"Simone Martinetto \/ Senza la memoria, 14 e 19.11.2015 - S\u00ec\" \/>\n<meta property=\"og:description\" content=\"SIMONE MARTINETTO \/\u00a0Senza la memoria un progetto di Home Movies e Nosadella.due per Archivio Aperto Senza la memoria, progetto dell\u2019artista...\" \/>\n<meta property=\"og:url\" content=\"https:\/\/ateliersi.it\/si\/simone-martinetto-senza-la-memoria\/\" \/>\n<meta property=\"og:site_name\" content=\"S\u00ec\" \/>\n<meta property=\"article:publisher\" content=\"https:\/\/www.facebook.com\/si.ateliersi\" \/>\n<meta property=\"article:published_time\" content=\"2015-09-26T14:50:22+00:00\" \/>\n<meta property=\"article:modified_time\" content=\"2016-07-26T12:13:09+00:00\" \/>\n<meta property=\"og:image\" content=\"https:\/\/ateliersi.it\/si\/wp-content\/uploads\/2015\/09\/Simone-Martinetto-frame-dal-VIDEO-di-SENZA-LA-MEMORIA-copy.jpg\" \/>\n\t<meta property=\"og:image:width\" content=\"615\" \/>\n\t<meta property=\"og:image:height\" content=\"307\" \/>\n\t<meta property=\"og:image:type\" content=\"image\/jpeg\" \/>\n<meta name=\"author\" content=\"D1gh3z_1975\" \/>\n<meta name=\"twitter:card\" content=\"summary_large_image\" \/>\n<meta name=\"twitter:creator\" content=\"@AtelierSi\" \/>\n<meta name=\"twitter:site\" content=\"@AtelierSi\" \/>\n<meta name=\"twitter:label1\" content=\"Scritto da\" \/>\n\t<meta name=\"twitter:data1\" content=\"D1gh3z_1975\" \/>\n\t<meta name=\"twitter:label2\" content=\"Tempo di lettura stimato\" \/>\n\t<meta name=\"twitter:data2\" content=\"1 minuto\" \/>\n<!-- \/ Yoast SEO plugin. -->","yoast_head_json":{"title":"Simone Martinetto \/ Senza la memoria, 14 e 19.11.2015 - S\u00ec","robots":{"index":"index","follow":"follow","max-snippet":"max-snippet:-1","max-image-preview":"max-image-preview:large","max-video-preview":"max-video-preview:-1"},"canonical":"https:\/\/ateliersi.it\/si\/simone-martinetto-senza-la-memoria\/","og_locale":"it_IT","og_type":"article","og_title":"Simone Martinetto \/ Senza la memoria, 14 e 19.11.2015 - S\u00ec","og_description":"SIMONE MARTINETTO \/\u00a0Senza la memoria un progetto di Home Movies e Nosadella.due per Archivio Aperto Senza la memoria, progetto dell\u2019artista...","og_url":"https:\/\/ateliersi.it\/si\/simone-martinetto-senza-la-memoria\/","og_site_name":"S\u00ec","article_publisher":"https:\/\/www.facebook.com\/si.ateliersi","article_published_time":"2015-09-26T14:50:22+00:00","article_modified_time":"2016-07-26T12:13:09+00:00","og_image":[{"width":615,"height":307,"url":"https:\/\/ateliersi.it\/si\/wp-content\/uploads\/2015\/09\/Simone-Martinetto-frame-dal-VIDEO-di-SENZA-LA-MEMORIA-copy.jpg","type":"image\/jpeg"}],"author":"D1gh3z_1975","twitter_card":"summary_large_image","twitter_creator":"@AtelierSi","twitter_site":"@AtelierSi","twitter_misc":{"Scritto da":"D1gh3z_1975","Tempo di lettura stimato":"1 minuto"},"schema":{"@context":"https:\/\/schema.org","@graph":[{"@type":"Article","@id":"https:\/\/ateliersi.it\/si\/simone-martinetto-senza-la-memoria\/#article","isPartOf":{"@id":"https:\/\/ateliersi.it\/si\/simone-martinetto-senza-la-memoria\/"},"author":{"name":"D1gh3z_1975","@id":"https:\/\/ateliersi.it\/si\/#\/schema\/person\/91e4317416e640b043a6d571b095e9fe"},"headline":"Simone Martinetto \/ Senza la memoria, 14 e 19.11.2015","datePublished":"2015-09-26T14:50:22+00:00","dateModified":"2016-07-26T12:13:09+00:00","mainEntityOfPage":{"@id":"https:\/\/ateliersi.it\/si\/simone-martinetto-senza-la-memoria\/"},"wordCount":238,"publisher":{"@id":"https:\/\/ateliersi.it\/si\/#organization"},"image":{"@id":"https:\/\/ateliersi.it\/si\/simone-martinetto-senza-la-memoria\/#primaryimage"},"thumbnailUrl":"https:\/\/ateliersi.it\/si\/wp-content\/uploads\/2015\/09\/Simone-Martinetto-frame-dal-VIDEO-di-SENZA-LA-MEMORIA-copy.jpg","articleSection":["Programma 2015\/16"],"inLanguage":"it-IT"},{"@type":"WebPage","@id":"https:\/\/ateliersi.it\/si\/simone-martinetto-senza-la-memoria\/","url":"https:\/\/ateliersi.it\/si\/simone-martinetto-senza-la-memoria\/","name":"Simone Martinetto \/ Senza la memoria, 14 e 19.11.2015 - S\u00ec","isPartOf":{"@id":"https:\/\/ateliersi.it\/si\/#website"},"primaryImageOfPage":{"@id":"https:\/\/ateliersi.it\/si\/simone-martinetto-senza-la-memoria\/#primaryimage"},"image":{"@id":"https:\/\/ateliersi.it\/si\/simone-martinetto-senza-la-memoria\/#primaryimage"},"thumbnailUrl":"https:\/\/ateliersi.it\/si\/wp-content\/uploads\/2015\/09\/Simone-Martinetto-frame-dal-VIDEO-di-SENZA-LA-MEMORIA-copy.jpg","datePublished":"2015-09-26T14:50:22+00:00","dateModified":"2016-07-26T12:13:09+00:00","breadcrumb":{"@id":"https:\/\/ateliersi.it\/si\/simone-martinetto-senza-la-memoria\/#breadcrumb"},"inLanguage":"it-IT","potentialAction":[{"@type":"ReadAction","target":["https:\/\/ateliersi.it\/si\/simone-martinetto-senza-la-memoria\/"]}]},{"@type":"ImageObject","inLanguage":"it-IT","@id":"https:\/\/ateliersi.it\/si\/simone-martinetto-senza-la-memoria\/#primaryimage","url":"https:\/\/ateliersi.it\/si\/wp-content\/uploads\/2015\/09\/Simone-Martinetto-frame-dal-VIDEO-di-SENZA-LA-MEMORIA-copy.jpg","contentUrl":"https:\/\/ateliersi.it\/si\/wp-content\/uploads\/2015\/09\/Simone-Martinetto-frame-dal-VIDEO-di-SENZA-LA-MEMORIA-copy.jpg","width":615,"height":307},{"@type":"BreadcrumbList","@id":"https:\/\/ateliersi.it\/si\/simone-martinetto-senza-la-memoria\/#breadcrumb","itemListElement":[{"@type":"ListItem","position":1,"name":"Home","item":"https:\/\/ateliersi.it\/si\/"},{"@type":"ListItem","position":2,"name":"Simone Martinetto \/ Senza la memoria, 14 e 19.11.2015"}]},{"@type":"WebSite","@id":"https:\/\/ateliersi.it\/si\/#website","url":"https:\/\/ateliersi.it\/si\/","name":"S\u00ec","description":"","publisher":{"@id":"https:\/\/ateliersi.it\/si\/#organization"},"potentialAction":[{"@type":"SearchAction","target":{"@type":"EntryPoint","urlTemplate":"https:\/\/ateliersi.it\/si\/?s={search_term_string}"},"query-input":{"@type":"PropertyValueSpecification","valueRequired":true,"valueName":"search_term_string"}}],"inLanguage":"it-IT"},{"@type":"Organization","@id":"https:\/\/ateliersi.it\/si\/#organization","name":"S\u00ec \u2013 Ateliersi","url":"https:\/\/ateliersi.it\/si\/","logo":{"@type":"ImageObject","inLanguage":"it-IT","@id":"https:\/\/ateliersi.it\/si\/#\/schema\/logo\/image\/","url":"https:\/\/ateliersi.it\/si\/wp-content\/uploads\/2015\/09\/cropped-si_head_1516.png","contentUrl":"https:\/\/ateliersi.it\/si\/wp-content\/uploads\/2015\/09\/cropped-si_head_1516.png","width":512,"height":512,"caption":"S\u00ec \u2013 Ateliersi"},"image":{"@id":"https:\/\/ateliersi.it\/si\/#\/schema\/logo\/image\/"},"sameAs":["https:\/\/www.facebook.com\/si.ateliersi","https:\/\/x.com\/AtelierSi","https:\/\/www.instagram.com\/si.ateliersi\/"]},{"@type":"Person","@id":"https:\/\/ateliersi.it\/si\/#\/schema\/person\/91e4317416e640b043a6d571b095e9fe","name":"D1gh3z_1975","image":{"@type":"ImageObject","inLanguage":"it-IT","@id":"https:\/\/ateliersi.it\/si\/#\/schema\/person\/image\/","url":"https:\/\/secure.gravatar.com\/avatar\/ededc0273e000444c333a60add515e7ec6b9e86fbfd367a63476a4a85ecb727d?s=96&d=monsterid&r=g","contentUrl":"https:\/\/secure.gravatar.com\/avatar\/ededc0273e000444c333a60add515e7ec6b9e86fbfd367a63476a4a85ecb727d?s=96&d=monsterid&r=g","caption":"D1gh3z_1975"}}]}},"rttpg_featured_image_url":{"full":["https:\/\/ateliersi.it\/si\/wp-content\/uploads\/2015\/09\/Simone-Martinetto-frame-dal-VIDEO-di-SENZA-LA-MEMORIA-copy.jpg",615,307,false],"landscape":["https:\/\/ateliersi.it\/si\/wp-content\/uploads\/2015\/09\/Simone-Martinetto-frame-dal-VIDEO-di-SENZA-LA-MEMORIA-copy.jpg",615,307,false],"portraits":["https:\/\/ateliersi.it\/si\/wp-content\/uploads\/2015\/09\/Simone-Martinetto-frame-dal-VIDEO-di-SENZA-LA-MEMORIA-copy.jpg",615,307,false],"thumbnail":["https:\/\/ateliersi.it\/si\/wp-content\/uploads\/2015\/09\/Simone-Martinetto-frame-dal-VIDEO-di-SENZA-LA-MEMORIA-copy-150x150.jpg",150,150,true],"medium":["https:\/\/ateliersi.it\/si\/wp-content\/uploads\/2015\/09\/Simone-Martinetto-frame-dal-VIDEO-di-SENZA-LA-MEMORIA-copy-300x150.jpg",300,150,true],"large":["https:\/\/ateliersi.it\/si\/wp-content\/uploads\/2015\/09\/Simone-Martinetto-frame-dal-VIDEO-di-SENZA-LA-MEMORIA-copy.jpg",615,307,false],"1536x1536":["https:\/\/ateliersi.it\/si\/wp-content\/uploads\/2015\/09\/Simone-Martinetto-frame-dal-VIDEO-di-SENZA-LA-MEMORIA-copy.jpg",615,307,false],"2048x2048":["https:\/\/ateliersi.it\/si\/wp-content\/uploads\/2015\/09\/Simone-Martinetto-frame-dal-VIDEO-di-SENZA-LA-MEMORIA-copy.jpg",615,307,false],"blog-type-1-small":["https:\/\/ateliersi.it\/si\/wp-content\/uploads\/2015\/09\/Simone-Martinetto-frame-dal-VIDEO-di-SENZA-LA-MEMORIA-copy-220x220.jpg",220,220,true],"blog-type-1-medium":["https:\/\/ateliersi.it\/si\/wp-content\/uploads\/2015\/09\/Simone-Martinetto-frame-dal-VIDEO-di-SENZA-LA-MEMORIA-copy-250x250.jpg",250,250,true],"blog-type-1-big":["https:\/\/ateliersi.it\/si\/wp-content\/uploads\/2015\/09\/Simone-Martinetto-frame-dal-VIDEO-di-SENZA-LA-MEMORIA-copy-338x307.jpg",338,307,true],"blog-type-3-small":["https:\/\/ateliersi.it\/si\/wp-content\/uploads\/2015\/09\/Simone-Martinetto-frame-dal-VIDEO-di-SENZA-LA-MEMORIA-copy-196x111.jpg",196,111,true],"blog-type-3-medium":["https:\/\/ateliersi.it\/si\/wp-content\/uploads\/2015\/09\/Simone-Martinetto-frame-dal-VIDEO-di-SENZA-LA-MEMORIA-copy-218x124.jpg",218,124,true],"blog-type-3-big":["https:\/\/ateliersi.it\/si\/wp-content\/uploads\/2015\/09\/Simone-Martinetto-frame-dal-VIDEO-di-SENZA-LA-MEMORIA-copy-300x170.jpg",300,170,true],"blog-type-4-small":["https:\/\/ateliersi.it\/si\/wp-content\/uploads\/2015\/09\/Simone-Martinetto-frame-dal-VIDEO-di-SENZA-LA-MEMORIA-copy-304x172.jpg",304,172,true],"blog-type-4-medium":["https:\/\/ateliersi.it\/si\/wp-content\/uploads\/2015\/09\/Simone-Martinetto-frame-dal-VIDEO-di-SENZA-LA-MEMORIA-copy-338x191.jpg",338,191,true],"blog-type-5-big":["https:\/\/ateliersi.it\/si\/wp-content\/uploads\/2015\/09\/Simone-Martinetto-frame-dal-VIDEO-di-SENZA-LA-MEMORIA-copy-460x260.jpg",460,260,true]},"rttpg_author":{"display_name":"D1gh3z_1975","author_link":"https:\/\/ateliersi.it\/si\/author\/d1gh3z_1975\/"},"rttpg_comment":0,"rttpg_category":"<a href=\"https:\/\/ateliersi.it\/si\/category\/programma-201516\/\" rel=\"category tag\">Programma 2015\/16<\/a>","rttpg_excerpt":"SIMONE MARTINETTO \/\u00a0Senza la memoria un progetto di Home Movies e Nosadella.due per Archivio Aperto Senza la memoria, progetto dell\u2019artista...","_links":{"self":[{"href":"https:\/\/ateliersi.it\/si\/wp-json\/wp\/v2\/posts\/2312","targetHints":{"allow":["GET"]}}],"collection":[{"href":"https:\/\/ateliersi.it\/si\/wp-json\/wp\/v2\/posts"}],"about":[{"href":"https:\/\/ateliersi.it\/si\/wp-json\/wp\/v2\/types\/post"}],"author":[{"embeddable":true,"href":"https:\/\/ateliersi.it\/si\/wp-json\/wp\/v2\/users\/1"}],"replies":[{"embeddable":true,"href":"https:\/\/ateliersi.it\/si\/wp-json\/wp\/v2\/comments?post=2312"}],"version-history":[{"count":0,"href":"https:\/\/ateliersi.it\/si\/wp-json\/wp\/v2\/posts\/2312\/revisions"}],"wp:featuredmedia":[{"embeddable":true,"href":"https:\/\/ateliersi.it\/si\/wp-json\/wp\/v2\/media\/2358"}],"wp:attachment":[{"href":"https:\/\/ateliersi.it\/si\/wp-json\/wp\/v2\/media?parent=2312"}],"wp:term":[{"taxonomy":"category","embeddable":true,"href":"https:\/\/ateliersi.it\/si\/wp-json\/wp\/v2\/categories?post=2312"},{"taxonomy":"post_tag","embeddable":true,"href":"https:\/\/ateliersi.it\/si\/wp-json\/wp\/v2\/tags?post=2312"}],"curies":[{"name":"wp","href":"https:\/\/api.w.org\/{rel}","templated":true}]}}