{"id":2275,"date":"2015-09-26T14:27:23","date_gmt":"2015-09-26T12:27:23","guid":{"rendered":"http:\/\/ateliersi.it\/si\/?p=2275"},"modified":"2016-07-26T14:12:29","modified_gmt":"2016-07-26T12:12:29","slug":"helicotrema-si","status":"publish","type":"post","link":"https:\/\/ateliersi.it\/si\/helicotrema-si\/","title":{"rendered":"Helicotrema @ S\u00ec, 31.10-1.11-2015"},"content":{"rendered":"<p><img loading=\"lazy\" decoding=\"async\" class=\"alignnone size-full wp-image-2276\" src=\"http:\/\/ateliersi.it\/si\/wp-content\/uploads\/2015\/09\/helicotrema-2015-copy.jpg\" alt=\"helicotrema 2015 copy\" width=\"615\" height=\"384\" srcset=\"https:\/\/ateliersi.it\/si\/wp-content\/uploads\/2015\/09\/helicotrema-2015-copy.jpg 615w, https:\/\/ateliersi.it\/si\/wp-content\/uploads\/2015\/09\/helicotrema-2015-copy-300x187.jpg 300w\" sizes=\"auto, (max-width: 615px) 100vw, 615px\" \/><\/p>\n<p><strong>HELICOTREMA @ S\u00ec<\/strong><br \/>\n<strong>sabato 31 ottobre \u2013 domenica 1 novembre, ingresso gratuito<\/strong><br \/>\nfestival dell\u2019audio registrato a cura di Blauer Hase e Giulia Morucchio<br \/>\nmedia partner RAI Radio3<br \/>\ninfo: <a href=\"http:\/\/helicotrema.blauerhase.com\" target=\"_blank\">helicotrema.blauerhase.com<\/a><\/p>\n<p>Helicotrema \u00e8 un festival che presenta una programmazione di brani audio registrati, e si pone come obiettivo di indagare le possibilit\u00e0 di un ambiente\u00a0e di una forma di ascolto collettiva, come accadeva nei primi decenni delle trasmissioni radiofoniche.<\/p>\n<p>La programmazione del festival punter\u00e0 in particolare a creare occasioni di ascolto site-specific, sperimentando come i brani e l&#8217;ascolto possono potenziarsi e adattarsi in diversi contesti. Vengono proposte una serie di percorsi auditivi in cui si alternano opere sonore, audiodrammi, audioteatro,\u00a0radiodocumentari, paesaggi sonori, poesia sperimentale e vari formati basati su una componente acustica. Helicotrema prende in prestito il formato del\u00a0festival cinematografico, sostituendo alla proiezione filmica un programma di sessioni d\u2019ascolto.<\/p>\n<p>Il festival, che nelle prime tre edizioni ha avuto luogo a Venezia, Roma e Milano, quest\u2019anno ha una veste itinerante, e dopo Forte Marghera e Firenze, Helicotrema sar\u00e0\u00a0a Bologna il 31 Ottobre e 1 Novembre in collaborazione con Ateliersi e Kilowatt.<\/p>\n<blockquote style=width:95%;>\n<p>SABATO 31 OTTOBRE<\/p>\n<p>\u2013 ore 19:00, Caffetteria del Si (Atelier S\u00ec), Bologna<br \/>\nsessione d&#8217;ascolto a cura di Massimo Carozzi<\/p>\n<p>\u2013 ore 21:00, Caffetteria del Si (Atelier S\u00ec), Bologna<br \/>\n\u2018Trick or treat&#8217;<\/p>\n<p>brani di:<br \/>\nPetri Kuljuntausta, El Cocuy, David Bernstein, Atau Tanaka, Francesca Grilli,<br \/>\nHildegard Westerkamp, TSO, J\u00e9r\u00f4me Joy, Andrea Morbio, Don Simmons, Alberto Toso Fei<\/p>\n<\/blockquote>\n<blockquote style=width:95%;>\n<p>DOMENICA 1 NOVEMBRE<\/p>\n<p>\u2013 ore 15:00 &#8211; 17.00, Serre dei Giardini Margherita<br \/>\n&#8216;Mercante in fiera. Creazione collettiva di radioteatro&#8217;,<br \/>\nlaboratorio didattico realizzato in collaborazione con Kilowatt Baby<\/p>\n<p>\u2013 ore 19:00, Caffetteria del Si (Atelier S\u00ec), Bologna<br \/>\n&#8216;Drama queen\u2019<\/p>\n<p>brani di:<br \/>\nDaniele Zoico\/Antonella Campisi, Giacomo Raffaelli, David Bernstein,<br \/>\nWu Ming \/ Compagnia Fantasma, Michele Zani, Chiara Trivelli, Irene Rossini\/Davide Spillari<\/p>\n<\/blockquote>\n<p>&nbsp;<\/p>\n","protected":false},"excerpt":{"rendered":"<p>HELICOTREMA @ S\u00ec sabato 31 ottobre \u2013 domenica 1 novembre, ingresso gratuito festival dell\u2019audio registrato a cura di Blauer Hase&#8230;<\/p>\n","protected":false},"author":1,"featured_media":2276,"comment_status":"closed","ping_status":"closed","sticky":false,"template":"","format":"standard","meta":{"footnotes":""},"categories":[19],"tags":[],"class_list":["post-2275","post","type-post","status-publish","format-standard","has-post-thumbnail","hentry","category-programma-201516"],"yoast_head":"<!-- This site is optimized with the Yoast SEO plugin v27.1.1 - https:\/\/yoast.com\/product\/yoast-seo-wordpress\/ -->\n<title>Helicotrema @ S\u00ec, 31.10-1.11-2015 - S\u00ec<\/title>\n<meta name=\"robots\" content=\"index, follow, max-snippet:-1, max-image-preview:large, max-video-preview:-1\" \/>\n<link rel=\"canonical\" href=\"https:\/\/ateliersi.it\/si\/helicotrema-si\/\" \/>\n<meta property=\"og:locale\" content=\"it_IT\" \/>\n<meta property=\"og:type\" content=\"article\" \/>\n<meta property=\"og:title\" content=\"Helicotrema @ S\u00ec, 31.10-1.11-2015 - S\u00ec\" \/>\n<meta property=\"og:description\" content=\"HELICOTREMA @ S\u00ec sabato 31 ottobre \u2013 domenica 1 novembre, ingresso gratuito festival dell\u2019audio registrato a cura di Blauer Hase...\" \/>\n<meta property=\"og:url\" content=\"https:\/\/ateliersi.it\/si\/helicotrema-si\/\" \/>\n<meta property=\"og:site_name\" content=\"S\u00ec\" \/>\n<meta property=\"article:publisher\" content=\"https:\/\/www.facebook.com\/si.ateliersi\" \/>\n<meta property=\"article:published_time\" content=\"2015-09-26T12:27:23+00:00\" \/>\n<meta property=\"article:modified_time\" content=\"2016-07-26T12:12:29+00:00\" \/>\n<meta property=\"og:image\" content=\"https:\/\/ateliersi.it\/si\/wp-content\/uploads\/2015\/09\/helicotrema-2015-copy.jpg\" \/>\n\t<meta property=\"og:image:width\" content=\"615\" \/>\n\t<meta property=\"og:image:height\" content=\"384\" \/>\n\t<meta property=\"og:image:type\" content=\"image\/jpeg\" \/>\n<meta name=\"author\" content=\"D1gh3z_1975\" \/>\n<meta name=\"twitter:card\" content=\"summary_large_image\" \/>\n<meta name=\"twitter:creator\" content=\"@AtelierSi\" \/>\n<meta name=\"twitter:site\" content=\"@AtelierSi\" \/>\n<meta name=\"twitter:label1\" content=\"Scritto da\" \/>\n\t<meta name=\"twitter:data1\" content=\"D1gh3z_1975\" \/>\n\t<meta name=\"twitter:label2\" content=\"Tempo di lettura stimato\" \/>\n\t<meta name=\"twitter:data2\" content=\"1 minuto\" \/>\n<!-- \/ Yoast SEO plugin. -->","yoast_head_json":{"title":"Helicotrema @ S\u00ec, 31.10-1.11-2015 - S\u00ec","robots":{"index":"index","follow":"follow","max-snippet":"max-snippet:-1","max-image-preview":"max-image-preview:large","max-video-preview":"max-video-preview:-1"},"canonical":"https:\/\/ateliersi.it\/si\/helicotrema-si\/","og_locale":"it_IT","og_type":"article","og_title":"Helicotrema @ S\u00ec, 31.10-1.11-2015 - S\u00ec","og_description":"HELICOTREMA @ S\u00ec sabato 31 ottobre \u2013 domenica 1 novembre, ingresso gratuito festival dell\u2019audio registrato a cura di Blauer Hase...","og_url":"https:\/\/ateliersi.it\/si\/helicotrema-si\/","og_site_name":"S\u00ec","article_publisher":"https:\/\/www.facebook.com\/si.ateliersi","article_published_time":"2015-09-26T12:27:23+00:00","article_modified_time":"2016-07-26T12:12:29+00:00","og_image":[{"width":615,"height":384,"url":"https:\/\/ateliersi.it\/si\/wp-content\/uploads\/2015\/09\/helicotrema-2015-copy.jpg","type":"image\/jpeg"}],"author":"D1gh3z_1975","twitter_card":"summary_large_image","twitter_creator":"@AtelierSi","twitter_site":"@AtelierSi","twitter_misc":{"Scritto da":"D1gh3z_1975","Tempo di lettura stimato":"1 minuto"},"schema":{"@context":"https:\/\/schema.org","@graph":[{"@type":"Article","@id":"https:\/\/ateliersi.it\/si\/helicotrema-si\/#article","isPartOf":{"@id":"https:\/\/ateliersi.it\/si\/helicotrema-si\/"},"author":{"name":"D1gh3z_1975","@id":"https:\/\/ateliersi.it\/si\/#\/schema\/person\/91e4317416e640b043a6d571b095e9fe"},"headline":"Helicotrema @ S\u00ec, 31.10-1.11-2015","datePublished":"2015-09-26T12:27:23+00:00","dateModified":"2016-07-26T12:12:29+00:00","mainEntityOfPage":{"@id":"https:\/\/ateliersi.it\/si\/helicotrema-si\/"},"wordCount":299,"publisher":{"@id":"https:\/\/ateliersi.it\/si\/#organization"},"image":{"@id":"https:\/\/ateliersi.it\/si\/helicotrema-si\/#primaryimage"},"thumbnailUrl":"https:\/\/ateliersi.it\/si\/wp-content\/uploads\/2015\/09\/helicotrema-2015-copy.jpg","articleSection":["Programma 2015\/16"],"inLanguage":"it-IT"},{"@type":"WebPage","@id":"https:\/\/ateliersi.it\/si\/helicotrema-si\/","url":"https:\/\/ateliersi.it\/si\/helicotrema-si\/","name":"Helicotrema @ S\u00ec, 31.10-1.11-2015 - S\u00ec","isPartOf":{"@id":"https:\/\/ateliersi.it\/si\/#website"},"primaryImageOfPage":{"@id":"https:\/\/ateliersi.it\/si\/helicotrema-si\/#primaryimage"},"image":{"@id":"https:\/\/ateliersi.it\/si\/helicotrema-si\/#primaryimage"},"thumbnailUrl":"https:\/\/ateliersi.it\/si\/wp-content\/uploads\/2015\/09\/helicotrema-2015-copy.jpg","datePublished":"2015-09-26T12:27:23+00:00","dateModified":"2016-07-26T12:12:29+00:00","breadcrumb":{"@id":"https:\/\/ateliersi.it\/si\/helicotrema-si\/#breadcrumb"},"inLanguage":"it-IT","potentialAction":[{"@type":"ReadAction","target":["https:\/\/ateliersi.it\/si\/helicotrema-si\/"]}]},{"@type":"ImageObject","inLanguage":"it-IT","@id":"https:\/\/ateliersi.it\/si\/helicotrema-si\/#primaryimage","url":"https:\/\/ateliersi.it\/si\/wp-content\/uploads\/2015\/09\/helicotrema-2015-copy.jpg","contentUrl":"https:\/\/ateliersi.it\/si\/wp-content\/uploads\/2015\/09\/helicotrema-2015-copy.jpg","width":615,"height":384},{"@type":"BreadcrumbList","@id":"https:\/\/ateliersi.it\/si\/helicotrema-si\/#breadcrumb","itemListElement":[{"@type":"ListItem","position":1,"name":"Home","item":"https:\/\/ateliersi.it\/si\/"},{"@type":"ListItem","position":2,"name":"Helicotrema @ S\u00ec, 31.10-1.11-2015"}]},{"@type":"WebSite","@id":"https:\/\/ateliersi.it\/si\/#website","url":"https:\/\/ateliersi.it\/si\/","name":"S\u00ec","description":"","publisher":{"@id":"https:\/\/ateliersi.it\/si\/#organization"},"potentialAction":[{"@type":"SearchAction","target":{"@type":"EntryPoint","urlTemplate":"https:\/\/ateliersi.it\/si\/?s={search_term_string}"},"query-input":{"@type":"PropertyValueSpecification","valueRequired":true,"valueName":"search_term_string"}}],"inLanguage":"it-IT"},{"@type":"Organization","@id":"https:\/\/ateliersi.it\/si\/#organization","name":"S\u00ec \u2013 Ateliersi","url":"https:\/\/ateliersi.it\/si\/","logo":{"@type":"ImageObject","inLanguage":"it-IT","@id":"https:\/\/ateliersi.it\/si\/#\/schema\/logo\/image\/","url":"https:\/\/ateliersi.it\/si\/wp-content\/uploads\/2015\/09\/cropped-si_head_1516.png","contentUrl":"https:\/\/ateliersi.it\/si\/wp-content\/uploads\/2015\/09\/cropped-si_head_1516.png","width":512,"height":512,"caption":"S\u00ec \u2013 Ateliersi"},"image":{"@id":"https:\/\/ateliersi.it\/si\/#\/schema\/logo\/image\/"},"sameAs":["https:\/\/www.facebook.com\/si.ateliersi","https:\/\/x.com\/AtelierSi","https:\/\/www.instagram.com\/si.ateliersi\/"]},{"@type":"Person","@id":"https:\/\/ateliersi.it\/si\/#\/schema\/person\/91e4317416e640b043a6d571b095e9fe","name":"D1gh3z_1975","image":{"@type":"ImageObject","inLanguage":"it-IT","@id":"https:\/\/ateliersi.it\/si\/#\/schema\/person\/image\/","url":"https:\/\/secure.gravatar.com\/avatar\/ededc0273e000444c333a60add515e7ec6b9e86fbfd367a63476a4a85ecb727d?s=96&d=monsterid&r=g","contentUrl":"https:\/\/secure.gravatar.com\/avatar\/ededc0273e000444c333a60add515e7ec6b9e86fbfd367a63476a4a85ecb727d?s=96&d=monsterid&r=g","caption":"D1gh3z_1975"}}]}},"rttpg_featured_image_url":{"full":["https:\/\/ateliersi.it\/si\/wp-content\/uploads\/2015\/09\/helicotrema-2015-copy.jpg",615,384,false],"landscape":["https:\/\/ateliersi.it\/si\/wp-content\/uploads\/2015\/09\/helicotrema-2015-copy.jpg",615,384,false],"portraits":["https:\/\/ateliersi.it\/si\/wp-content\/uploads\/2015\/09\/helicotrema-2015-copy.jpg",615,384,false],"thumbnail":["https:\/\/ateliersi.it\/si\/wp-content\/uploads\/2015\/09\/helicotrema-2015-copy-150x150.jpg",150,150,true],"medium":["https:\/\/ateliersi.it\/si\/wp-content\/uploads\/2015\/09\/helicotrema-2015-copy-300x187.jpg",300,187,true],"large":["https:\/\/ateliersi.it\/si\/wp-content\/uploads\/2015\/09\/helicotrema-2015-copy.jpg",615,384,false],"1536x1536":["https:\/\/ateliersi.it\/si\/wp-content\/uploads\/2015\/09\/helicotrema-2015-copy.jpg",615,384,false],"2048x2048":["https:\/\/ateliersi.it\/si\/wp-content\/uploads\/2015\/09\/helicotrema-2015-copy.jpg",615,384,false],"blog-type-1-small":["https:\/\/ateliersi.it\/si\/wp-content\/uploads\/2015\/09\/helicotrema-2015-copy-220x220.jpg",220,220,true],"blog-type-1-medium":["https:\/\/ateliersi.it\/si\/wp-content\/uploads\/2015\/09\/helicotrema-2015-copy-250x250.jpg",250,250,true],"blog-type-1-big":["https:\/\/ateliersi.it\/si\/wp-content\/uploads\/2015\/09\/helicotrema-2015-copy-338x338.jpg",338,338,true],"blog-type-3-small":["https:\/\/ateliersi.it\/si\/wp-content\/uploads\/2015\/09\/helicotrema-2015-copy-196x111.jpg",196,111,true],"blog-type-3-medium":["https:\/\/ateliersi.it\/si\/wp-content\/uploads\/2015\/09\/helicotrema-2015-copy-218x124.jpg",218,124,true],"blog-type-3-big":["https:\/\/ateliersi.it\/si\/wp-content\/uploads\/2015\/09\/helicotrema-2015-copy-300x170.jpg",300,170,true],"blog-type-4-small":["https:\/\/ateliersi.it\/si\/wp-content\/uploads\/2015\/09\/helicotrema-2015-copy-304x172.jpg",304,172,true],"blog-type-4-medium":["https:\/\/ateliersi.it\/si\/wp-content\/uploads\/2015\/09\/helicotrema-2015-copy-338x191.jpg",338,191,true],"blog-type-5-big":["https:\/\/ateliersi.it\/si\/wp-content\/uploads\/2015\/09\/helicotrema-2015-copy-460x260.jpg",460,260,true]},"rttpg_author":{"display_name":"D1gh3z_1975","author_link":"https:\/\/ateliersi.it\/si\/author\/d1gh3z_1975\/"},"rttpg_comment":0,"rttpg_category":"<a href=\"https:\/\/ateliersi.it\/si\/category\/programma-201516\/\" rel=\"category tag\">Programma 2015\/16<\/a>","rttpg_excerpt":"HELICOTREMA @ S\u00ec sabato 31 ottobre \u2013 domenica 1 novembre, ingresso gratuito festival dell\u2019audio registrato a cura di Blauer Hase...","_links":{"self":[{"href":"https:\/\/ateliersi.it\/si\/wp-json\/wp\/v2\/posts\/2275","targetHints":{"allow":["GET"]}}],"collection":[{"href":"https:\/\/ateliersi.it\/si\/wp-json\/wp\/v2\/posts"}],"about":[{"href":"https:\/\/ateliersi.it\/si\/wp-json\/wp\/v2\/types\/post"}],"author":[{"embeddable":true,"href":"https:\/\/ateliersi.it\/si\/wp-json\/wp\/v2\/users\/1"}],"replies":[{"embeddable":true,"href":"https:\/\/ateliersi.it\/si\/wp-json\/wp\/v2\/comments?post=2275"}],"version-history":[{"count":0,"href":"https:\/\/ateliersi.it\/si\/wp-json\/wp\/v2\/posts\/2275\/revisions"}],"wp:featuredmedia":[{"embeddable":true,"href":"https:\/\/ateliersi.it\/si\/wp-json\/wp\/v2\/media\/2276"}],"wp:attachment":[{"href":"https:\/\/ateliersi.it\/si\/wp-json\/wp\/v2\/media?parent=2275"}],"wp:term":[{"taxonomy":"category","embeddable":true,"href":"https:\/\/ateliersi.it\/si\/wp-json\/wp\/v2\/categories?post=2275"},{"taxonomy":"post_tag","embeddable":true,"href":"https:\/\/ateliersi.it\/si\/wp-json\/wp\/v2\/tags?post=2275"}],"curies":[{"name":"wp","href":"https:\/\/api.w.org\/{rel}","templated":true}]}}