{"id":1286,"date":"2014-09-11T02:30:48","date_gmt":"2014-09-11T00:30:48","guid":{"rendered":"http:\/\/ateliersi.it\/si\/?p=1286"},"modified":"2015-09-24T20:02:29","modified_gmt":"2015-09-24T18:02:29","slug":"tecla-il-laboratorio-di-sartoria-creativa_29-10-17-12","status":"publish","type":"post","link":"https:\/\/ateliersi.it\/si\/tecla-il-laboratorio-di-sartoria-creativa_29-10-17-12\/","title":{"rendered":"Tecla \/ Il laboratorio di sartoria creativa_29.10-17.12.2014; 18.2-15.4.2015"},"content":{"rendered":"<p><img loading=\"lazy\" decoding=\"async\" class=\"alignnone size-full wp-image-1287\" src=\"http:\/\/ateliersi.it\/si\/wp-content\/uploads\/2014\/10\/10516827_873815492637175_3751626804706089356_n.jpg\" alt=\"10516827_873815492637175_3751626804706089356_n\" width=\"615\" height=\"279\" srcset=\"https:\/\/ateliersi.it\/si\/wp-content\/uploads\/2014\/10\/10516827_873815492637175_3751626804706089356_n.jpg 615w, https:\/\/ateliersi.it\/si\/wp-content\/uploads\/2014\/10\/10516827_873815492637175_3751626804706089356_n-300x136.jpg 300w\" sizes=\"auto, (max-width: 615px) 100vw, 615px\" \/><\/p>\n<p>\u2022 Laboratorio per imparare a creare una borsa<br \/>\n\u2022 Laboratorio per imparare a creare una gonna a ruota<br \/>\n\u2022 Laboratorio\u00a0per la creazione di un manufatto a scelta utilizzando la tecnica ad uncinetto<\/p>\n<p><strong>Materiali:<\/strong><br \/>\nSaranno forniti: aghi, spilli, rotolini di cotone, forbici, gessetti, uncinetto, macchina da cucire. Salvo particolari esigenze personali, per la realizzazione dei manufatti si utilizzeranno materiali di recupero.<\/p>\n<p><strong>Luoghi e tempi:<\/strong><br \/>\nCaffetteria del Si in Via San Vitale 69<br \/>\n8 incontri di 2 ore il mercoled\u00ec dal 18 febbraio al 15 aprile:\u00a018.2, 25.2, 4.3, 11.3, 18.3, 25.3, <del>1.4<\/del>, 8.4, 15.4.<br \/>\nGli orari per i singoli laboratori sono da concordare con i partecipanti.<\/p>\n<p><strong>Numero di partecipanti:<\/strong><br \/>\nOgni laboratorio \u00e8 pensato per un massimo di 5 partecipanti.<\/p>\n<p><strong>Costi:<\/strong><br \/>\nI laboratori prevedono una quota di 95 euro.<\/p>\n<p><strong>Per info e iscrizioni:<\/strong><br \/>\nRoberta 334 9369811<br \/>\nteclainvisibile@gmail.com<\/p>\n<p><strong>Cos&#8217;\u00e8 TECLA?<\/strong><\/p>\n<p>Da Calvino, &#8220;Le citt\u00e0 Invisibili&#8221;<\/p>\n<p>Chi arriva a Tecla, poco vede della citt\u00e0, dietro gli steccati di tavole, i ripari di tela di sacco, le impalcature, le armature metalliche, i ponti di legno sospesi a funi o sostenuti da cavalletti, le scale a pioli, i tralicci.<br \/>\nAlla domanda: &#8211; \u201cPerch\u00e9 la costruzione di Tecla continua cos\u00ed a lungo?\u201d &#8211; gli abitanti senza smettere d&#8217;issare secchi, di calare fili a piombo, di muovere in su e gi\u00f9 lunghi pennelli. \u2013 \u201cPerch\u00e9 non cominci la distruzione\u201d &#8211; rispondono.<br \/>\nE richiesti se temono che appena tolte le impalcature la citt\u00e0 cominci a sgretolarsi e a andare in pezzi, soggiungono in fretta, sottovoce: &#8211; \u201cNon soltanto la citt\u00e0\u201d.<br \/>\nSe, insoddisfatto delle risposte, qualcuno applica l&#8217;occhio alla fessura d&#8217;una staccionata, vede gru che tirano su altre gru, incastellature che rivestono altre incastellature, travi che puntellano altre travi. \u2013 \u201cChe senso ha il vostro costruire?\u201d &#8211; domanda. \u2013 \u201cQual \u00e8 il fine d&#8217;una citt\u00e0 in costruzione se non una citt\u00e0? Dov&#8217;\u00e8 il piano che seguite, il progetto?\u201d \u2013 \u201cTe lo mostreremo appena terminata la giornata; ora non possiamo interrompere\u201d &#8211; rispondono. Il lavoro cessa al tramonto. Scende la notte sul cantiere. \u00c8 una notte stellata. \u2013 \u201cEcco il progetto\u201d &#8211; dicon<\/p>\n<p>o.<\/p>\n<div class=\"gmail_default\"><\/div>\n","protected":false},"excerpt":{"rendered":"<p>\u2022 Laboratorio per imparare a creare una borsa \u2022 Laboratorio per imparare a creare una gonna a ruota \u2022 Laboratorio\u00a0per&#8230;<\/p>\n","protected":false},"author":1,"featured_media":1287,"comment_status":"closed","ping_status":"closed","sticky":false,"template":"","format":"standard","meta":{"footnotes":""},"categories":[11],"tags":[],"class_list":["post-1286","post","type-post","status-publish","format-standard","has-post-thumbnail","hentry","category-programma-201415"],"yoast_head":"<!-- This site is optimized with the Yoast SEO plugin v27.1.1 - https:\/\/yoast.com\/product\/yoast-seo-wordpress\/ -->\n<title>Tecla \/ Il laboratorio di sartoria creativa_29.10-17.12.2014; 18.2-15.4.2015 - S\u00ec<\/title>\n<meta name=\"robots\" content=\"index, follow, max-snippet:-1, max-image-preview:large, max-video-preview:-1\" \/>\n<link rel=\"canonical\" href=\"https:\/\/ateliersi.it\/si\/tecla-il-laboratorio-di-sartoria-creativa_29-10-17-12\/\" \/>\n<meta property=\"og:locale\" content=\"it_IT\" \/>\n<meta property=\"og:type\" content=\"article\" \/>\n<meta property=\"og:title\" content=\"Tecla \/ Il laboratorio di sartoria creativa_29.10-17.12.2014; 18.2-15.4.2015 - S\u00ec\" \/>\n<meta property=\"og:description\" content=\"\u2022 Laboratorio per imparare a creare una borsa \u2022 Laboratorio per imparare a creare una gonna a ruota \u2022 Laboratorio\u00a0per...\" \/>\n<meta property=\"og:url\" content=\"https:\/\/ateliersi.it\/si\/tecla-il-laboratorio-di-sartoria-creativa_29-10-17-12\/\" \/>\n<meta property=\"og:site_name\" content=\"S\u00ec\" \/>\n<meta property=\"article:publisher\" content=\"https:\/\/www.facebook.com\/si.ateliersi\" \/>\n<meta property=\"article:published_time\" content=\"2014-09-11T00:30:48+00:00\" \/>\n<meta property=\"article:modified_time\" content=\"2015-09-24T18:02:29+00:00\" \/>\n<meta property=\"og:image\" content=\"https:\/\/ateliersi.it\/si\/wp-content\/uploads\/2014\/10\/10516827_873815492637175_3751626804706089356_n.jpg\" \/>\n\t<meta property=\"og:image:width\" content=\"615\" \/>\n\t<meta property=\"og:image:height\" content=\"279\" \/>\n\t<meta property=\"og:image:type\" content=\"image\/jpeg\" \/>\n<meta name=\"author\" content=\"D1gh3z_1975\" \/>\n<meta name=\"twitter:card\" content=\"summary_large_image\" \/>\n<meta name=\"twitter:creator\" content=\"@AtelierSi\" \/>\n<meta name=\"twitter:site\" content=\"@AtelierSi\" \/>\n<meta name=\"twitter:label1\" content=\"Scritto da\" \/>\n\t<meta name=\"twitter:data1\" content=\"D1gh3z_1975\" \/>\n\t<meta name=\"twitter:label2\" content=\"Tempo di lettura stimato\" \/>\n\t<meta name=\"twitter:data2\" content=\"2 minuti\" \/>\n<!-- \/ Yoast SEO plugin. -->","yoast_head_json":{"title":"Tecla \/ Il laboratorio di sartoria creativa_29.10-17.12.2014; 18.2-15.4.2015 - S\u00ec","robots":{"index":"index","follow":"follow","max-snippet":"max-snippet:-1","max-image-preview":"max-image-preview:large","max-video-preview":"max-video-preview:-1"},"canonical":"https:\/\/ateliersi.it\/si\/tecla-il-laboratorio-di-sartoria-creativa_29-10-17-12\/","og_locale":"it_IT","og_type":"article","og_title":"Tecla \/ Il laboratorio di sartoria creativa_29.10-17.12.2014; 18.2-15.4.2015 - S\u00ec","og_description":"\u2022 Laboratorio per imparare a creare una borsa \u2022 Laboratorio per imparare a creare una gonna a ruota \u2022 Laboratorio\u00a0per...","og_url":"https:\/\/ateliersi.it\/si\/tecla-il-laboratorio-di-sartoria-creativa_29-10-17-12\/","og_site_name":"S\u00ec","article_publisher":"https:\/\/www.facebook.com\/si.ateliersi","article_published_time":"2014-09-11T00:30:48+00:00","article_modified_time":"2015-09-24T18:02:29+00:00","og_image":[{"width":615,"height":279,"url":"https:\/\/ateliersi.it\/si\/wp-content\/uploads\/2014\/10\/10516827_873815492637175_3751626804706089356_n.jpg","type":"image\/jpeg"}],"author":"D1gh3z_1975","twitter_card":"summary_large_image","twitter_creator":"@AtelierSi","twitter_site":"@AtelierSi","twitter_misc":{"Scritto da":"D1gh3z_1975","Tempo di lettura stimato":"2 minuti"},"schema":{"@context":"https:\/\/schema.org","@graph":[{"@type":"Article","@id":"https:\/\/ateliersi.it\/si\/tecla-il-laboratorio-di-sartoria-creativa_29-10-17-12\/#article","isPartOf":{"@id":"https:\/\/ateliersi.it\/si\/tecla-il-laboratorio-di-sartoria-creativa_29-10-17-12\/"},"author":{"name":"D1gh3z_1975","@id":"https:\/\/ateliersi.it\/si\/#\/schema\/person\/91e4317416e640b043a6d571b095e9fe"},"headline":"Tecla \/ Il laboratorio di sartoria creativa_29.10-17.12.2014; 18.2-15.4.2015","datePublished":"2014-09-11T00:30:48+00:00","dateModified":"2015-09-24T18:02:29+00:00","mainEntityOfPage":{"@id":"https:\/\/ateliersi.it\/si\/tecla-il-laboratorio-di-sartoria-creativa_29-10-17-12\/"},"wordCount":329,"publisher":{"@id":"https:\/\/ateliersi.it\/si\/#organization"},"image":{"@id":"https:\/\/ateliersi.it\/si\/tecla-il-laboratorio-di-sartoria-creativa_29-10-17-12\/#primaryimage"},"thumbnailUrl":"https:\/\/ateliersi.it\/si\/wp-content\/uploads\/2014\/10\/10516827_873815492637175_3751626804706089356_n.jpg","articleSection":["Programma 2014\/15"],"inLanguage":"it-IT"},{"@type":"WebPage","@id":"https:\/\/ateliersi.it\/si\/tecla-il-laboratorio-di-sartoria-creativa_29-10-17-12\/","url":"https:\/\/ateliersi.it\/si\/tecla-il-laboratorio-di-sartoria-creativa_29-10-17-12\/","name":"Tecla \/ Il laboratorio di sartoria creativa_29.10-17.12.2014; 18.2-15.4.2015 - S\u00ec","isPartOf":{"@id":"https:\/\/ateliersi.it\/si\/#website"},"primaryImageOfPage":{"@id":"https:\/\/ateliersi.it\/si\/tecla-il-laboratorio-di-sartoria-creativa_29-10-17-12\/#primaryimage"},"image":{"@id":"https:\/\/ateliersi.it\/si\/tecla-il-laboratorio-di-sartoria-creativa_29-10-17-12\/#primaryimage"},"thumbnailUrl":"https:\/\/ateliersi.it\/si\/wp-content\/uploads\/2014\/10\/10516827_873815492637175_3751626804706089356_n.jpg","datePublished":"2014-09-11T00:30:48+00:00","dateModified":"2015-09-24T18:02:29+00:00","breadcrumb":{"@id":"https:\/\/ateliersi.it\/si\/tecla-il-laboratorio-di-sartoria-creativa_29-10-17-12\/#breadcrumb"},"inLanguage":"it-IT","potentialAction":[{"@type":"ReadAction","target":["https:\/\/ateliersi.it\/si\/tecla-il-laboratorio-di-sartoria-creativa_29-10-17-12\/"]}]},{"@type":"ImageObject","inLanguage":"it-IT","@id":"https:\/\/ateliersi.it\/si\/tecla-il-laboratorio-di-sartoria-creativa_29-10-17-12\/#primaryimage","url":"https:\/\/ateliersi.it\/si\/wp-content\/uploads\/2014\/10\/10516827_873815492637175_3751626804706089356_n.jpg","contentUrl":"https:\/\/ateliersi.it\/si\/wp-content\/uploads\/2014\/10\/10516827_873815492637175_3751626804706089356_n.jpg","width":615,"height":279},{"@type":"BreadcrumbList","@id":"https:\/\/ateliersi.it\/si\/tecla-il-laboratorio-di-sartoria-creativa_29-10-17-12\/#breadcrumb","itemListElement":[{"@type":"ListItem","position":1,"name":"Home","item":"https:\/\/ateliersi.it\/si\/"},{"@type":"ListItem","position":2,"name":"Tecla \/ Il laboratorio di sartoria creativa_29.10-17.12.2014; 18.2-15.4.2015"}]},{"@type":"WebSite","@id":"https:\/\/ateliersi.it\/si\/#website","url":"https:\/\/ateliersi.it\/si\/","name":"S\u00ec","description":"","publisher":{"@id":"https:\/\/ateliersi.it\/si\/#organization"},"potentialAction":[{"@type":"SearchAction","target":{"@type":"EntryPoint","urlTemplate":"https:\/\/ateliersi.it\/si\/?s={search_term_string}"},"query-input":{"@type":"PropertyValueSpecification","valueRequired":true,"valueName":"search_term_string"}}],"inLanguage":"it-IT"},{"@type":"Organization","@id":"https:\/\/ateliersi.it\/si\/#organization","name":"S\u00ec \u2013 Ateliersi","url":"https:\/\/ateliersi.it\/si\/","logo":{"@type":"ImageObject","inLanguage":"it-IT","@id":"https:\/\/ateliersi.it\/si\/#\/schema\/logo\/image\/","url":"https:\/\/ateliersi.it\/si\/wp-content\/uploads\/2015\/09\/cropped-si_head_1516.png","contentUrl":"https:\/\/ateliersi.it\/si\/wp-content\/uploads\/2015\/09\/cropped-si_head_1516.png","width":512,"height":512,"caption":"S\u00ec \u2013 Ateliersi"},"image":{"@id":"https:\/\/ateliersi.it\/si\/#\/schema\/logo\/image\/"},"sameAs":["https:\/\/www.facebook.com\/si.ateliersi","https:\/\/x.com\/AtelierSi","https:\/\/www.instagram.com\/si.ateliersi\/"]},{"@type":"Person","@id":"https:\/\/ateliersi.it\/si\/#\/schema\/person\/91e4317416e640b043a6d571b095e9fe","name":"D1gh3z_1975","image":{"@type":"ImageObject","inLanguage":"it-IT","@id":"https:\/\/ateliersi.it\/si\/#\/schema\/person\/image\/","url":"https:\/\/secure.gravatar.com\/avatar\/ededc0273e000444c333a60add515e7ec6b9e86fbfd367a63476a4a85ecb727d?s=96&d=monsterid&r=g","contentUrl":"https:\/\/secure.gravatar.com\/avatar\/ededc0273e000444c333a60add515e7ec6b9e86fbfd367a63476a4a85ecb727d?s=96&d=monsterid&r=g","caption":"D1gh3z_1975"}}]}},"rttpg_featured_image_url":{"full":["https:\/\/ateliersi.it\/si\/wp-content\/uploads\/2014\/10\/10516827_873815492637175_3751626804706089356_n.jpg",615,279,false],"landscape":["https:\/\/ateliersi.it\/si\/wp-content\/uploads\/2014\/10\/10516827_873815492637175_3751626804706089356_n.jpg",615,279,false],"portraits":["https:\/\/ateliersi.it\/si\/wp-content\/uploads\/2014\/10\/10516827_873815492637175_3751626804706089356_n.jpg",615,279,false],"thumbnail":["https:\/\/ateliersi.it\/si\/wp-content\/uploads\/2014\/10\/10516827_873815492637175_3751626804706089356_n-150x150.jpg",150,150,true],"medium":["https:\/\/ateliersi.it\/si\/wp-content\/uploads\/2014\/10\/10516827_873815492637175_3751626804706089356_n-300x136.jpg",300,136,true],"large":["https:\/\/ateliersi.it\/si\/wp-content\/uploads\/2014\/10\/10516827_873815492637175_3751626804706089356_n.jpg",615,279,false],"1536x1536":["https:\/\/ateliersi.it\/si\/wp-content\/uploads\/2014\/10\/10516827_873815492637175_3751626804706089356_n.jpg",615,279,false],"2048x2048":["https:\/\/ateliersi.it\/si\/wp-content\/uploads\/2014\/10\/10516827_873815492637175_3751626804706089356_n.jpg",615,279,false],"blog-type-1-small":["https:\/\/ateliersi.it\/si\/wp-content\/uploads\/2014\/10\/10516827_873815492637175_3751626804706089356_n-220x220.jpg",220,220,true],"blog-type-1-medium":["https:\/\/ateliersi.it\/si\/wp-content\/uploads\/2014\/10\/10516827_873815492637175_3751626804706089356_n-250x250.jpg",250,250,true],"blog-type-1-big":["https:\/\/ateliersi.it\/si\/wp-content\/uploads\/2014\/10\/10516827_873815492637175_3751626804706089356_n-338x279.jpg",338,279,true],"blog-type-3-small":["https:\/\/ateliersi.it\/si\/wp-content\/uploads\/2014\/10\/10516827_873815492637175_3751626804706089356_n-196x111.jpg",196,111,true],"blog-type-3-medium":["https:\/\/ateliersi.it\/si\/wp-content\/uploads\/2014\/10\/10516827_873815492637175_3751626804706089356_n-218x124.jpg",218,124,true],"blog-type-3-big":["https:\/\/ateliersi.it\/si\/wp-content\/uploads\/2014\/10\/10516827_873815492637175_3751626804706089356_n-300x170.jpg",300,170,true],"blog-type-4-small":["https:\/\/ateliersi.it\/si\/wp-content\/uploads\/2014\/10\/10516827_873815492637175_3751626804706089356_n-304x172.jpg",304,172,true],"blog-type-4-medium":["https:\/\/ateliersi.it\/si\/wp-content\/uploads\/2014\/10\/10516827_873815492637175_3751626804706089356_n-338x191.jpg",338,191,true],"blog-type-5-big":["https:\/\/ateliersi.it\/si\/wp-content\/uploads\/2014\/10\/10516827_873815492637175_3751626804706089356_n-460x260.jpg",460,260,true]},"rttpg_author":{"display_name":"D1gh3z_1975","author_link":"https:\/\/ateliersi.it\/si\/author\/d1gh3z_1975\/"},"rttpg_comment":0,"rttpg_category":"<a href=\"https:\/\/ateliersi.it\/si\/category\/programma-201415\/\" rel=\"category tag\">Programma 2014\/15<\/a>","rttpg_excerpt":"\u2022 Laboratorio per imparare a creare una borsa \u2022 Laboratorio per imparare a creare una gonna a ruota \u2022 Laboratorio\u00a0per...","_links":{"self":[{"href":"https:\/\/ateliersi.it\/si\/wp-json\/wp\/v2\/posts\/1286","targetHints":{"allow":["GET"]}}],"collection":[{"href":"https:\/\/ateliersi.it\/si\/wp-json\/wp\/v2\/posts"}],"about":[{"href":"https:\/\/ateliersi.it\/si\/wp-json\/wp\/v2\/types\/post"}],"author":[{"embeddable":true,"href":"https:\/\/ateliersi.it\/si\/wp-json\/wp\/v2\/users\/1"}],"replies":[{"embeddable":true,"href":"https:\/\/ateliersi.it\/si\/wp-json\/wp\/v2\/comments?post=1286"}],"version-history":[{"count":0,"href":"https:\/\/ateliersi.it\/si\/wp-json\/wp\/v2\/posts\/1286\/revisions"}],"wp:featuredmedia":[{"embeddable":true,"href":"https:\/\/ateliersi.it\/si\/wp-json\/wp\/v2\/media\/1287"}],"wp:attachment":[{"href":"https:\/\/ateliersi.it\/si\/wp-json\/wp\/v2\/media?parent=1286"}],"wp:term":[{"taxonomy":"category","embeddable":true,"href":"https:\/\/ateliersi.it\/si\/wp-json\/wp\/v2\/categories?post=1286"},{"taxonomy":"post_tag","embeddable":true,"href":"https:\/\/ateliersi.it\/si\/wp-json\/wp\/v2\/tags?post=1286"}],"curies":[{"name":"wp","href":"https:\/\/api.w.org\/{rel}","templated":true}]}}