{"id":8626,"date":"2023-02-14T12:37:37","date_gmt":"2023-02-14T11:37:37","guid":{"rendered":"https:\/\/ateliersi.it\/si\/?p=8626"},"modified":"2023-07-06T13:42:19","modified_gmt":"2023-07-06T11:42:19","slug":"aprendo-la-porta-ciclo-di-laboratori-e-incontri-a-cura-di-valentina-greco-febbraio-giugno-2023","status":"publish","type":"post","link":"https:\/\/ateliersi.it\/si\/en\/aprendo-la-porta-ciclo-di-laboratori-e-incontri-a-cura-di-valentina-greco-febbraio-giugno-2023\/","title":{"rendered":"APRENDO LA PORTA ciclo di laboratori e incontri a cura di VALENTINA GRECO, febbraio-giugno 2023"},"content":{"rendered":"<p><strong><em><img loading=\"lazy\" decoding=\"async\" class=\"alignleft size-full wp-image-8627\" src=\"https:\/\/ateliersi.it\/si\/wp-content\/uploads\/2023\/02\/alp2imgprofilo-copy.png\" alt=\"\" width=\"615\" height=\"620\" srcset=\"https:\/\/ateliersi.it\/si\/wp-content\/uploads\/2023\/02\/alp2imgprofilo-copy.png 615w, https:\/\/ateliersi.it\/si\/wp-content\/uploads\/2023\/02\/alp2imgprofilo-copy-298x300.png 298w, https:\/\/ateliersi.it\/si\/wp-content\/uploads\/2023\/02\/alp2imgprofilo-copy-150x150.png 150w\" sizes=\"auto, (max-width: 615px) 100vw, 615px\" \/>Aprendo la Porta<br \/>\n<\/em><\/strong><strong><em>Un percorso letterario nella vita delle donne<br \/>\n<\/em><\/strong>a cura di Valentina Greco<br \/>\nseconda edizione<\/p>\n<p>\u201cFra cento anni, d&#8217;altronde, pensavo giunta sulla soglia di casa, le donne non saranno pi\u00f9 il sesso protetto. Logicamente condivideranno tutte le attivit\u00e0 e tutti gli sforzi che una volta erano stati loro negati. La balia scaricher\u00e0 il carbone. La fruttivendola guider\u00e0 la macchina. Ogni presupposto basato sui fatti osservati quando le donne erano il sesso protetto sar\u00e0 scomparso \u2026 Pu\u00f2 accadere qualunque cosa quando la femminilit\u00e0 cesser\u00e0 di essere un&#8217;occupazione protetta, pensavo, aprendo la porta\u201d scrive Virginia Woolf nel 1929.<br \/>\nLa domanda di Virginia Woolf che introduceva <em>Aprendo la Porta<\/em> gi\u00e0 nel 2021 resta aperta e apre nuove porte.<br \/>\nWoolf si riferiva chiaramente alle disparit\u00e0 e alle discriminazioni nell\u2019accesso al lavoro &#8211; ancora oggi una realt\u00e0 &#8211; che tra le loro conseguenze hanno anche la creazione di una cultura, di una societ\u00e0 e di un immaginario che hanno al centro il maschio bianco, cisgenere ed eterosessuale.<br \/>\nUna realt\u00e0 che inevitabilmente si riflette anche nel mondo dell\u2019editoria.<\/p>\n<p>Per la seconda edizione di <em>Aprendo la porta<\/em> abbiamo pensato di allargare il nostro sguardo non parlando di letteratura solo attraverso i libri, ma entrando dentro i mestieri letterari ed editoriali, per capire quale sia lo spazio che hanno le donne e le femministe nel mondo dell\u2019editoria e quali spazi stanno costruendo in quel mondo.\u00a0Come l\u2019attualit\u00e0 ci insegna, non \u00e8 una mera questione biologica o di numeri, ma una questione di posizionamento.\u00a0Anche quest\u2019anno ci muoveremo su due binari, coinvolgendo ospiti di pregio: una parte degli incontri seguir\u00e0 il formato messo a punto nella scorsa edizione, avendo al centro un libro scritto o tradotto da una donna; una parte degli incontri sar\u00e0 dedicata al lavoro editoriale con uno sguardo attento non solo al genere, ma anche al femminismo e alle questioni lgbtqi+.<\/p>\n<p>L\u2019ultimo incontro sar\u00e0 un piccolo convegno sull\u2019editoria femminile e femminista, una discussione aperta con esperte del campo, non solo per fare il punto della situazione, ma soprattutto per immaginare il futuro.\u00a0I primi 4 incontri si terranno online, su Zoom e in diretta Facebook. L\u2019ultimo incontro si terr\u00e0 in presenza a Bologna a giugno (ospiti, data e luogo in via di definizione).<\/p>\n<p style=\"padding-left: 40px;\"><strong>gioved\u00ec 23 febbraio, h. 18.00<\/strong><strong><br \/>\n<\/strong><strong><em>Decolonizzare i desideri<\/em><br \/>\n<\/strong>Si parler\u00e0 di colonialismo, eurocentrismo, corpi, amore, dolore\u00a0a partire dal libro <em>Sanguemisto<\/em> (Huaco retrato) di Gabriela Wiener.\u00a0Intervengono:\u00a0Gabriela Wiener (autrice),\u00a0Elisa Tramontin (traduttrice),\u00a0Paula Satta (sociologa).\u00a0Coordina Valentina Greco (curatrice del progetto).\u00a0La traduzione simultanea \u00e8 a cura di Roberta Granelli<\/p>\n<p style=\"padding-left: 40px;\"><strong>mercoled\u00ec 22 marzo, h. 18.00<\/strong><br \/>\n<em><strong>Oltre la grammatica. La traduzione come atto politico<br \/>\n<\/strong><\/em>Partiamo parlando di traduzione con Annarella Koson (feminoska), traduttrice militante, ha tradotto per Meltemi la trilogia dell\u2019educazione di bell hooks, e Laura Fontanella, autrice de \u201cIl corpo del testo. Elementi di traduzione transfemminista queer\u201d, traduttrice e cofondatrice di Asterisco edizioni.\u00a0A guidarci, le recenti traduzioni in italiano di bell hooks e Susan Stryker.\u00a0Con Valentina Greco a coordinare l\u2019incontro ci sar\u00e0 Graziana Marziliano, de Lo Spazio Letterario. Per maggiori info:<\/p>\n<p style=\"padding-left: 40px;\"><strong>mercoled\u00ec 3 maggio, h. 18.00<br \/>\n<em>&#8220;Ora che la poesia \u00e8 questione di vita o di morte&#8221;. Di poesia e altre meravigliose mostruosit\u00e0<\/em><br \/>\n<\/strong>Attraverso l\u2019ultima raccolta poetica di June Scialpi, <em>Il Golem. L\u2019interruzione<\/em>, parleremo di mostruosit\u00e0, autodeterminazione, fragilit\u00e0, forza, bellezza sfatando miti e creandone di nuovi.<br \/>\nIntervengono June Scialpi e Valentina Pinza. Coordina Valentina Greco<strong><br \/>\n<\/strong><\/p>\n<p><strong>INFO<\/strong><br \/>\nPer aggiornamenti sulle modalit\u00e0 della partecipazione e sul programma consultare la pagina Facebook di <em>Aprendo la porta<\/em> (@aprendolaporta), il sito del <em>Patto per la Lettura di Bologna<\/em> (www.pattoletturabo.it)\u00a0 o il suo account Instagram (@PattoLetturaBO). \u00a0I libri in bibliografia saranno disponibili per l\u2019acquisto presso la Libreria delle donne di Bologna. Per informazioni scrivere a aprendolaporta@gmail.com.<\/p>\n<p><strong>CREDITI &amp; PARTENARIATO<\/strong><br \/>\nProgetto finanziato grazie al bando \u201cPromozione dell&#8217;educazione alla parit\u00e0 tra i generi e prevenzione di tutte le discriminazioni\u201d promosso dal Settore Innovazione e Semplificazione Amministrativa e Cura delle Relazioni con il Cittadino, Comune di Bologna U.I. Diritti, cooperazione e nuove cittadinanze U.O Pari opportunit\u00e0, tutela delle differenze, diritti delle persone LGBTQI e contrasto alla violenza di genere.\u00a0Ideazione e coordinamento Valentina Greco in collaborazione con Ateliersi.\u00a0In collaborazione con i Settori Biblioteche Bologna e Cultura e Creativit\u00e0 del Comune di Bologna &#8211; Dipartimento Cultura e Promozione della Citt\u00e0.\u00a0Nell\u2019ambito del Patto per Lettura di Bologna.\u00a0Partner Libreria delle Donne di Bologna.<\/p>\n<p><strong>Valentina Greco<\/strong> \u00e8 una transfemminista nata nella Sicilia costiera ed emigrata nel capoluogo dell\u2019Emilia. Ha una laurea in Storia Contemporanea, un master in Studi di Genere e un dottorato in Storia delle donne e delle identit\u00e0 di genere. Si \u00e8 occupata, tra l\u2019altro, di deportazione femminile, violenza di genere, aborto, storiografia transfemminista, corpi e tecnologie.\u00a0La poesia \u00e8 la sua vita, la letteratura la sua passione.\u00a0Il suo primo ricordo \u00e8 la madre che la teneva in braccio mentre leggeva e seguiva, per lei che non sapeva ancora leggere, le frasi col dito. Da allora non ha mai smesso di amare le parole.<\/p>\n","protected":false},"excerpt":{"rendered":"<p>Aprendo la Porta Un percorso letterario nella vita delle donne a cura di Valentina Greco seconda edizione \u201cFra cento anni,&#8230;<\/p>\n","protected":false},"author":1,"featured_media":8627,"comment_status":"closed","ping_status":"closed","sticky":false,"template":"","format":"standard","meta":{"footnotes":""},"categories":[66],"tags":[],"class_list":["post-8626","post","type-post","status-publish","format-standard","has-post-thumbnail","hentry","category-programma-2022-23"],"yoast_head":"<!-- This site is optimized with the Yoast SEO plugin v27.1.1 - https:\/\/yoast.com\/product\/yoast-seo-wordpress\/ -->\n<title>APRENDO LA PORTA ciclo di laboratori e incontri a cura di VALENTINA GRECO, febbraio-giugno 2023 - S\u00ec<\/title>\n<meta name=\"robots\" content=\"index, follow, max-snippet:-1, max-image-preview:large, max-video-preview:-1\" \/>\n<link rel=\"canonical\" href=\"https:\/\/ateliersi.it\/si\/aprendo-la-porta-ciclo-di-laboratori-e-incontri-a-cura-di-valentina-greco-febbraio-giugno-2023\/\" \/>\n<meta property=\"og:locale\" content=\"en_US\" \/>\n<meta property=\"og:type\" content=\"article\" \/>\n<meta property=\"og:title\" content=\"APRENDO LA PORTA ciclo di laboratori e incontri a cura di VALENTINA GRECO, febbraio-giugno 2023 - S\u00ec\" \/>\n<meta property=\"og:description\" content=\"Aprendo la Porta Un percorso letterario nella vita delle donne a cura di Valentina Greco seconda edizione \u201cFra cento anni,...\" \/>\n<meta property=\"og:url\" content=\"https:\/\/ateliersi.it\/si\/aprendo-la-porta-ciclo-di-laboratori-e-incontri-a-cura-di-valentina-greco-febbraio-giugno-2023\/\" \/>\n<meta property=\"og:site_name\" content=\"S\u00ec\" \/>\n<meta property=\"article:publisher\" content=\"https:\/\/www.facebook.com\/si.ateliersi\" \/>\n<meta property=\"article:published_time\" content=\"2023-02-14T11:37:37+00:00\" \/>\n<meta property=\"article:modified_time\" content=\"2023-07-06T11:42:19+00:00\" \/>\n<meta property=\"og:image\" content=\"https:\/\/ateliersi.it\/si\/wp-content\/uploads\/2023\/02\/alp2imgprofilo-copy.png\" \/>\n\t<meta property=\"og:image:width\" content=\"615\" \/>\n\t<meta property=\"og:image:height\" content=\"620\" \/>\n\t<meta property=\"og:image:type\" content=\"image\/png\" \/>\n<meta name=\"author\" content=\"D1gh3z_1975\" \/>\n<meta name=\"twitter:card\" content=\"summary_large_image\" \/>\n<meta name=\"twitter:creator\" content=\"@AtelierSi\" \/>\n<meta name=\"twitter:site\" content=\"@AtelierSi\" \/>\n<meta name=\"twitter:label1\" content=\"Written by\" \/>\n\t<meta name=\"twitter:data1\" content=\"D1gh3z_1975\" \/>\n\t<meta name=\"twitter:label2\" content=\"Est. reading time\" \/>\n\t<meta name=\"twitter:data2\" content=\"5 minutes\" \/>\n<!-- \/ Yoast SEO plugin. -->","yoast_head_json":{"title":"APRENDO LA PORTA ciclo di laboratori e incontri a cura di VALENTINA GRECO, febbraio-giugno 2023 - S\u00ec","robots":{"index":"index","follow":"follow","max-snippet":"max-snippet:-1","max-image-preview":"max-image-preview:large","max-video-preview":"max-video-preview:-1"},"canonical":"https:\/\/ateliersi.it\/si\/aprendo-la-porta-ciclo-di-laboratori-e-incontri-a-cura-di-valentina-greco-febbraio-giugno-2023\/","og_locale":"en_US","og_type":"article","og_title":"APRENDO LA PORTA ciclo di laboratori e incontri a cura di VALENTINA GRECO, febbraio-giugno 2023 - S\u00ec","og_description":"Aprendo la Porta Un percorso letterario nella vita delle donne a cura di Valentina Greco seconda edizione \u201cFra cento anni,...","og_url":"https:\/\/ateliersi.it\/si\/aprendo-la-porta-ciclo-di-laboratori-e-incontri-a-cura-di-valentina-greco-febbraio-giugno-2023\/","og_site_name":"S\u00ec","article_publisher":"https:\/\/www.facebook.com\/si.ateliersi","article_published_time":"2023-02-14T11:37:37+00:00","article_modified_time":"2023-07-06T11:42:19+00:00","og_image":[{"width":615,"height":620,"url":"https:\/\/ateliersi.it\/si\/wp-content\/uploads\/2023\/02\/alp2imgprofilo-copy.png","type":"image\/png"}],"author":"D1gh3z_1975","twitter_card":"summary_large_image","twitter_creator":"@AtelierSi","twitter_site":"@AtelierSi","twitter_misc":{"Written by":"D1gh3z_1975","Est. reading time":"5 minutes"},"schema":{"@context":"https:\/\/schema.org","@graph":[{"@type":"Article","@id":"https:\/\/ateliersi.it\/si\/aprendo-la-porta-ciclo-di-laboratori-e-incontri-a-cura-di-valentina-greco-febbraio-giugno-2023\/#article","isPartOf":{"@id":"https:\/\/ateliersi.it\/si\/aprendo-la-porta-ciclo-di-laboratori-e-incontri-a-cura-di-valentina-greco-febbraio-giugno-2023\/"},"author":{"name":"D1gh3z_1975","@id":"https:\/\/ateliersi.it\/si\/#\/schema\/person\/91e4317416e640b043a6d571b095e9fe"},"headline":"APRENDO LA PORTA ciclo di laboratori e incontri a cura di VALENTINA GRECO, febbraio-giugno 2023","datePublished":"2023-02-14T11:37:37+00:00","dateModified":"2023-07-06T11:42:19+00:00","mainEntityOfPage":{"@id":"https:\/\/ateliersi.it\/si\/aprendo-la-porta-ciclo-di-laboratori-e-incontri-a-cura-di-valentina-greco-febbraio-giugno-2023\/"},"wordCount":841,"publisher":{"@id":"https:\/\/ateliersi.it\/si\/#organization"},"image":{"@id":"https:\/\/ateliersi.it\/si\/aprendo-la-porta-ciclo-di-laboratori-e-incontri-a-cura-di-valentina-greco-febbraio-giugno-2023\/#primaryimage"},"thumbnailUrl":"https:\/\/ateliersi.it\/si\/wp-content\/uploads\/2023\/02\/alp2imgprofilo-copy.png","articleSection":["Programma 2022\/23"],"inLanguage":"en-US"},{"@type":"WebPage","@id":"https:\/\/ateliersi.it\/si\/aprendo-la-porta-ciclo-di-laboratori-e-incontri-a-cura-di-valentina-greco-febbraio-giugno-2023\/","url":"https:\/\/ateliersi.it\/si\/aprendo-la-porta-ciclo-di-laboratori-e-incontri-a-cura-di-valentina-greco-febbraio-giugno-2023\/","name":"APRENDO LA PORTA ciclo di laboratori e incontri a cura di VALENTINA GRECO, febbraio-giugno 2023 - S\u00ec","isPartOf":{"@id":"https:\/\/ateliersi.it\/si\/#website"},"primaryImageOfPage":{"@id":"https:\/\/ateliersi.it\/si\/aprendo-la-porta-ciclo-di-laboratori-e-incontri-a-cura-di-valentina-greco-febbraio-giugno-2023\/#primaryimage"},"image":{"@id":"https:\/\/ateliersi.it\/si\/aprendo-la-porta-ciclo-di-laboratori-e-incontri-a-cura-di-valentina-greco-febbraio-giugno-2023\/#primaryimage"},"thumbnailUrl":"https:\/\/ateliersi.it\/si\/wp-content\/uploads\/2023\/02\/alp2imgprofilo-copy.png","datePublished":"2023-02-14T11:37:37+00:00","dateModified":"2023-07-06T11:42:19+00:00","breadcrumb":{"@id":"https:\/\/ateliersi.it\/si\/aprendo-la-porta-ciclo-di-laboratori-e-incontri-a-cura-di-valentina-greco-febbraio-giugno-2023\/#breadcrumb"},"inLanguage":"en-US","potentialAction":[{"@type":"ReadAction","target":["https:\/\/ateliersi.it\/si\/aprendo-la-porta-ciclo-di-laboratori-e-incontri-a-cura-di-valentina-greco-febbraio-giugno-2023\/"]}]},{"@type":"ImageObject","inLanguage":"en-US","@id":"https:\/\/ateliersi.it\/si\/aprendo-la-porta-ciclo-di-laboratori-e-incontri-a-cura-di-valentina-greco-febbraio-giugno-2023\/#primaryimage","url":"https:\/\/ateliersi.it\/si\/wp-content\/uploads\/2023\/02\/alp2imgprofilo-copy.png","contentUrl":"https:\/\/ateliersi.it\/si\/wp-content\/uploads\/2023\/02\/alp2imgprofilo-copy.png","width":615,"height":620},{"@type":"BreadcrumbList","@id":"https:\/\/ateliersi.it\/si\/aprendo-la-porta-ciclo-di-laboratori-e-incontri-a-cura-di-valentina-greco-febbraio-giugno-2023\/#breadcrumb","itemListElement":[{"@type":"ListItem","position":1,"name":"Home","item":"https:\/\/ateliersi.it\/si\/en\/"},{"@type":"ListItem","position":2,"name":"APRENDO LA PORTA ciclo di laboratori e incontri a cura di VALENTINA GRECO, febbraio-giugno 2023"}]},{"@type":"WebSite","@id":"https:\/\/ateliersi.it\/si\/#website","url":"https:\/\/ateliersi.it\/si\/","name":"S\u00ec","description":"","publisher":{"@id":"https:\/\/ateliersi.it\/si\/#organization"},"potentialAction":[{"@type":"SearchAction","target":{"@type":"EntryPoint","urlTemplate":"https:\/\/ateliersi.it\/si\/?s={search_term_string}"},"query-input":{"@type":"PropertyValueSpecification","valueRequired":true,"valueName":"search_term_string"}}],"inLanguage":"en-US"},{"@type":"Organization","@id":"https:\/\/ateliersi.it\/si\/#organization","name":"S\u00ec \u2013 Ateliersi","url":"https:\/\/ateliersi.it\/si\/","logo":{"@type":"ImageObject","inLanguage":"en-US","@id":"https:\/\/ateliersi.it\/si\/#\/schema\/logo\/image\/","url":"https:\/\/ateliersi.it\/si\/wp-content\/uploads\/2015\/09\/cropped-si_head_1516.png","contentUrl":"https:\/\/ateliersi.it\/si\/wp-content\/uploads\/2015\/09\/cropped-si_head_1516.png","width":512,"height":512,"caption":"S\u00ec \u2013 Ateliersi"},"image":{"@id":"https:\/\/ateliersi.it\/si\/#\/schema\/logo\/image\/"},"sameAs":["https:\/\/www.facebook.com\/si.ateliersi","https:\/\/x.com\/AtelierSi","https:\/\/www.instagram.com\/si.ateliersi\/"]},{"@type":"Person","@id":"https:\/\/ateliersi.it\/si\/#\/schema\/person\/91e4317416e640b043a6d571b095e9fe","name":"D1gh3z_1975","image":{"@type":"ImageObject","inLanguage":"en-US","@id":"https:\/\/ateliersi.it\/si\/#\/schema\/person\/image\/","url":"https:\/\/secure.gravatar.com\/avatar\/ededc0273e000444c333a60add515e7ec6b9e86fbfd367a63476a4a85ecb727d?s=96&d=monsterid&r=g","contentUrl":"https:\/\/secure.gravatar.com\/avatar\/ededc0273e000444c333a60add515e7ec6b9e86fbfd367a63476a4a85ecb727d?s=96&d=monsterid&r=g","caption":"D1gh3z_1975"}}]}},"rttpg_featured_image_url":{"full":["https:\/\/ateliersi.it\/si\/wp-content\/uploads\/2023\/02\/alp2imgprofilo-copy.png",615,620,false],"landscape":["https:\/\/ateliersi.it\/si\/wp-content\/uploads\/2023\/02\/alp2imgprofilo-copy.png",615,620,false],"portraits":["https:\/\/ateliersi.it\/si\/wp-content\/uploads\/2023\/02\/alp2imgprofilo-copy.png",615,620,false],"thumbnail":["https:\/\/ateliersi.it\/si\/wp-content\/uploads\/2023\/02\/alp2imgprofilo-copy-150x150.png",150,150,true],"medium":["https:\/\/ateliersi.it\/si\/wp-content\/uploads\/2023\/02\/alp2imgprofilo-copy-298x300.png",298,300,true],"large":["https:\/\/ateliersi.it\/si\/wp-content\/uploads\/2023\/02\/alp2imgprofilo-copy.png",615,620,false],"1536x1536":["https:\/\/ateliersi.it\/si\/wp-content\/uploads\/2023\/02\/alp2imgprofilo-copy.png",615,620,false],"2048x2048":["https:\/\/ateliersi.it\/si\/wp-content\/uploads\/2023\/02\/alp2imgprofilo-copy.png",615,620,false],"blog-type-1-small":["https:\/\/ateliersi.it\/si\/wp-content\/uploads\/2023\/02\/alp2imgprofilo-copy-220x220.png",220,220,true],"blog-type-1-medium":["https:\/\/ateliersi.it\/si\/wp-content\/uploads\/2023\/02\/alp2imgprofilo-copy-250x250.png",250,250,true],"blog-type-1-big":["https:\/\/ateliersi.it\/si\/wp-content\/uploads\/2023\/02\/alp2imgprofilo-copy-338x338.png",338,338,true],"blog-type-3-small":["https:\/\/ateliersi.it\/si\/wp-content\/uploads\/2023\/02\/alp2imgprofilo-copy-196x111.png",196,111,true],"blog-type-3-medium":["https:\/\/ateliersi.it\/si\/wp-content\/uploads\/2023\/02\/alp2imgprofilo-copy-218x124.png",218,124,true],"blog-type-3-big":["https:\/\/ateliersi.it\/si\/wp-content\/uploads\/2023\/02\/alp2imgprofilo-copy-300x170.png",300,170,true],"blog-type-4-small":["https:\/\/ateliersi.it\/si\/wp-content\/uploads\/2023\/02\/alp2imgprofilo-copy-304x172.png",304,172,true],"blog-type-4-medium":["https:\/\/ateliersi.it\/si\/wp-content\/uploads\/2023\/02\/alp2imgprofilo-copy-338x191.png",338,191,true],"blog-type-5-big":["https:\/\/ateliersi.it\/si\/wp-content\/uploads\/2023\/02\/alp2imgprofilo-copy-460x260.png",460,260,true]},"rttpg_author":{"display_name":"D1gh3z_1975","author_link":"https:\/\/ateliersi.it\/si\/en\/author\/d1gh3z_1975\/"},"rttpg_comment":0,"rttpg_category":"<a href=\"https:\/\/ateliersi.it\/si\/category\/programma-2022-23\/\" rel=\"category tag\">Programma 2022\/23<\/a>","rttpg_excerpt":"Aprendo la Porta Un percorso letterario nella vita delle donne a cura di Valentina Greco seconda edizione \u201cFra cento anni,...","_links":{"self":[{"href":"https:\/\/ateliersi.it\/si\/en\/wp-json\/wp\/v2\/posts\/8626","targetHints":{"allow":["GET"]}}],"collection":[{"href":"https:\/\/ateliersi.it\/si\/en\/wp-json\/wp\/v2\/posts"}],"about":[{"href":"https:\/\/ateliersi.it\/si\/en\/wp-json\/wp\/v2\/types\/post"}],"author":[{"embeddable":true,"href":"https:\/\/ateliersi.it\/si\/en\/wp-json\/wp\/v2\/users\/1"}],"replies":[{"embeddable":true,"href":"https:\/\/ateliersi.it\/si\/en\/wp-json\/wp\/v2\/comments?post=8626"}],"version-history":[{"count":7,"href":"https:\/\/ateliersi.it\/si\/en\/wp-json\/wp\/v2\/posts\/8626\/revisions"}],"predecessor-version":[{"id":8723,"href":"https:\/\/ateliersi.it\/si\/en\/wp-json\/wp\/v2\/posts\/8626\/revisions\/8723"}],"wp:featuredmedia":[{"embeddable":true,"href":"https:\/\/ateliersi.it\/si\/en\/wp-json\/wp\/v2\/media\/8627"}],"wp:attachment":[{"href":"https:\/\/ateliersi.it\/si\/en\/wp-json\/wp\/v2\/media?parent=8626"}],"wp:term":[{"taxonomy":"category","embeddable":true,"href":"https:\/\/ateliersi.it\/si\/en\/wp-json\/wp\/v2\/categories?post=8626"},{"taxonomy":"post_tag","embeddable":true,"href":"https:\/\/ateliersi.it\/si\/en\/wp-json\/wp\/v2\/tags?post=8626"}],"curies":[{"name":"wp","href":"https:\/\/api.w.org\/{rel}","templated":true}]}}