{"id":8447,"date":"2022-11-24T12:34:10","date_gmt":"2022-11-24T11:34:10","guid":{"rendered":"https:\/\/ateliersi.it\/si\/?p=8447"},"modified":"2023-07-06T13:47:46","modified_gmt":"2023-07-06T11:47:46","slug":"festival-la-violenza-illustrata-atelier-si-25-27-11-2022","status":"publish","type":"post","link":"https:\/\/ateliersi.it\/si\/en\/festival-la-violenza-illustrata-atelier-si-25-27-11-2022\/","title":{"rendered":"Festival La Violenza Illustrata @Atelier S\u00ec, 25-27.11.2022"},"content":{"rendered":"<p><img loading=\"lazy\" decoding=\"async\" class=\"alignleft size-full wp-image-8448\" src=\"https:\/\/ateliersi.it\/si\/wp-content\/uploads\/2022\/11\/311789065_479075024250985_7309651706542589262_n.jpg\" alt=\"\" width=\"615\" height=\"234\" srcset=\"https:\/\/ateliersi.it\/si\/wp-content\/uploads\/2022\/11\/311789065_479075024250985_7309651706542589262_n.jpg 615w, https:\/\/ateliersi.it\/si\/wp-content\/uploads\/2022\/11\/311789065_479075024250985_7309651706542589262_n-300x114.jpg 300w\" sizes=\"auto, (max-width: 615px) 100vw, 615px\" \/>Festival La Violenza Illustrata XVII edizione | Bologna 25 novembre-10 dicembre 2022<\/p>\n<p><strong>venerd\u00ec 25 novembre, alle 17.00<\/strong><br \/>\n<em><strong>Sexy or Sexist? Genere, stereotipi, educazione, Quali strategie per contrastare sessismo e discriminazioni?<\/strong><\/em><\/p>\n<p>Le discriminazioni a carattere sessista e l\u2019incitamento all\u2019odio di genere sono forme di violenza subdole e capillari che perpetuano le disuguaglianza di genere nella societ\u00e0. Quali sono le strategie educative, comunicative e culturali per contrastare tali processi?<\/p>\n<p>Intervengono:<br \/>\nL\u2019autrice <strong>Karen Ricci<\/strong>, <a href=\"https:\/\/www.facebook.com\/caraseimaschilista\/\">@Caraseimaschilista<\/a><br \/>\n<strong>Nicoletta Landi<\/strong>, COSPE;<br \/>\n<strong>Silvia Carboni<\/strong>, Casa delle donne per non subire violenza.<\/p>\n<p>L\u2019evento rientra nell\u2019ambito del progetto <a href=\"https:\/\/www.casadonne.it\/play-4-your-rights-un-progetto-per-contrastare-il-sessismo-tra-gli-adolescenti-attraverso-il-gioco\/\" target=\"_blank\" rel=\"noopener\">&#8220;<i>Play for your rights! Strategie innovative di educazione ai media contro il sessismo e la discriminazione<\/i>\u201d<\/a>, finanziato dall\u2019Unione Europea (programma Erasmus+) e dalla Regione Emilia Romagna, e promosso da <a href=\"https:\/\/www.cospe.org\/?gclid=Cj0KCQiApb2bBhDYARIsAChHC9vIN9EXvukZeas321MVKpJA_EXrXRAnZVnqSlbjT3apJz_HJQGoXTkaAnlIEALw_wcB\">COSPE Onlus<\/a>, <a href=\"https:\/\/www.casadonne.it\/\">Casa delle donne per non subire violenza<\/a> e<a href=\"https:\/\/www.zaffiria.it\/\"> Zaffiria<\/a>, in collaborazione con diversi partner europei.<\/p>\n<p>Il progetto affronta le tematiche dei discorsi d\u2019odio sessisti con gli\/le adolescenti attraverso lo sviluppo di strumenti educativi dinamici ed interattivi.<\/p>\n<p>Secondo una pubblicazione del Consiglio d\u2019Europa (<i>Combatting hate Speech<\/i>) le discriminazioni a carattere sessista ed i discorsi d\u2019odio stanno aumentando in maniera dilagante in tutta Europa. L\u2019incitamento all\u2019odio sessista \u00e8 una forma di violenza contro le donne che coinvolge direttamente adolescenti e giovani. In Italia 9 adolescenti su 10 hanno subito <i>body shaming<\/i>. Nel mondo il 52% delle giovani tra i 14 ed i 35 anni ha subito abusi online (molestie, messaggi minatori e condivisione di immagini private senza consenso). Il fenomeno del <i>revenge porn<\/i> \u00e8 oggi tra le principali preoccupazioni degli\/delle adolescenti italian\u0259.<br \/>\nLe cause profonde dell\u2019incitamento all\u2019odio sessista, al di l\u00e0 delle nuove dimensioni raggiunte con internet, precedono per\u00f2 la tecnologia e sono fondamentalmente legate alle persistenti ed ineguali relazioni di potere tra donne e uomini.<\/p>\n<p><a href=\"https:\/\/www.cospe.org\/progetti\/61690\/play4-strategie-innovative-di-educazione-ai-media-contro-il-sessismo-e-la-discriminazione\/\"><strong>Clicca qui<\/strong><\/a> per maggiori informazioni.<\/p>\n<p>|||||<\/p>\n<p><strong>domenica 27 novembre, alle 18.00<\/strong><br \/>\n<em><strong>A voci unite<\/strong><\/em><br \/>\nconcerto<\/p>\n<p>Per la quarta volta, il Festival \u00e8 lieto di ospitare il concerto del <a href=\"https:\/\/www.facebook.com\/profile.php?id=100043522302113\">Coro Per futili motivi<\/a>.<br \/>\nNato a Bologna nel 2016 ad opera di un gruppo di donne piene di energie accomunate da varie passioni, fra cui il canto. Il repertorio spazia tra vari generi e culture da tutto il mondo. Si costruisce cos\u00ec un percorso canoro per allietare le ugole di chi canta e le orecchie di chi ascolta. Con leggerezza e ironia si d\u00e0 voce a storie tra il sacro e il profano passando attraverso canti d\u2019amore, nenie e canti devozionali.<\/p>\n<p><b>Direttrice del Coro\u00a0<\/b>Daniela Preziuso<br \/>\n<b>Soprani\u00a0<\/b>Maria Piera Macci, Sandra Marragony, Marta Serrani, Dora Vedova, Giulia Villani<br \/>\n<b>Mezzi Soprani\u00a0<\/b>Erika Di Marco, Luciana Grieco, Rita Levoni Bemposti, Zoe Papakonstantinou,\u00a0 Maria Santamaria, Anna Santoro, Laura Speziali, Tania Passarini<br \/>\n<b>Contralti\u00a0<\/b>Paola Castiglioni, Silvia Manca, Lucrezia Mantovani, Silvia Mastrogregori, Veronica Mormile, Alice Restani<\/p>\n<p>Il concerto \u00e8 accompagnato dall\u2019aperitivo solidale per <a href=\"https:\/\/www.casadonne.it\/\">Casa delle donne per non subire violenza<\/a> a cura di Ateliersi.<\/p>\n<p>|||||<\/p>\n<p><a href=\"https:\/\/festivallaviolenzaillustrata.it\" target=\"_blank\" rel=\"noopener\">Clicca qui<\/a> per conoscere il programma di tutto il festival.<\/p>\n","protected":false},"excerpt":{"rendered":"<p>Festival La Violenza Illustrata XVII edizione | Bologna 25 novembre-10 dicembre 2022 venerd\u00ec 25 novembre, alle 17.00 Sexy or Sexist?&#8230;<\/p>\n","protected":false},"author":1,"featured_media":8452,"comment_status":"closed","ping_status":"closed","sticky":false,"template":"","format":"standard","meta":{"footnotes":""},"categories":[66],"tags":[],"class_list":["post-8447","post","type-post","status-publish","format-standard","has-post-thumbnail","hentry","category-programma-2022-23"],"yoast_head":"<!-- This site is optimized with the Yoast SEO plugin v27.1.1 - https:\/\/yoast.com\/product\/yoast-seo-wordpress\/ -->\n<title>Festival La Violenza Illustrata @Atelier S\u00ec, 25-27.11.2022 - S\u00ec<\/title>\n<meta name=\"robots\" content=\"index, follow, max-snippet:-1, max-image-preview:large, max-video-preview:-1\" \/>\n<link rel=\"canonical\" href=\"https:\/\/ateliersi.it\/si\/festival-la-violenza-illustrata-atelier-si-25-27-11-2022\/\" \/>\n<meta property=\"og:locale\" content=\"en_US\" \/>\n<meta property=\"og:type\" content=\"article\" \/>\n<meta property=\"og:title\" content=\"Festival La Violenza Illustrata @Atelier S\u00ec, 25-27.11.2022 - S\u00ec\" \/>\n<meta property=\"og:description\" content=\"Festival La Violenza Illustrata XVII edizione | Bologna 25 novembre-10 dicembre 2022 venerd\u00ec 25 novembre, alle 17.00 Sexy or Sexist?...\" \/>\n<meta property=\"og:url\" content=\"https:\/\/ateliersi.it\/si\/festival-la-violenza-illustrata-atelier-si-25-27-11-2022\/\" \/>\n<meta property=\"og:site_name\" content=\"S\u00ec\" \/>\n<meta property=\"article:publisher\" content=\"https:\/\/www.facebook.com\/si.ateliersi\" \/>\n<meta property=\"article:published_time\" content=\"2022-11-24T11:34:10+00:00\" \/>\n<meta property=\"article:modified_time\" content=\"2023-07-06T11:47:46+00:00\" \/>\n<meta property=\"og:image\" content=\"https:\/\/ateliersi.it\/si\/wp-content\/uploads\/2022\/11\/316278727_627475165840800_8875892546895326298_n.jpg\" \/>\n\t<meta property=\"og:image:width\" content=\"526\" \/>\n\t<meta property=\"og:image:height\" content=\"526\" \/>\n\t<meta property=\"og:image:type\" content=\"image\/jpeg\" \/>\n<meta name=\"author\" content=\"D1gh3z_1975\" \/>\n<meta name=\"twitter:card\" content=\"summary_large_image\" \/>\n<meta name=\"twitter:creator\" content=\"@AtelierSi\" \/>\n<meta name=\"twitter:site\" content=\"@AtelierSi\" \/>\n<meta name=\"twitter:label1\" content=\"Written by\" \/>\n\t<meta name=\"twitter:data1\" content=\"D1gh3z_1975\" \/>\n\t<meta name=\"twitter:label2\" content=\"Est. reading time\" \/>\n\t<meta name=\"twitter:data2\" content=\"3 minutes\" \/>\n<!-- \/ Yoast SEO plugin. -->","yoast_head_json":{"title":"Festival La Violenza Illustrata @Atelier S\u00ec, 25-27.11.2022 - S\u00ec","robots":{"index":"index","follow":"follow","max-snippet":"max-snippet:-1","max-image-preview":"max-image-preview:large","max-video-preview":"max-video-preview:-1"},"canonical":"https:\/\/ateliersi.it\/si\/festival-la-violenza-illustrata-atelier-si-25-27-11-2022\/","og_locale":"en_US","og_type":"article","og_title":"Festival La Violenza Illustrata @Atelier S\u00ec, 25-27.11.2022 - S\u00ec","og_description":"Festival La Violenza Illustrata XVII edizione | Bologna 25 novembre-10 dicembre 2022 venerd\u00ec 25 novembre, alle 17.00 Sexy or Sexist?...","og_url":"https:\/\/ateliersi.it\/si\/festival-la-violenza-illustrata-atelier-si-25-27-11-2022\/","og_site_name":"S\u00ec","article_publisher":"https:\/\/www.facebook.com\/si.ateliersi","article_published_time":"2022-11-24T11:34:10+00:00","article_modified_time":"2023-07-06T11:47:46+00:00","og_image":[{"width":526,"height":526,"url":"https:\/\/ateliersi.it\/si\/wp-content\/uploads\/2022\/11\/316278727_627475165840800_8875892546895326298_n.jpg","type":"image\/jpeg"}],"author":"D1gh3z_1975","twitter_card":"summary_large_image","twitter_creator":"@AtelierSi","twitter_site":"@AtelierSi","twitter_misc":{"Written by":"D1gh3z_1975","Est. reading time":"3 minutes"},"schema":{"@context":"https:\/\/schema.org","@graph":[{"@type":"Article","@id":"https:\/\/ateliersi.it\/si\/festival-la-violenza-illustrata-atelier-si-25-27-11-2022\/#article","isPartOf":{"@id":"https:\/\/ateliersi.it\/si\/festival-la-violenza-illustrata-atelier-si-25-27-11-2022\/"},"author":{"name":"D1gh3z_1975","@id":"https:\/\/ateliersi.it\/si\/#\/schema\/person\/91e4317416e640b043a6d571b095e9fe"},"headline":"Festival La Violenza Illustrata @Atelier S\u00ec, 25-27.11.2022","datePublished":"2022-11-24T11:34:10+00:00","dateModified":"2023-07-06T11:47:46+00:00","mainEntityOfPage":{"@id":"https:\/\/ateliersi.it\/si\/festival-la-violenza-illustrata-atelier-si-25-27-11-2022\/"},"wordCount":477,"publisher":{"@id":"https:\/\/ateliersi.it\/si\/#organization"},"image":{"@id":"https:\/\/ateliersi.it\/si\/festival-la-violenza-illustrata-atelier-si-25-27-11-2022\/#primaryimage"},"thumbnailUrl":"https:\/\/ateliersi.it\/si\/wp-content\/uploads\/2022\/11\/316278727_627475165840800_8875892546895326298_n.jpg","articleSection":["Programma 2022\/23"],"inLanguage":"en-US"},{"@type":"WebPage","@id":"https:\/\/ateliersi.it\/si\/festival-la-violenza-illustrata-atelier-si-25-27-11-2022\/","url":"https:\/\/ateliersi.it\/si\/festival-la-violenza-illustrata-atelier-si-25-27-11-2022\/","name":"Festival La Violenza Illustrata @Atelier S\u00ec, 25-27.11.2022 - S\u00ec","isPartOf":{"@id":"https:\/\/ateliersi.it\/si\/#website"},"primaryImageOfPage":{"@id":"https:\/\/ateliersi.it\/si\/festival-la-violenza-illustrata-atelier-si-25-27-11-2022\/#primaryimage"},"image":{"@id":"https:\/\/ateliersi.it\/si\/festival-la-violenza-illustrata-atelier-si-25-27-11-2022\/#primaryimage"},"thumbnailUrl":"https:\/\/ateliersi.it\/si\/wp-content\/uploads\/2022\/11\/316278727_627475165840800_8875892546895326298_n.jpg","datePublished":"2022-11-24T11:34:10+00:00","dateModified":"2023-07-06T11:47:46+00:00","breadcrumb":{"@id":"https:\/\/ateliersi.it\/si\/festival-la-violenza-illustrata-atelier-si-25-27-11-2022\/#breadcrumb"},"inLanguage":"en-US","potentialAction":[{"@type":"ReadAction","target":["https:\/\/ateliersi.it\/si\/festival-la-violenza-illustrata-atelier-si-25-27-11-2022\/"]}]},{"@type":"ImageObject","inLanguage":"en-US","@id":"https:\/\/ateliersi.it\/si\/festival-la-violenza-illustrata-atelier-si-25-27-11-2022\/#primaryimage","url":"https:\/\/ateliersi.it\/si\/wp-content\/uploads\/2022\/11\/316278727_627475165840800_8875892546895326298_n.jpg","contentUrl":"https:\/\/ateliersi.it\/si\/wp-content\/uploads\/2022\/11\/316278727_627475165840800_8875892546895326298_n.jpg","width":526,"height":526},{"@type":"BreadcrumbList","@id":"https:\/\/ateliersi.it\/si\/festival-la-violenza-illustrata-atelier-si-25-27-11-2022\/#breadcrumb","itemListElement":[{"@type":"ListItem","position":1,"name":"Home","item":"https:\/\/ateliersi.it\/si\/en\/"},{"@type":"ListItem","position":2,"name":"Festival La Violenza Illustrata @Atelier S\u00ec, 25-27.11.2022"}]},{"@type":"WebSite","@id":"https:\/\/ateliersi.it\/si\/#website","url":"https:\/\/ateliersi.it\/si\/","name":"S\u00ec","description":"","publisher":{"@id":"https:\/\/ateliersi.it\/si\/#organization"},"potentialAction":[{"@type":"SearchAction","target":{"@type":"EntryPoint","urlTemplate":"https:\/\/ateliersi.it\/si\/?s={search_term_string}"},"query-input":{"@type":"PropertyValueSpecification","valueRequired":true,"valueName":"search_term_string"}}],"inLanguage":"en-US"},{"@type":"Organization","@id":"https:\/\/ateliersi.it\/si\/#organization","name":"S\u00ec \u2013 Ateliersi","url":"https:\/\/ateliersi.it\/si\/","logo":{"@type":"ImageObject","inLanguage":"en-US","@id":"https:\/\/ateliersi.it\/si\/#\/schema\/logo\/image\/","url":"https:\/\/ateliersi.it\/si\/wp-content\/uploads\/2015\/09\/cropped-si_head_1516.png","contentUrl":"https:\/\/ateliersi.it\/si\/wp-content\/uploads\/2015\/09\/cropped-si_head_1516.png","width":512,"height":512,"caption":"S\u00ec \u2013 Ateliersi"},"image":{"@id":"https:\/\/ateliersi.it\/si\/#\/schema\/logo\/image\/"},"sameAs":["https:\/\/www.facebook.com\/si.ateliersi","https:\/\/x.com\/AtelierSi","https:\/\/www.instagram.com\/si.ateliersi\/"]},{"@type":"Person","@id":"https:\/\/ateliersi.it\/si\/#\/schema\/person\/91e4317416e640b043a6d571b095e9fe","name":"D1gh3z_1975","image":{"@type":"ImageObject","inLanguage":"en-US","@id":"https:\/\/ateliersi.it\/si\/#\/schema\/person\/image\/","url":"https:\/\/secure.gravatar.com\/avatar\/ededc0273e000444c333a60add515e7ec6b9e86fbfd367a63476a4a85ecb727d?s=96&d=monsterid&r=g","contentUrl":"https:\/\/secure.gravatar.com\/avatar\/ededc0273e000444c333a60add515e7ec6b9e86fbfd367a63476a4a85ecb727d?s=96&d=monsterid&r=g","caption":"D1gh3z_1975"}}]}},"rttpg_featured_image_url":{"full":["https:\/\/ateliersi.it\/si\/wp-content\/uploads\/2022\/11\/316278727_627475165840800_8875892546895326298_n.jpg",526,526,false],"landscape":["https:\/\/ateliersi.it\/si\/wp-content\/uploads\/2022\/11\/316278727_627475165840800_8875892546895326298_n.jpg",526,526,false],"portraits":["https:\/\/ateliersi.it\/si\/wp-content\/uploads\/2022\/11\/316278727_627475165840800_8875892546895326298_n.jpg",526,526,false],"thumbnail":["https:\/\/ateliersi.it\/si\/wp-content\/uploads\/2022\/11\/316278727_627475165840800_8875892546895326298_n-150x150.jpg",150,150,true],"medium":["https:\/\/ateliersi.it\/si\/wp-content\/uploads\/2022\/11\/316278727_627475165840800_8875892546895326298_n-300x300.jpg",300,300,true],"large":["https:\/\/ateliersi.it\/si\/wp-content\/uploads\/2022\/11\/316278727_627475165840800_8875892546895326298_n.jpg",526,526,false],"1536x1536":["https:\/\/ateliersi.it\/si\/wp-content\/uploads\/2022\/11\/316278727_627475165840800_8875892546895326298_n.jpg",526,526,false],"2048x2048":["https:\/\/ateliersi.it\/si\/wp-content\/uploads\/2022\/11\/316278727_627475165840800_8875892546895326298_n.jpg",526,526,false],"blog-type-1-small":["https:\/\/ateliersi.it\/si\/wp-content\/uploads\/2022\/11\/316278727_627475165840800_8875892546895326298_n-220x220.jpg",220,220,true],"blog-type-1-medium":["https:\/\/ateliersi.it\/si\/wp-content\/uploads\/2022\/11\/316278727_627475165840800_8875892546895326298_n-250x250.jpg",250,250,true],"blog-type-1-big":["https:\/\/ateliersi.it\/si\/wp-content\/uploads\/2022\/11\/316278727_627475165840800_8875892546895326298_n-338x338.jpg",338,338,true],"blog-type-3-small":["https:\/\/ateliersi.it\/si\/wp-content\/uploads\/2022\/11\/316278727_627475165840800_8875892546895326298_n-196x111.jpg",196,111,true],"blog-type-3-medium":["https:\/\/ateliersi.it\/si\/wp-content\/uploads\/2022\/11\/316278727_627475165840800_8875892546895326298_n-218x124.jpg",218,124,true],"blog-type-3-big":["https:\/\/ateliersi.it\/si\/wp-content\/uploads\/2022\/11\/316278727_627475165840800_8875892546895326298_n-300x170.jpg",300,170,true],"blog-type-4-small":["https:\/\/ateliersi.it\/si\/wp-content\/uploads\/2022\/11\/316278727_627475165840800_8875892546895326298_n-304x172.jpg",304,172,true],"blog-type-4-medium":["https:\/\/ateliersi.it\/si\/wp-content\/uploads\/2022\/11\/316278727_627475165840800_8875892546895326298_n-338x191.jpg",338,191,true],"blog-type-5-big":["https:\/\/ateliersi.it\/si\/wp-content\/uploads\/2022\/11\/316278727_627475165840800_8875892546895326298_n-460x260.jpg",460,260,true]},"rttpg_author":{"display_name":"D1gh3z_1975","author_link":"https:\/\/ateliersi.it\/si\/en\/author\/d1gh3z_1975\/"},"rttpg_comment":0,"rttpg_category":"<a href=\"https:\/\/ateliersi.it\/si\/category\/programma-2022-23\/\" rel=\"category tag\">Programma 2022\/23<\/a>","rttpg_excerpt":"Festival La Violenza Illustrata XVII edizione | Bologna 25 novembre-10 dicembre 2022 venerd\u00ec 25 novembre, alle 17.00 Sexy or Sexist?...","_links":{"self":[{"href":"https:\/\/ateliersi.it\/si\/en\/wp-json\/wp\/v2\/posts\/8447","targetHints":{"allow":["GET"]}}],"collection":[{"href":"https:\/\/ateliersi.it\/si\/en\/wp-json\/wp\/v2\/posts"}],"about":[{"href":"https:\/\/ateliersi.it\/si\/en\/wp-json\/wp\/v2\/types\/post"}],"author":[{"embeddable":true,"href":"https:\/\/ateliersi.it\/si\/en\/wp-json\/wp\/v2\/users\/1"}],"replies":[{"embeddable":true,"href":"https:\/\/ateliersi.it\/si\/en\/wp-json\/wp\/v2\/comments?post=8447"}],"version-history":[{"count":3,"href":"https:\/\/ateliersi.it\/si\/en\/wp-json\/wp\/v2\/posts\/8447\/revisions"}],"predecessor-version":[{"id":8454,"href":"https:\/\/ateliersi.it\/si\/en\/wp-json\/wp\/v2\/posts\/8447\/revisions\/8454"}],"wp:featuredmedia":[{"embeddable":true,"href":"https:\/\/ateliersi.it\/si\/en\/wp-json\/wp\/v2\/media\/8452"}],"wp:attachment":[{"href":"https:\/\/ateliersi.it\/si\/en\/wp-json\/wp\/v2\/media?parent=8447"}],"wp:term":[{"taxonomy":"category","embeddable":true,"href":"https:\/\/ateliersi.it\/si\/en\/wp-json\/wp\/v2\/categories?post=8447"},{"taxonomy":"post_tag","embeddable":true,"href":"https:\/\/ateliersi.it\/si\/en\/wp-json\/wp\/v2\/tags?post=8447"}],"curies":[{"name":"wp","href":"https:\/\/api.w.org\/{rel}","templated":true}]}}