{"id":709,"date":"2014-08-29T00:00:59","date_gmt":"2014-08-28T22:00:59","guid":{"rendered":"http:\/\/ateliersi.it\/si\/?p=709"},"modified":"2015-09-24T20:18:18","modified_gmt":"2015-09-24T18:18:18","slug":"titolo-anne-vagt-14-21-11-2014","status":"publish","type":"post","link":"https:\/\/ateliersi.it\/si\/en\/titolo-anne-vagt-14-21-11-2014\/","title":{"rendered":"Anne Vagt \/ La porta del S\u00ec, 14-21.11.2014"},"content":{"rendered":"<p><img loading=\"lazy\" decoding=\"async\" class=\"alignnone size-full wp-image-855\" src=\"http:\/\/ateliersi.it\/si\/wp-content\/uploads\/2014\/09\/Vagt_low.jpg\" alt=\"Vagt_low\" width=\"615\" height=\"292\" srcset=\"https:\/\/ateliersi.it\/si\/wp-content\/uploads\/2014\/09\/Vagt_low.jpg 615w, https:\/\/ateliersi.it\/si\/wp-content\/uploads\/2014\/09\/Vagt_low-300x142.jpg 300w\" sizes=\"auto, (max-width: 615px) 100vw, 615px\" \/><\/p>\n<p>Inaugurazione, venerd\u00ec 21.11, ore 20.30, ingresso gratuito<\/p>\n<p>In dialogo con BilBOlbul l&#8217;illustratrice Anna Vagt \u00e8 in residenza al S\u00ec dal 14 al 21 novembre con l&#8217;obiettivo di trovare e realizzare una soluzione visiva per la porta d&#8217;ingresso del S\u00ec: il numero 69 di Via San Vitale.<\/p>\n<p>Anne Vagt, nata nel 1978, \u00e8 un artista e illustratrice tedesca. Ha studiato presso l\u2019Universit\u00e0 di Scienze Applicate di Amburgo e presso il Minneapolis College of Art and Design (USA). Ha vissuto a New York City, vive ad Amburgo.Il suo lavoro, una ricerca sintetica, ispirata alla grafica pubblicitaria ed editoriale e scaldata con colori e tratti consapevolmente naif, \u00e8 stato esposto in patria e all\u2019estero, in occasione di diversi festival internazionali dedicati al fumetto e all\u2019illustrazione.I suoi lavori sono comparsi su diversi quotidiani e riviste di fama internazionale: The New York Times, Die ZEIT, Strapazin, Slanted and Designers Digest. \u00c8 co-editrice della rivista Spring. Il suo lavoro comparir\u00e0 per la prima volta in Italia nell\u2019antologia di prossima pubblicazione Canicola Germania (Canicola Edizioni, 2014).<\/p>\n","protected":false},"excerpt":{"rendered":"<p>Inaugurazione, venerd\u00ec 21.11, ore 20.30, ingresso gratuito In dialogo con BilBOlbul l&#8217;illustratrice Anna Vagt \u00e8 in residenza al S\u00ec dal&#8230;<\/p>\n","protected":false},"author":1,"featured_media":854,"comment_status":"closed","ping_status":"closed","sticky":false,"template":"","format":"standard","meta":{"footnotes":""},"categories":[11],"tags":[],"class_list":["post-709","post","type-post","status-publish","format-standard","has-post-thumbnail","hentry","category-programma-201415"],"yoast_head":"<!-- This site is optimized with the Yoast SEO plugin v27.1.1 - https:\/\/yoast.com\/product\/yoast-seo-wordpress\/ -->\n<title>Anne Vagt \/ La porta del S\u00ec, 14-21.11.2014 - S\u00ec<\/title>\n<meta name=\"robots\" content=\"index, follow, max-snippet:-1, max-image-preview:large, max-video-preview:-1\" \/>\n<link rel=\"canonical\" href=\"https:\/\/ateliersi.it\/si\/titolo-anne-vagt-14-21-11-2014\/\" \/>\n<meta property=\"og:locale\" content=\"en_US\" \/>\n<meta property=\"og:type\" content=\"article\" \/>\n<meta property=\"og:title\" content=\"Anne Vagt \/ La porta del S\u00ec, 14-21.11.2014 - S\u00ec\" \/>\n<meta property=\"og:description\" content=\"Inaugurazione, venerd\u00ec 21.11, ore 20.30, ingresso gratuito In dialogo con BilBOlbul l&#8217;illustratrice Anna Vagt \u00e8 in residenza al S\u00ec dal...\" \/>\n<meta property=\"og:url\" content=\"https:\/\/ateliersi.it\/si\/titolo-anne-vagt-14-21-11-2014\/\" \/>\n<meta property=\"og:site_name\" content=\"S\u00ec\" \/>\n<meta property=\"article:publisher\" content=\"https:\/\/www.facebook.com\/si.ateliersi\" \/>\n<meta property=\"article:published_time\" content=\"2014-08-28T22:00:59+00:00\" \/>\n<meta property=\"article:modified_time\" content=\"2015-09-24T18:18:18+00:00\" \/>\n<meta property=\"og:image\" content=\"https:\/\/ateliersi.it\/si\/wp-content\/uploads\/2014\/09\/Vagt_th.jpg\" \/>\n\t<meta property=\"og:image:width\" content=\"222\" \/>\n\t<meta property=\"og:image:height\" content=\"222\" \/>\n\t<meta property=\"og:image:type\" content=\"image\/jpeg\" \/>\n<meta name=\"author\" content=\"D1gh3z_1975\" \/>\n<meta name=\"twitter:card\" content=\"summary_large_image\" \/>\n<meta name=\"twitter:creator\" content=\"@AtelierSi\" \/>\n<meta name=\"twitter:site\" content=\"@AtelierSi\" \/>\n<meta name=\"twitter:label1\" content=\"Written by\" \/>\n\t<meta name=\"twitter:data1\" content=\"D1gh3z_1975\" \/>\n\t<meta name=\"twitter:label2\" content=\"Est. reading time\" \/>\n\t<meta name=\"twitter:data2\" content=\"1 minute\" \/>\n<!-- \/ Yoast SEO plugin. -->","yoast_head_json":{"title":"Anne Vagt \/ La porta del S\u00ec, 14-21.11.2014 - S\u00ec","robots":{"index":"index","follow":"follow","max-snippet":"max-snippet:-1","max-image-preview":"max-image-preview:large","max-video-preview":"max-video-preview:-1"},"canonical":"https:\/\/ateliersi.it\/si\/titolo-anne-vagt-14-21-11-2014\/","og_locale":"en_US","og_type":"article","og_title":"Anne Vagt \/ La porta del S\u00ec, 14-21.11.2014 - S\u00ec","og_description":"Inaugurazione, venerd\u00ec 21.11, ore 20.30, ingresso gratuito In dialogo con BilBOlbul l&#8217;illustratrice Anna Vagt \u00e8 in residenza al S\u00ec dal...","og_url":"https:\/\/ateliersi.it\/si\/titolo-anne-vagt-14-21-11-2014\/","og_site_name":"S\u00ec","article_publisher":"https:\/\/www.facebook.com\/si.ateliersi","article_published_time":"2014-08-28T22:00:59+00:00","article_modified_time":"2015-09-24T18:18:18+00:00","og_image":[{"width":222,"height":222,"url":"https:\/\/ateliersi.it\/si\/wp-content\/uploads\/2014\/09\/Vagt_th.jpg","type":"image\/jpeg"}],"author":"D1gh3z_1975","twitter_card":"summary_large_image","twitter_creator":"@AtelierSi","twitter_site":"@AtelierSi","twitter_misc":{"Written by":"D1gh3z_1975","Est. reading time":"1 minute"},"schema":{"@context":"https:\/\/schema.org","@graph":[{"@type":"Article","@id":"https:\/\/ateliersi.it\/si\/titolo-anne-vagt-14-21-11-2014\/#article","isPartOf":{"@id":"https:\/\/ateliersi.it\/si\/titolo-anne-vagt-14-21-11-2014\/"},"author":{"name":"D1gh3z_1975","@id":"https:\/\/ateliersi.it\/si\/#\/schema\/person\/91e4317416e640b043a6d571b095e9fe"},"headline":"Anne Vagt \/ La porta del S\u00ec, 14-21.11.2014","datePublished":"2014-08-28T22:00:59+00:00","dateModified":"2015-09-24T18:18:18+00:00","mainEntityOfPage":{"@id":"https:\/\/ateliersi.it\/si\/titolo-anne-vagt-14-21-11-2014\/"},"wordCount":174,"publisher":{"@id":"https:\/\/ateliersi.it\/si\/#organization"},"image":{"@id":"https:\/\/ateliersi.it\/si\/titolo-anne-vagt-14-21-11-2014\/#primaryimage"},"thumbnailUrl":"https:\/\/ateliersi.it\/si\/wp-content\/uploads\/2014\/09\/Vagt_th.jpg","articleSection":["Programma 2014\/15"],"inLanguage":"en-US"},{"@type":"WebPage","@id":"https:\/\/ateliersi.it\/si\/titolo-anne-vagt-14-21-11-2014\/","url":"https:\/\/ateliersi.it\/si\/titolo-anne-vagt-14-21-11-2014\/","name":"Anne Vagt \/ La porta del S\u00ec, 14-21.11.2014 - S\u00ec","isPartOf":{"@id":"https:\/\/ateliersi.it\/si\/#website"},"primaryImageOfPage":{"@id":"https:\/\/ateliersi.it\/si\/titolo-anne-vagt-14-21-11-2014\/#primaryimage"},"image":{"@id":"https:\/\/ateliersi.it\/si\/titolo-anne-vagt-14-21-11-2014\/#primaryimage"},"thumbnailUrl":"https:\/\/ateliersi.it\/si\/wp-content\/uploads\/2014\/09\/Vagt_th.jpg","datePublished":"2014-08-28T22:00:59+00:00","dateModified":"2015-09-24T18:18:18+00:00","breadcrumb":{"@id":"https:\/\/ateliersi.it\/si\/titolo-anne-vagt-14-21-11-2014\/#breadcrumb"},"inLanguage":"en-US","potentialAction":[{"@type":"ReadAction","target":["https:\/\/ateliersi.it\/si\/titolo-anne-vagt-14-21-11-2014\/"]}]},{"@type":"ImageObject","inLanguage":"en-US","@id":"https:\/\/ateliersi.it\/si\/titolo-anne-vagt-14-21-11-2014\/#primaryimage","url":"https:\/\/ateliersi.it\/si\/wp-content\/uploads\/2014\/09\/Vagt_th.jpg","contentUrl":"https:\/\/ateliersi.it\/si\/wp-content\/uploads\/2014\/09\/Vagt_th.jpg","width":222,"height":222},{"@type":"BreadcrumbList","@id":"https:\/\/ateliersi.it\/si\/titolo-anne-vagt-14-21-11-2014\/#breadcrumb","itemListElement":[{"@type":"ListItem","position":1,"name":"Home","item":"https:\/\/ateliersi.it\/si\/en\/"},{"@type":"ListItem","position":2,"name":"Anne Vagt \/ La porta del S\u00ec, 14-21.11.2014"}]},{"@type":"WebSite","@id":"https:\/\/ateliersi.it\/si\/#website","url":"https:\/\/ateliersi.it\/si\/","name":"S\u00ec","description":"","publisher":{"@id":"https:\/\/ateliersi.it\/si\/#organization"},"potentialAction":[{"@type":"SearchAction","target":{"@type":"EntryPoint","urlTemplate":"https:\/\/ateliersi.it\/si\/?s={search_term_string}"},"query-input":{"@type":"PropertyValueSpecification","valueRequired":true,"valueName":"search_term_string"}}],"inLanguage":"en-US"},{"@type":"Organization","@id":"https:\/\/ateliersi.it\/si\/#organization","name":"S\u00ec \u2013 Ateliersi","url":"https:\/\/ateliersi.it\/si\/","logo":{"@type":"ImageObject","inLanguage":"en-US","@id":"https:\/\/ateliersi.it\/si\/#\/schema\/logo\/image\/","url":"https:\/\/ateliersi.it\/si\/wp-content\/uploads\/2015\/09\/cropped-si_head_1516.png","contentUrl":"https:\/\/ateliersi.it\/si\/wp-content\/uploads\/2015\/09\/cropped-si_head_1516.png","width":512,"height":512,"caption":"S\u00ec \u2013 Ateliersi"},"image":{"@id":"https:\/\/ateliersi.it\/si\/#\/schema\/logo\/image\/"},"sameAs":["https:\/\/www.facebook.com\/si.ateliersi","https:\/\/x.com\/AtelierSi","https:\/\/www.instagram.com\/si.ateliersi\/"]},{"@type":"Person","@id":"https:\/\/ateliersi.it\/si\/#\/schema\/person\/91e4317416e640b043a6d571b095e9fe","name":"D1gh3z_1975","image":{"@type":"ImageObject","inLanguage":"en-US","@id":"https:\/\/ateliersi.it\/si\/#\/schema\/person\/image\/","url":"https:\/\/secure.gravatar.com\/avatar\/ededc0273e000444c333a60add515e7ec6b9e86fbfd367a63476a4a85ecb727d?s=96&d=monsterid&r=g","contentUrl":"https:\/\/secure.gravatar.com\/avatar\/ededc0273e000444c333a60add515e7ec6b9e86fbfd367a63476a4a85ecb727d?s=96&d=monsterid&r=g","caption":"D1gh3z_1975"}}]}},"rttpg_featured_image_url":{"full":["https:\/\/ateliersi.it\/si\/wp-content\/uploads\/2014\/09\/Vagt_th.jpg",222,222,false],"landscape":["https:\/\/ateliersi.it\/si\/wp-content\/uploads\/2014\/09\/Vagt_th.jpg",222,222,false],"portraits":["https:\/\/ateliersi.it\/si\/wp-content\/uploads\/2014\/09\/Vagt_th.jpg",222,222,false],"thumbnail":["https:\/\/ateliersi.it\/si\/wp-content\/uploads\/2014\/09\/Vagt_th-150x150.jpg",150,150,true],"medium":["https:\/\/ateliersi.it\/si\/wp-content\/uploads\/2014\/09\/Vagt_th.jpg",222,222,false],"large":["https:\/\/ateliersi.it\/si\/wp-content\/uploads\/2014\/09\/Vagt_th.jpg",222,222,false],"1536x1536":["https:\/\/ateliersi.it\/si\/wp-content\/uploads\/2014\/09\/Vagt_th.jpg",222,222,false],"2048x2048":["https:\/\/ateliersi.it\/si\/wp-content\/uploads\/2014\/09\/Vagt_th.jpg",222,222,false],"blog-type-1-small":["https:\/\/ateliersi.it\/si\/wp-content\/uploads\/2014\/09\/Vagt_th-220x220.jpg",220,220,true],"blog-type-1-medium":["https:\/\/ateliersi.it\/si\/wp-content\/uploads\/2014\/09\/Vagt_th.jpg",222,222,false],"blog-type-1-big":["https:\/\/ateliersi.it\/si\/wp-content\/uploads\/2014\/09\/Vagt_th.jpg",222,222,false],"blog-type-3-small":["https:\/\/ateliersi.it\/si\/wp-content\/uploads\/2014\/09\/Vagt_th-196x111.jpg",196,111,true],"blog-type-3-medium":["https:\/\/ateliersi.it\/si\/wp-content\/uploads\/2014\/09\/Vagt_th-218x124.jpg",218,124,true],"blog-type-3-big":["https:\/\/ateliersi.it\/si\/wp-content\/uploads\/2014\/09\/Vagt_th-222x170.jpg",222,170,true],"blog-type-4-small":["https:\/\/ateliersi.it\/si\/wp-content\/uploads\/2014\/09\/Vagt_th-222x172.jpg",222,172,true],"blog-type-4-medium":["https:\/\/ateliersi.it\/si\/wp-content\/uploads\/2014\/09\/Vagt_th-222x191.jpg",222,191,true],"blog-type-5-big":["https:\/\/ateliersi.it\/si\/wp-content\/uploads\/2014\/09\/Vagt_th.jpg",222,222,false]},"rttpg_author":{"display_name":"D1gh3z_1975","author_link":"https:\/\/ateliersi.it\/si\/en\/author\/d1gh3z_1975\/"},"rttpg_comment":0,"rttpg_category":"<a href=\"https:\/\/ateliersi.it\/si\/category\/programma-201415\/\" rel=\"category tag\">Programma 2014\/15<\/a>","rttpg_excerpt":"Inaugurazione, venerd\u00ec 21.11, ore 20.30, ingresso gratuito In dialogo con BilBOlbul l&#8217;illustratrice Anna Vagt \u00e8 in residenza al S\u00ec dal...","_links":{"self":[{"href":"https:\/\/ateliersi.it\/si\/en\/wp-json\/wp\/v2\/posts\/709","targetHints":{"allow":["GET"]}}],"collection":[{"href":"https:\/\/ateliersi.it\/si\/en\/wp-json\/wp\/v2\/posts"}],"about":[{"href":"https:\/\/ateliersi.it\/si\/en\/wp-json\/wp\/v2\/types\/post"}],"author":[{"embeddable":true,"href":"https:\/\/ateliersi.it\/si\/en\/wp-json\/wp\/v2\/users\/1"}],"replies":[{"embeddable":true,"href":"https:\/\/ateliersi.it\/si\/en\/wp-json\/wp\/v2\/comments?post=709"}],"version-history":[{"count":0,"href":"https:\/\/ateliersi.it\/si\/en\/wp-json\/wp\/v2\/posts\/709\/revisions"}],"wp:featuredmedia":[{"embeddable":true,"href":"https:\/\/ateliersi.it\/si\/en\/wp-json\/wp\/v2\/media\/854"}],"wp:attachment":[{"href":"https:\/\/ateliersi.it\/si\/en\/wp-json\/wp\/v2\/media?parent=709"}],"wp:term":[{"taxonomy":"category","embeddable":true,"href":"https:\/\/ateliersi.it\/si\/en\/wp-json\/wp\/v2\/categories?post=709"},{"taxonomy":"post_tag","embeddable":true,"href":"https:\/\/ateliersi.it\/si\/en\/wp-json\/wp\/v2\/tags?post=709"}],"curies":[{"name":"wp","href":"https:\/\/api.w.org\/{rel}","templated":true}]}}