{"id":693,"date":"2014-09-17T02:00:40","date_gmt":"2014-09-17T00:00:40","guid":{"rendered":"http:\/\/ateliersi.it\/si\/?p=693"},"modified":"2015-09-24T20:02:11","modified_gmt":"2015-09-24T18:02:11","slug":"marcella-wilson-ottobre-2014-maggio-2015","status":"publish","type":"post","link":"https:\/\/ateliersi.it\/si\/en\/marcella-wilson-ottobre-2014-maggio-2015\/","title":{"rendered":"M.R. Wilson, ottobre 2014-maggio 2015"},"content":{"rendered":"<p><a href=\"http:\/\/ateliersi.it\/si\/wp-content\/uploads\/2014\/09\/M.R.-Wilson_foto-luca-ghedini_low.jpg\"><img loading=\"lazy\" decoding=\"async\" class=\"alignnone size-full wp-image-960\" src=\"http:\/\/ateliersi.it\/si\/wp-content\/uploads\/2014\/09\/M.R.-Wilson_foto-luca-ghedini_low.jpg\" alt=\"M.R.-Wilson_foto-luca-ghedini_low\" width=\"615\" height=\"301\" srcset=\"https:\/\/ateliersi.it\/si\/wp-content\/uploads\/2014\/09\/M.R.-Wilson_foto-luca-ghedini_low.jpg 615w, https:\/\/ateliersi.it\/si\/wp-content\/uploads\/2014\/09\/M.R.-Wilson_foto-luca-ghedini_low-300x147.jpg 300w\" sizes=\"auto, (max-width: 615px) 100vw, 615px\" \/><\/a><\/p>\n<p>Gli appuntamenti a cura di M.R. Wilson sono il\u00a026.09 per l\u2019Opening del S\u00ec con\u00a0<strong>Von Tesla<\/strong>, il 19.11 con <strong>Lief Hall<\/strong>\u00a0+\u00a0<strong>Of Rivers and Trains<\/strong> + <strong>Kali Malone<\/strong>, il 6.12 con <strong>Mike Cooper<\/strong> + <strong>J.H. Guraj<\/strong>, il 12.12 con\u00a0<strong>Z\u2019ev<\/strong> e<strong> IOIOI<\/strong>, il 15.2\u00a0<strong>Egle Sommacal<\/strong>, il 26.3 <strong>Andrea Belfi + Massimo Carozzi,<\/strong> il 26.4 <strong>Dead Western<\/strong>, il 13.5<strong> Cameron Deas.<\/strong><\/p>\n<p><em>Tutti i concerti iniziano alle 20.30\u00a0nel Nulla,\u00a0biglietto di 5 euro<\/em><\/p>\n<p>&nbsp;<\/p>\n<p><strong>mercoled\u00ec 13.5.2015<\/strong><br \/>\n<strong>CAMERON DEAS (UK)<\/strong><br \/>\nesplorazione sonora della chitarra acustica a dodici corde<\/p>\n<p><b>domenica 26.4.2015<br \/>\n<\/b><b>DEAD WESTERN (US)<br \/>\n<\/b>Songs that sound like they have been here for hundred years | New America \/ Dark Folk<\/p>\n<p><strong>gioved\u00ec 26.3.2015<\/strong><br \/>\n<strong>ANDREA BELFI<\/strong> \u00e8 batterista, musicista elettroacustico e compositore. I suoi progetti e le sue collaborazioni spaziano tra diversi campi musicali, dal rock alla sperimentazione elettroacustica, dall\u2019avant-folk all\u2019improvvisazione radicale, dalle performance audio\/video alle installazioni sonore.<\/p>\n<p>La sua costante preoccupazione e il suo interesse primario, come si pu\u00f2 vedere chiaramente analizzando il suo lavoro nel complesso, sono rivolti al movimento dal vivo e performativo.<\/p>\n<p>Nel suo live set Belfi si rivolge al pubblico con un set essenziale di batteria, circondato da sintetizzatori, una loop station, alcuni microfoni a contatto, un\u2019armonica e due casse di piccole dimensioni. Gli elementi acustici e elettronici si mischiano, si intrecciano ed a volte si scambiano di posto: i suoni acustici vengono trattati come se fossero elettronici, mentre quegli realmente elettronici vengono suonati nel momento stesso. I pattern ritmici vanno oltre il mero beat, trasformati da Belfi in cerchi, sempre ciclici ma in costante cambiamento, sia rassicuranti che in grado di sorprendere.<\/p>\n<p>Un attento lavoro di preparazione, che consiste in una precedente e assai studiata selezione di scenari emotivi, permette al live set di essere spontaneo e di \u201cvivere il momento\u201d, evitando assolutamente ogni forma di sovra concettualizzazione. Il principale successo di Belfi \u00e8 quello di costruire canzoni \u201ceffettive\u201d attraverso un\u2019improvvisazione radicale piuttosto che con l\u2019uso di elementi fissi e codificati.<\/p>\n<p><strong>domenica 15.3.2015<br \/>\nEGLE SOMMACAL<\/strong>, chitarrista dei Massimo Volume presenter\u00e0 il suo nuovo album: \u201cIl cielo si sta oscurando\u201c (Unhip Records). La sua musica particolare e coinvolgente al punto di trascinarti in una sorta di viaggio interiore, viene classificata come fingerpicking, perch\u00e8 egli non fa altro che pizzicare e toccare le corde direttamente con le dita, senza strumenti che facciano da intermediari, senza pletto.<\/p>\n<p><strong>venerd\u00ec 12.12.2014<\/strong><br \/>\n<strong>IOIOI<\/strong> (chitarra, voce) e <strong>Z\u2019EV<\/strong> (percussioni elettroniche, video) si esibiscono in una performance live im omaggio al poeta mistico Rumi.<br \/>\n<a href=\"http:\/\/www.rhythmajik.com\u2028http:\/\/ioioisan.com\" target=\"_blank\">http:\/\/www.rhythmajik.com\u2028http:\/\/ioioisan.com<\/a><\/p>\n<p><strong>sabato 6.12.2014<\/strong><br \/>\n<strong>MIKE COOPER<\/strong> \u00e8 un artista\/esploratore. Suona lapsteel e canta, \u00e8 songwriter e artista multimediale, radio art producer e videomaker. Come chitarrista folk-blues ha allargato i confini del genere portandolo sulle rive dell\u2019avant-garde, insieme a Elliott Sharp, Keith Rowe, Fred Frith e Marc Ribot. Il suo set si muover\u00e0 liberamente tra improvvisazione, canzoni, musica electro-acustica, exotica, country-blues tradizionale e accordature aperte.<br \/>\n<a href=\"http:\/\/www.cooparia.com\/\u2028https:\/\/www.youtube.com\/watch?v=Nd9caUPOe-E\u2028\" target=\"_blank\">http:\/\/www.cooparia.com\/\u2028https:\/\/www.youtube.com\/watch?v=Nd9caUPOe-E\u2028<\/a><a href=\"https:\/\/www.youtube.com\/watch?v=Bnm7KBtq53I\" target=\"_blank\">https:\/\/www.youtube.com\/watch?v=Bnm7KBtq53I<\/a><\/p>\n<p>In apertura l\u2019elusivo <strong>J.H. GURAJ<\/strong>. Il suo avatar suoner\u00e0 per noi la chitarra Blues mentre il suo vero corpo sar\u00e0 in\u00a0profonda meditazione ai piedi del Nanda Devi, uno dei pi\u00f9 alti picchi dell\u2019Himalaya.<\/p>\n<p><strong>mercoled\u00ec 19.11.2014<\/strong><br \/>\n<strong>LIEF HALL<\/strong>, musicista e artista multimediale di Vancouver, attualmente residente a Berlino. Il suo progetto solista \u00e8 fatto di composizioni vocali sperimentali, pratiche audio-visuali e arte performativa. Il suo primo lavoro, Voices (2014) \u00e8 una serie di composizioni in cui Lief trasforma la voce attraverso loops e layering, evocando sonici scenari che esplorano sognanti armonie, dissonanze, trame, toni e ritmi.\u2028<a href=\"http:\/\/www.liefhall.com\/\u2028https:\/\/soundcloud.com\/lief-hall\" target=\"_blank\">http:\/\/www.liefhall.com\/\u2028https:\/\/soundcloud.com\/lief-hall<\/a><\/p>\n<p><strong>GLAUCO SALVO<\/strong>, chitarrista e compositore, met\u00e0 dei Comaneci. Il suo progetto solista \u00e8 un viaggio attraverso pianure, fiumi e cieli. Un viaggio meditativo ma incalzante, accompagnato dal suono del banjo e dal salterio, rigorosamente non amplificati.<br \/>\n<a href=\"http:\/\/www.liefhall.com\/\u2028https:\/\/soundcloud.com\/lief-hall\" target=\"_blank\">\u2028https:\/\/ofriversandtrains.bandcamp.com\/releases<\/a><\/p>\n<p><strong>KALI MALONE<\/strong>\u00a0\u00e8 una musicista americana che vive in Svezia dal 2012. Con l\u2019uso di electronics e chitarra elettrica, Kali crea una massa sonora caleidoscopica fatta di oscure esplosioni armoniche e gesti melodici. Kali \u00e8 un membro del quartetto audiovisuale H\u00e4stk\u00f6ttskandalen e fa parte anche di svariate bands: Swap Babies, Taxi Taxi e Imaginary planet. Attualmente sta studiando composizione elettroacustica alla Royal College Music di Stoccolma e fa uscire dischi per OMA333, Fylkingen Records e Delicious Demon Records<br \/>\n<a href=\"\u2028https:\/\/soundcloud.com\/kali-malone\u2028https:\/\/www.youtube.com\/watch?v=A8IlxiXX33k\" target=\"_blank\">\u2028https:\/\/soundcloud.com\/kali-malone\u2028https:\/\/www.youtube.com\/watch?v=A8IlxiXX33k<\/a><\/p>\n<p>venerd\u00ec 26.09.2014,\u00a0Opening S\u00ec<br \/>\n<strong>VON TESLA\u00a0<\/strong>\u00e8 un progetto creato da Marco Giotto basato sulla manipolazione e rielaborazione di sequenze sintetiche registrate su nastro. Le fonti sonore vengono poi filtrate e ricampionate sviluppando loop ipnotici sostenuti da suoni acidi e profondi echi di paesaggi distorti. Nel 2011 esce il primo lavoro \u201cMondo Parallel\u201d in edizione limitata e distribuito in versione digitale in free download con un djset in live streaming lungo tutta la notte. A poca distanza esce su nastro \u201cBlack Mirror\u201d per Tulip Records e Providing Needles per la techno label Enklav. Marco Giotto di recente ha lavorato per la Galleria degli Uffizi, Ferrari e molti altri clienti in Europa, Hong Kong e Brasile collaborando come sound designer con Roberto Fazio (creative director, interaction e visual designer) e Apparati Effimeri (collettivo di video mapping). Al\u00a0S\u00ec\u00a0Von Tesla presenter\u00e0 il suo nuovo live-set di macchine analogiche, samplers, suoni, pulsazioni e ritmi asimmetrici.<\/p>\n<p><span style=\"color: #262626;\">\u00a0<\/span><\/p>\n<p>&nbsp;<\/p>\n<blockquote style=width:95%;>\n<p><strong>M.R. WILSON<\/strong>\u00a0\u00e8 un non-progetto nato in circostanze fortuite nel 2011 con l&#8217;intento di promuovere linguaggi e pratiche musicali altre. La programmazione \u00e8 fluida, nessuna restrizioni di genere.<br \/>\nRituali partecipativi, il caso, la curiosit\u00e0, l&#8217;apertura. Creare un ambiente nel quale l&#8217;ascoltatore possa girovagare, perdersi.<\/p>\n<\/blockquote>\n","protected":false},"excerpt":{"rendered":"<p>Gli appuntamenti a cura di M.R. Wilson sono il\u00a026.09 per l\u2019Opening del S\u00ec con\u00a0Von Tesla, il 19.11 con Lief Hall\u00a0+\u00a0Of&#8230;<\/p>\n","protected":false},"author":1,"featured_media":961,"comment_status":"closed","ping_status":"closed","sticky":false,"template":"","format":"standard","meta":{"footnotes":""},"categories":[11],"tags":[],"class_list":["post-693","post","type-post","status-publish","format-standard","has-post-thumbnail","hentry","category-programma-201415"],"yoast_head":"<!-- This site is optimized with the Yoast SEO plugin v27.1.1 - https:\/\/yoast.com\/product\/yoast-seo-wordpress\/ -->\n<title>M.R. Wilson, ottobre 2014-maggio 2015 - S\u00ec<\/title>\n<meta name=\"robots\" content=\"index, follow, max-snippet:-1, max-image-preview:large, max-video-preview:-1\" \/>\n<link rel=\"canonical\" href=\"https:\/\/ateliersi.it\/si\/marcella-wilson-ottobre-2014-maggio-2015\/\" \/>\n<meta property=\"og:locale\" content=\"en_US\" \/>\n<meta property=\"og:type\" content=\"article\" \/>\n<meta property=\"og:title\" content=\"M.R. Wilson, ottobre 2014-maggio 2015 - S\u00ec\" \/>\n<meta property=\"og:description\" content=\"Gli appuntamenti a cura di M.R. Wilson sono il\u00a026.09 per l\u2019Opening del S\u00ec con\u00a0Von Tesla, il 19.11 con Lief Hall\u00a0+\u00a0Of...\" \/>\n<meta property=\"og:url\" content=\"https:\/\/ateliersi.it\/si\/marcella-wilson-ottobre-2014-maggio-2015\/\" \/>\n<meta property=\"og:site_name\" content=\"S\u00ec\" \/>\n<meta property=\"article:publisher\" content=\"https:\/\/www.facebook.com\/si.ateliersi\" \/>\n<meta property=\"article:published_time\" content=\"2014-09-17T00:00:40+00:00\" \/>\n<meta property=\"article:modified_time\" content=\"2015-09-24T18:02:11+00:00\" \/>\n<meta property=\"og:image\" content=\"https:\/\/ateliersi.it\/si\/wp-content\/uploads\/2014\/09\/M.R.-Wilson_foto-luca-ghedini_th.jpg\" \/>\n\t<meta property=\"og:image:width\" content=\"222\" \/>\n\t<meta property=\"og:image:height\" content=\"222\" \/>\n\t<meta property=\"og:image:type\" content=\"image\/jpeg\" \/>\n<meta name=\"author\" content=\"D1gh3z_1975\" \/>\n<meta name=\"twitter:card\" content=\"summary_large_image\" \/>\n<meta name=\"twitter:creator\" content=\"@AtelierSi\" \/>\n<meta name=\"twitter:site\" content=\"@AtelierSi\" \/>\n<meta name=\"twitter:label1\" content=\"Written by\" \/>\n\t<meta name=\"twitter:data1\" content=\"D1gh3z_1975\" \/>\n\t<meta name=\"twitter:label2\" content=\"Est. reading time\" \/>\n\t<meta name=\"twitter:data2\" content=\"5 minutes\" \/>\n<!-- \/ Yoast SEO plugin. -->","yoast_head_json":{"title":"M.R. Wilson, ottobre 2014-maggio 2015 - S\u00ec","robots":{"index":"index","follow":"follow","max-snippet":"max-snippet:-1","max-image-preview":"max-image-preview:large","max-video-preview":"max-video-preview:-1"},"canonical":"https:\/\/ateliersi.it\/si\/marcella-wilson-ottobre-2014-maggio-2015\/","og_locale":"en_US","og_type":"article","og_title":"M.R. Wilson, ottobre 2014-maggio 2015 - S\u00ec","og_description":"Gli appuntamenti a cura di M.R. Wilson sono il\u00a026.09 per l\u2019Opening del S\u00ec con\u00a0Von Tesla, il 19.11 con Lief Hall\u00a0+\u00a0Of...","og_url":"https:\/\/ateliersi.it\/si\/marcella-wilson-ottobre-2014-maggio-2015\/","og_site_name":"S\u00ec","article_publisher":"https:\/\/www.facebook.com\/si.ateliersi","article_published_time":"2014-09-17T00:00:40+00:00","article_modified_time":"2015-09-24T18:02:11+00:00","og_image":[{"width":222,"height":222,"url":"https:\/\/ateliersi.it\/si\/wp-content\/uploads\/2014\/09\/M.R.-Wilson_foto-luca-ghedini_th.jpg","type":"image\/jpeg"}],"author":"D1gh3z_1975","twitter_card":"summary_large_image","twitter_creator":"@AtelierSi","twitter_site":"@AtelierSi","twitter_misc":{"Written by":"D1gh3z_1975","Est. reading time":"5 minutes"},"schema":{"@context":"https:\/\/schema.org","@graph":[{"@type":"Article","@id":"https:\/\/ateliersi.it\/si\/marcella-wilson-ottobre-2014-maggio-2015\/#article","isPartOf":{"@id":"https:\/\/ateliersi.it\/si\/marcella-wilson-ottobre-2014-maggio-2015\/"},"author":{"name":"D1gh3z_1975","@id":"https:\/\/ateliersi.it\/si\/#\/schema\/person\/91e4317416e640b043a6d571b095e9fe"},"headline":"M.R. Wilson, ottobre 2014-maggio 2015","datePublished":"2014-09-17T00:00:40+00:00","dateModified":"2015-09-24T18:02:11+00:00","mainEntityOfPage":{"@id":"https:\/\/ateliersi.it\/si\/marcella-wilson-ottobre-2014-maggio-2015\/"},"wordCount":926,"publisher":{"@id":"https:\/\/ateliersi.it\/si\/#organization"},"image":{"@id":"https:\/\/ateliersi.it\/si\/marcella-wilson-ottobre-2014-maggio-2015\/#primaryimage"},"thumbnailUrl":"https:\/\/ateliersi.it\/si\/wp-content\/uploads\/2014\/09\/M.R.-Wilson_foto-luca-ghedini_th.jpg","articleSection":["Programma 2014\/15"],"inLanguage":"en-US"},{"@type":"WebPage","@id":"https:\/\/ateliersi.it\/si\/marcella-wilson-ottobre-2014-maggio-2015\/","url":"https:\/\/ateliersi.it\/si\/marcella-wilson-ottobre-2014-maggio-2015\/","name":"M.R. Wilson, ottobre 2014-maggio 2015 - S\u00ec","isPartOf":{"@id":"https:\/\/ateliersi.it\/si\/#website"},"primaryImageOfPage":{"@id":"https:\/\/ateliersi.it\/si\/marcella-wilson-ottobre-2014-maggio-2015\/#primaryimage"},"image":{"@id":"https:\/\/ateliersi.it\/si\/marcella-wilson-ottobre-2014-maggio-2015\/#primaryimage"},"thumbnailUrl":"https:\/\/ateliersi.it\/si\/wp-content\/uploads\/2014\/09\/M.R.-Wilson_foto-luca-ghedini_th.jpg","datePublished":"2014-09-17T00:00:40+00:00","dateModified":"2015-09-24T18:02:11+00:00","breadcrumb":{"@id":"https:\/\/ateliersi.it\/si\/marcella-wilson-ottobre-2014-maggio-2015\/#breadcrumb"},"inLanguage":"en-US","potentialAction":[{"@type":"ReadAction","target":["https:\/\/ateliersi.it\/si\/marcella-wilson-ottobre-2014-maggio-2015\/"]}]},{"@type":"ImageObject","inLanguage":"en-US","@id":"https:\/\/ateliersi.it\/si\/marcella-wilson-ottobre-2014-maggio-2015\/#primaryimage","url":"https:\/\/ateliersi.it\/si\/wp-content\/uploads\/2014\/09\/M.R.-Wilson_foto-luca-ghedini_th.jpg","contentUrl":"https:\/\/ateliersi.it\/si\/wp-content\/uploads\/2014\/09\/M.R.-Wilson_foto-luca-ghedini_th.jpg","width":222,"height":222},{"@type":"BreadcrumbList","@id":"https:\/\/ateliersi.it\/si\/marcella-wilson-ottobre-2014-maggio-2015\/#breadcrumb","itemListElement":[{"@type":"ListItem","position":1,"name":"Home","item":"https:\/\/ateliersi.it\/si\/en\/"},{"@type":"ListItem","position":2,"name":"M.R. Wilson, ottobre 2014-maggio 2015"}]},{"@type":"WebSite","@id":"https:\/\/ateliersi.it\/si\/#website","url":"https:\/\/ateliersi.it\/si\/","name":"S\u00ec","description":"","publisher":{"@id":"https:\/\/ateliersi.it\/si\/#organization"},"potentialAction":[{"@type":"SearchAction","target":{"@type":"EntryPoint","urlTemplate":"https:\/\/ateliersi.it\/si\/?s={search_term_string}"},"query-input":{"@type":"PropertyValueSpecification","valueRequired":true,"valueName":"search_term_string"}}],"inLanguage":"en-US"},{"@type":"Organization","@id":"https:\/\/ateliersi.it\/si\/#organization","name":"S\u00ec \u2013 Ateliersi","url":"https:\/\/ateliersi.it\/si\/","logo":{"@type":"ImageObject","inLanguage":"en-US","@id":"https:\/\/ateliersi.it\/si\/#\/schema\/logo\/image\/","url":"https:\/\/ateliersi.it\/si\/wp-content\/uploads\/2015\/09\/cropped-si_head_1516.png","contentUrl":"https:\/\/ateliersi.it\/si\/wp-content\/uploads\/2015\/09\/cropped-si_head_1516.png","width":512,"height":512,"caption":"S\u00ec \u2013 Ateliersi"},"image":{"@id":"https:\/\/ateliersi.it\/si\/#\/schema\/logo\/image\/"},"sameAs":["https:\/\/www.facebook.com\/si.ateliersi","https:\/\/x.com\/AtelierSi","https:\/\/www.instagram.com\/si.ateliersi\/"]},{"@type":"Person","@id":"https:\/\/ateliersi.it\/si\/#\/schema\/person\/91e4317416e640b043a6d571b095e9fe","name":"D1gh3z_1975","image":{"@type":"ImageObject","inLanguage":"en-US","@id":"https:\/\/ateliersi.it\/si\/#\/schema\/person\/image\/","url":"https:\/\/secure.gravatar.com\/avatar\/ededc0273e000444c333a60add515e7ec6b9e86fbfd367a63476a4a85ecb727d?s=96&d=monsterid&r=g","contentUrl":"https:\/\/secure.gravatar.com\/avatar\/ededc0273e000444c333a60add515e7ec6b9e86fbfd367a63476a4a85ecb727d?s=96&d=monsterid&r=g","caption":"D1gh3z_1975"}}]}},"rttpg_featured_image_url":{"full":["https:\/\/ateliersi.it\/si\/wp-content\/uploads\/2014\/09\/M.R.-Wilson_foto-luca-ghedini_th.jpg",222,222,false],"landscape":["https:\/\/ateliersi.it\/si\/wp-content\/uploads\/2014\/09\/M.R.-Wilson_foto-luca-ghedini_th.jpg",222,222,false],"portraits":["https:\/\/ateliersi.it\/si\/wp-content\/uploads\/2014\/09\/M.R.-Wilson_foto-luca-ghedini_th.jpg",222,222,false],"thumbnail":["https:\/\/ateliersi.it\/si\/wp-content\/uploads\/2014\/09\/M.R.-Wilson_foto-luca-ghedini_th-150x150.jpg",150,150,true],"medium":["https:\/\/ateliersi.it\/si\/wp-content\/uploads\/2014\/09\/M.R.-Wilson_foto-luca-ghedini_th.jpg",222,222,false],"large":["https:\/\/ateliersi.it\/si\/wp-content\/uploads\/2014\/09\/M.R.-Wilson_foto-luca-ghedini_th.jpg",222,222,false],"1536x1536":["https:\/\/ateliersi.it\/si\/wp-content\/uploads\/2014\/09\/M.R.-Wilson_foto-luca-ghedini_th.jpg",222,222,false],"2048x2048":["https:\/\/ateliersi.it\/si\/wp-content\/uploads\/2014\/09\/M.R.-Wilson_foto-luca-ghedini_th.jpg",222,222,false],"blog-type-1-small":["https:\/\/ateliersi.it\/si\/wp-content\/uploads\/2014\/09\/M.R.-Wilson_foto-luca-ghedini_th-220x220.jpg",220,220,true],"blog-type-1-medium":["https:\/\/ateliersi.it\/si\/wp-content\/uploads\/2014\/09\/M.R.-Wilson_foto-luca-ghedini_th.jpg",222,222,false],"blog-type-1-big":["https:\/\/ateliersi.it\/si\/wp-content\/uploads\/2014\/09\/M.R.-Wilson_foto-luca-ghedini_th.jpg",222,222,false],"blog-type-3-small":["https:\/\/ateliersi.it\/si\/wp-content\/uploads\/2014\/09\/M.R.-Wilson_foto-luca-ghedini_th-196x111.jpg",196,111,true],"blog-type-3-medium":["https:\/\/ateliersi.it\/si\/wp-content\/uploads\/2014\/09\/M.R.-Wilson_foto-luca-ghedini_th-218x124.jpg",218,124,true],"blog-type-3-big":["https:\/\/ateliersi.it\/si\/wp-content\/uploads\/2014\/09\/M.R.-Wilson_foto-luca-ghedini_th-222x170.jpg",222,170,true],"blog-type-4-small":["https:\/\/ateliersi.it\/si\/wp-content\/uploads\/2014\/09\/M.R.-Wilson_foto-luca-ghedini_th-222x172.jpg",222,172,true],"blog-type-4-medium":["https:\/\/ateliersi.it\/si\/wp-content\/uploads\/2014\/09\/M.R.-Wilson_foto-luca-ghedini_th-222x191.jpg",222,191,true],"blog-type-5-big":["https:\/\/ateliersi.it\/si\/wp-content\/uploads\/2014\/09\/M.R.-Wilson_foto-luca-ghedini_th.jpg",222,222,false]},"rttpg_author":{"display_name":"D1gh3z_1975","author_link":"https:\/\/ateliersi.it\/si\/en\/author\/d1gh3z_1975\/"},"rttpg_comment":0,"rttpg_category":"<a href=\"https:\/\/ateliersi.it\/si\/category\/programma-201415\/\" rel=\"category tag\">Programma 2014\/15<\/a>","rttpg_excerpt":"Gli appuntamenti a cura di M.R. Wilson sono il\u00a026.09 per l\u2019Opening del S\u00ec con\u00a0Von Tesla, il 19.11 con Lief Hall\u00a0+\u00a0Of...","_links":{"self":[{"href":"https:\/\/ateliersi.it\/si\/en\/wp-json\/wp\/v2\/posts\/693","targetHints":{"allow":["GET"]}}],"collection":[{"href":"https:\/\/ateliersi.it\/si\/en\/wp-json\/wp\/v2\/posts"}],"about":[{"href":"https:\/\/ateliersi.it\/si\/en\/wp-json\/wp\/v2\/types\/post"}],"author":[{"embeddable":true,"href":"https:\/\/ateliersi.it\/si\/en\/wp-json\/wp\/v2\/users\/1"}],"replies":[{"embeddable":true,"href":"https:\/\/ateliersi.it\/si\/en\/wp-json\/wp\/v2\/comments?post=693"}],"version-history":[{"count":0,"href":"https:\/\/ateliersi.it\/si\/en\/wp-json\/wp\/v2\/posts\/693\/revisions"}],"wp:featuredmedia":[{"embeddable":true,"href":"https:\/\/ateliersi.it\/si\/en\/wp-json\/wp\/v2\/media\/961"}],"wp:attachment":[{"href":"https:\/\/ateliersi.it\/si\/en\/wp-json\/wp\/v2\/media?parent=693"}],"wp:term":[{"taxonomy":"category","embeddable":true,"href":"https:\/\/ateliersi.it\/si\/en\/wp-json\/wp\/v2\/categories?post=693"},{"taxonomy":"post_tag","embeddable":true,"href":"https:\/\/ateliersi.it\/si\/en\/wp-json\/wp\/v2\/tags?post=693"}],"curies":[{"name":"wp","href":"https:\/\/api.w.org\/{rel}","templated":true}]}}