{"id":5551,"date":"2018-09-25T09:51:44","date_gmt":"2018-09-25T07:51:44","guid":{"rendered":"http:\/\/ateliersi.it\/si\/?p=5551"},"modified":"2019-09-25T10:12:19","modified_gmt":"2019-09-25T08:12:19","slug":"francesca-pizzo-la-porta-del-si-24-11-2018","status":"publish","type":"post","link":"https:\/\/ateliersi.it\/si\/en\/francesca-pizzo-la-porta-del-si-24-11-2018\/","title":{"rendered":"FRANCESCA PIZZO \/ La porta del S\u00ec, 24.11.2018"},"content":{"rendered":"<p><a href=\"http:\/\/ateliersi.it\/si\/wp-content\/uploads\/2018\/09\/Pizzo.jpeg\"><img loading=\"lazy\" decoding=\"async\" class=\"alignleft size-full wp-image-5616\" src=\"http:\/\/ateliersi.it\/si\/wp-content\/uploads\/2018\/09\/Pizzo.jpeg\" alt=\"\" width=\"615\" height=\"821\" srcset=\"https:\/\/ateliersi.it\/si\/wp-content\/uploads\/2018\/09\/Pizzo.jpeg 615w, https:\/\/ateliersi.it\/si\/wp-content\/uploads\/2018\/09\/Pizzo-225x300.jpeg 225w\" sizes=\"auto, (max-width: 615px) 100vw, 615px\" \/><\/a>sabato 24 novembre, h. 18.30, ingresso gratuito<br \/>\n<b>FRANCESCA PIZZO<\/b><b><br \/>\n<\/b><b>La porta del S\u00ec<\/b><br \/>\ninaugurazione della soluzione visiva della porta del S\u00ec in collaborazione con Ateliersi<\/p>\n<p>La porta come soglia, pretesto per un passaggio, uno spostamento, l&#8217;intenzione di movimento da un contesto all&#8217;altro. La possibilit\u00e0 di chiusura, la necessit\u00e0 di apertura. La porta come luogo mentale che separa o collega, scandisce o unisce. La porta che diventa un loop infinito di attraversamento ininterrotto.<\/p>\n<p>&gt;&gt; <a href=\"https:\/\/www.facebook.com\/events\/2035820516479376\/\">evento fb<\/a><\/p>\n<p><b>Francesca Pizzo<\/b> \u00e8 nata a Bologna, dove vive e lavora. Dal 2011, assieme ad Angelo Casarrubia, forma il duo Melampus con cui realizza tre dischi con relativi tour in tutta Italia. Nel 2017, con la stessa formazione, crea il progetto Cristallo che presenta con l&#8217;omonimo ep, portato dal vivo nel corso del 2018 e il cui disco \u00e8 attualmente in lavorazione. Dal 2016 collabora con Ateliersi in qualit\u00e0 di interprete nello spettacolo <i>De Facto<\/i>. Nel 2013 inizia la sua attivit\u00e0 di tatuatrice.<\/p>\n<p>&nbsp;<\/p>\n","protected":false},"excerpt":{"rendered":"<p>sabato 24 novembre, h. 18.30, ingresso gratuito FRANCESCA PIZZO La porta del S\u00ec inaugurazione della soluzione visiva della porta del&#8230;<\/p>\n","protected":false},"author":1,"featured_media":5616,"comment_status":"closed","ping_status":"closed","sticky":false,"template":"","format":"standard","meta":{"footnotes":""},"categories":[46],"tags":[],"class_list":["post-5551","post","type-post","status-publish","format-standard","has-post-thumbnail","hentry","category-programma-2018-19"],"yoast_head":"<!-- This site is optimized with the Yoast SEO plugin v27.1.1 - https:\/\/yoast.com\/product\/yoast-seo-wordpress\/ -->\n<title>FRANCESCA PIZZO \/ La porta del S\u00ec, 24.11.2018 - S\u00ec<\/title>\n<meta name=\"robots\" content=\"index, follow, max-snippet:-1, max-image-preview:large, max-video-preview:-1\" \/>\n<link rel=\"canonical\" href=\"https:\/\/ateliersi.it\/si\/francesca-pizzo-la-porta-del-si-24-11-2018\/\" \/>\n<meta property=\"og:locale\" content=\"en_US\" \/>\n<meta property=\"og:type\" content=\"article\" \/>\n<meta property=\"og:title\" content=\"FRANCESCA PIZZO \/ La porta del S\u00ec, 24.11.2018 - S\u00ec\" \/>\n<meta property=\"og:description\" content=\"sabato 24 novembre, h. 18.30, ingresso gratuito FRANCESCA PIZZO La porta del S\u00ec inaugurazione della soluzione visiva della porta del...\" \/>\n<meta property=\"og:url\" content=\"https:\/\/ateliersi.it\/si\/francesca-pizzo-la-porta-del-si-24-11-2018\/\" \/>\n<meta property=\"og:site_name\" content=\"S\u00ec\" \/>\n<meta property=\"article:publisher\" content=\"https:\/\/www.facebook.com\/si.ateliersi\" \/>\n<meta property=\"article:published_time\" content=\"2018-09-25T07:51:44+00:00\" \/>\n<meta property=\"article:modified_time\" content=\"2019-09-25T08:12:19+00:00\" \/>\n<meta property=\"og:image\" content=\"https:\/\/ateliersi.it\/si\/wp-content\/uploads\/2018\/09\/Pizzo.jpeg\" \/>\n\t<meta property=\"og:image:width\" content=\"615\" \/>\n\t<meta property=\"og:image:height\" content=\"821\" \/>\n\t<meta property=\"og:image:type\" content=\"image\/jpeg\" \/>\n<meta name=\"author\" content=\"D1gh3z_1975\" \/>\n<meta name=\"twitter:card\" content=\"summary_large_image\" \/>\n<meta name=\"twitter:creator\" content=\"@AtelierSi\" \/>\n<meta name=\"twitter:site\" content=\"@AtelierSi\" \/>\n<meta name=\"twitter:label1\" content=\"Written by\" \/>\n\t<meta name=\"twitter:data1\" content=\"D1gh3z_1975\" \/>\n\t<meta name=\"twitter:label2\" content=\"Est. reading time\" \/>\n\t<meta name=\"twitter:data2\" content=\"1 minute\" \/>\n<!-- \/ Yoast SEO plugin. -->","yoast_head_json":{"title":"FRANCESCA PIZZO \/ La porta del S\u00ec, 24.11.2018 - S\u00ec","robots":{"index":"index","follow":"follow","max-snippet":"max-snippet:-1","max-image-preview":"max-image-preview:large","max-video-preview":"max-video-preview:-1"},"canonical":"https:\/\/ateliersi.it\/si\/francesca-pizzo-la-porta-del-si-24-11-2018\/","og_locale":"en_US","og_type":"article","og_title":"FRANCESCA PIZZO \/ La porta del S\u00ec, 24.11.2018 - S\u00ec","og_description":"sabato 24 novembre, h. 18.30, ingresso gratuito FRANCESCA PIZZO La porta del S\u00ec inaugurazione della soluzione visiva della porta del...","og_url":"https:\/\/ateliersi.it\/si\/francesca-pizzo-la-porta-del-si-24-11-2018\/","og_site_name":"S\u00ec","article_publisher":"https:\/\/www.facebook.com\/si.ateliersi","article_published_time":"2018-09-25T07:51:44+00:00","article_modified_time":"2019-09-25T08:12:19+00:00","og_image":[{"width":615,"height":821,"url":"https:\/\/ateliersi.it\/si\/wp-content\/uploads\/2018\/09\/Pizzo.jpeg","type":"image\/jpeg"}],"author":"D1gh3z_1975","twitter_card":"summary_large_image","twitter_creator":"@AtelierSi","twitter_site":"@AtelierSi","twitter_misc":{"Written by":"D1gh3z_1975","Est. reading time":"1 minute"},"schema":{"@context":"https:\/\/schema.org","@graph":[{"@type":"Article","@id":"https:\/\/ateliersi.it\/si\/francesca-pizzo-la-porta-del-si-24-11-2018\/#article","isPartOf":{"@id":"https:\/\/ateliersi.it\/si\/francesca-pizzo-la-porta-del-si-24-11-2018\/"},"author":{"name":"D1gh3z_1975","@id":"https:\/\/ateliersi.it\/si\/#\/schema\/person\/91e4317416e640b043a6d571b095e9fe"},"headline":"FRANCESCA PIZZO \/ La porta del S\u00ec, 24.11.2018","datePublished":"2018-09-25T07:51:44+00:00","dateModified":"2019-09-25T08:12:19+00:00","mainEntityOfPage":{"@id":"https:\/\/ateliersi.it\/si\/francesca-pizzo-la-porta-del-si-24-11-2018\/"},"wordCount":159,"publisher":{"@id":"https:\/\/ateliersi.it\/si\/#organization"},"image":{"@id":"https:\/\/ateliersi.it\/si\/francesca-pizzo-la-porta-del-si-24-11-2018\/#primaryimage"},"thumbnailUrl":"https:\/\/ateliersi.it\/si\/wp-content\/uploads\/2018\/09\/Pizzo.jpeg","articleSection":["Programma 2018\/19"],"inLanguage":"en-US"},{"@type":"WebPage","@id":"https:\/\/ateliersi.it\/si\/francesca-pizzo-la-porta-del-si-24-11-2018\/","url":"https:\/\/ateliersi.it\/si\/francesca-pizzo-la-porta-del-si-24-11-2018\/","name":"FRANCESCA PIZZO \/ La porta del S\u00ec, 24.11.2018 - S\u00ec","isPartOf":{"@id":"https:\/\/ateliersi.it\/si\/#website"},"primaryImageOfPage":{"@id":"https:\/\/ateliersi.it\/si\/francesca-pizzo-la-porta-del-si-24-11-2018\/#primaryimage"},"image":{"@id":"https:\/\/ateliersi.it\/si\/francesca-pizzo-la-porta-del-si-24-11-2018\/#primaryimage"},"thumbnailUrl":"https:\/\/ateliersi.it\/si\/wp-content\/uploads\/2018\/09\/Pizzo.jpeg","datePublished":"2018-09-25T07:51:44+00:00","dateModified":"2019-09-25T08:12:19+00:00","breadcrumb":{"@id":"https:\/\/ateliersi.it\/si\/francesca-pizzo-la-porta-del-si-24-11-2018\/#breadcrumb"},"inLanguage":"en-US","potentialAction":[{"@type":"ReadAction","target":["https:\/\/ateliersi.it\/si\/francesca-pizzo-la-porta-del-si-24-11-2018\/"]}]},{"@type":"ImageObject","inLanguage":"en-US","@id":"https:\/\/ateliersi.it\/si\/francesca-pizzo-la-porta-del-si-24-11-2018\/#primaryimage","url":"https:\/\/ateliersi.it\/si\/wp-content\/uploads\/2018\/09\/Pizzo.jpeg","contentUrl":"https:\/\/ateliersi.it\/si\/wp-content\/uploads\/2018\/09\/Pizzo.jpeg","width":615,"height":821},{"@type":"BreadcrumbList","@id":"https:\/\/ateliersi.it\/si\/francesca-pizzo-la-porta-del-si-24-11-2018\/#breadcrumb","itemListElement":[{"@type":"ListItem","position":1,"name":"Home","item":"https:\/\/ateliersi.it\/si\/en\/"},{"@type":"ListItem","position":2,"name":"FRANCESCA PIZZO \/ La porta del S\u00ec, 24.11.2018"}]},{"@type":"WebSite","@id":"https:\/\/ateliersi.it\/si\/#website","url":"https:\/\/ateliersi.it\/si\/","name":"S\u00ec","description":"","publisher":{"@id":"https:\/\/ateliersi.it\/si\/#organization"},"potentialAction":[{"@type":"SearchAction","target":{"@type":"EntryPoint","urlTemplate":"https:\/\/ateliersi.it\/si\/?s={search_term_string}"},"query-input":{"@type":"PropertyValueSpecification","valueRequired":true,"valueName":"search_term_string"}}],"inLanguage":"en-US"},{"@type":"Organization","@id":"https:\/\/ateliersi.it\/si\/#organization","name":"S\u00ec \u2013 Ateliersi","url":"https:\/\/ateliersi.it\/si\/","logo":{"@type":"ImageObject","inLanguage":"en-US","@id":"https:\/\/ateliersi.it\/si\/#\/schema\/logo\/image\/","url":"https:\/\/ateliersi.it\/si\/wp-content\/uploads\/2015\/09\/cropped-si_head_1516.png","contentUrl":"https:\/\/ateliersi.it\/si\/wp-content\/uploads\/2015\/09\/cropped-si_head_1516.png","width":512,"height":512,"caption":"S\u00ec \u2013 Ateliersi"},"image":{"@id":"https:\/\/ateliersi.it\/si\/#\/schema\/logo\/image\/"},"sameAs":["https:\/\/www.facebook.com\/si.ateliersi","https:\/\/x.com\/AtelierSi","https:\/\/www.instagram.com\/si.ateliersi\/"]},{"@type":"Person","@id":"https:\/\/ateliersi.it\/si\/#\/schema\/person\/91e4317416e640b043a6d571b095e9fe","name":"D1gh3z_1975","image":{"@type":"ImageObject","inLanguage":"en-US","@id":"https:\/\/ateliersi.it\/si\/#\/schema\/person\/image\/","url":"https:\/\/secure.gravatar.com\/avatar\/ededc0273e000444c333a60add515e7ec6b9e86fbfd367a63476a4a85ecb727d?s=96&d=monsterid&r=g","contentUrl":"https:\/\/secure.gravatar.com\/avatar\/ededc0273e000444c333a60add515e7ec6b9e86fbfd367a63476a4a85ecb727d?s=96&d=monsterid&r=g","caption":"D1gh3z_1975"}}]}},"rttpg_featured_image_url":{"full":["https:\/\/ateliersi.it\/si\/wp-content\/uploads\/2018\/09\/Pizzo.jpeg",615,821,false],"landscape":["https:\/\/ateliersi.it\/si\/wp-content\/uploads\/2018\/09\/Pizzo.jpeg",615,821,false],"portraits":["https:\/\/ateliersi.it\/si\/wp-content\/uploads\/2018\/09\/Pizzo.jpeg",615,821,false],"thumbnail":["https:\/\/ateliersi.it\/si\/wp-content\/uploads\/2018\/09\/Pizzo-150x150.jpeg",150,150,true],"medium":["https:\/\/ateliersi.it\/si\/wp-content\/uploads\/2018\/09\/Pizzo-225x300.jpeg",225,300,true],"large":["https:\/\/ateliersi.it\/si\/wp-content\/uploads\/2018\/09\/Pizzo.jpeg",615,821,false],"1536x1536":["https:\/\/ateliersi.it\/si\/wp-content\/uploads\/2018\/09\/Pizzo.jpeg",615,821,false],"2048x2048":["https:\/\/ateliersi.it\/si\/wp-content\/uploads\/2018\/09\/Pizzo.jpeg",615,821,false],"blog-type-1-small":["https:\/\/ateliersi.it\/si\/wp-content\/uploads\/2018\/09\/Pizzo-220x220.jpeg",220,220,true],"blog-type-1-medium":["https:\/\/ateliersi.it\/si\/wp-content\/uploads\/2018\/09\/Pizzo-250x250.jpeg",250,250,true],"blog-type-1-big":["https:\/\/ateliersi.it\/si\/wp-content\/uploads\/2018\/09\/Pizzo-338x338.jpeg",338,338,true],"blog-type-3-small":["https:\/\/ateliersi.it\/si\/wp-content\/uploads\/2018\/09\/Pizzo-196x111.jpeg",196,111,true],"blog-type-3-medium":["https:\/\/ateliersi.it\/si\/wp-content\/uploads\/2018\/09\/Pizzo-218x124.jpeg",218,124,true],"blog-type-3-big":["https:\/\/ateliersi.it\/si\/wp-content\/uploads\/2018\/09\/Pizzo-300x170.jpeg",300,170,true],"blog-type-4-small":["https:\/\/ateliersi.it\/si\/wp-content\/uploads\/2018\/09\/Pizzo-304x172.jpeg",304,172,true],"blog-type-4-medium":["https:\/\/ateliersi.it\/si\/wp-content\/uploads\/2018\/09\/Pizzo-338x191.jpeg",338,191,true],"blog-type-5-big":["https:\/\/ateliersi.it\/si\/wp-content\/uploads\/2018\/09\/Pizzo-460x260.jpeg",460,260,true]},"rttpg_author":{"display_name":"D1gh3z_1975","author_link":"https:\/\/ateliersi.it\/si\/en\/author\/d1gh3z_1975\/"},"rttpg_comment":0,"rttpg_category":"<a href=\"https:\/\/ateliersi.it\/si\/category\/programma-2018-19\/\" rel=\"category tag\">Programma 2018\/19<\/a>","rttpg_excerpt":"sabato 24 novembre, h. 18.30, ingresso gratuito FRANCESCA PIZZO La porta del S\u00ec inaugurazione della soluzione visiva della porta del...","_links":{"self":[{"href":"https:\/\/ateliersi.it\/si\/en\/wp-json\/wp\/v2\/posts\/5551","targetHints":{"allow":["GET"]}}],"collection":[{"href":"https:\/\/ateliersi.it\/si\/en\/wp-json\/wp\/v2\/posts"}],"about":[{"href":"https:\/\/ateliersi.it\/si\/en\/wp-json\/wp\/v2\/types\/post"}],"author":[{"embeddable":true,"href":"https:\/\/ateliersi.it\/si\/en\/wp-json\/wp\/v2\/users\/1"}],"replies":[{"embeddable":true,"href":"https:\/\/ateliersi.it\/si\/en\/wp-json\/wp\/v2\/comments?post=5551"}],"version-history":[{"count":0,"href":"https:\/\/ateliersi.it\/si\/en\/wp-json\/wp\/v2\/posts\/5551\/revisions"}],"wp:featuredmedia":[{"embeddable":true,"href":"https:\/\/ateliersi.it\/si\/en\/wp-json\/wp\/v2\/media\/5616"}],"wp:attachment":[{"href":"https:\/\/ateliersi.it\/si\/en\/wp-json\/wp\/v2\/media?parent=5551"}],"wp:term":[{"taxonomy":"category","embeddable":true,"href":"https:\/\/ateliersi.it\/si\/en\/wp-json\/wp\/v2\/categories?post=5551"},{"taxonomy":"post_tag","embeddable":true,"href":"https:\/\/ateliersi.it\/si\/en\/wp-json\/wp\/v2\/tags?post=5551"}],"curies":[{"name":"wp","href":"https:\/\/api.w.org\/{rel}","templated":true}]}}