{"id":5547,"date":"2018-09-24T18:35:41","date_gmt":"2018-09-24T16:35:41","guid":{"rendered":"http:\/\/ateliersi.it\/si\/?p=5547"},"modified":"2024-10-18T10:38:39","modified_gmt":"2024-10-18T08:38:39","slug":"associazione-van-archivio-anno-0-09-11-2018","status":"publish","type":"post","link":"https:\/\/ateliersi.it\/si\/en\/associazione-van-archivio-anno-0-09-11-2018\/","title":{"rendered":"ASSOCIAZIONE VAN \/ Archivio Anno ZERO, 09.11.2018"},"content":{"rendered":"<p><a href=\"http:\/\/ateliersi.it\/si\/wp-content\/uploads\/2018\/09\/Copia-di-VAN-hoarding1.jpeg\"><img loading=\"lazy\" decoding=\"async\" class=\"alignleft size-full wp-image-5623\" src=\"http:\/\/ateliersi.it\/si\/wp-content\/uploads\/2018\/09\/Copia-di-VAN-hoarding1.jpeg\" alt=\"\" width=\"614\" height=\"345\" srcset=\"https:\/\/ateliersi.it\/si\/wp-content\/uploads\/2018\/09\/Copia-di-VAN-hoarding1.jpeg 614w, https:\/\/ateliersi.it\/si\/wp-content\/uploads\/2018\/09\/Copia-di-VAN-hoarding1-300x170.jpeg 300w, https:\/\/ateliersi.it\/si\/wp-content\/uploads\/2018\/09\/Copia-di-VAN-hoarding1-196x111.jpeg 196w, https:\/\/ateliersi.it\/si\/wp-content\/uploads\/2018\/09\/Copia-di-VAN-hoarding1-304x172.jpeg 304w, https:\/\/ateliersi.it\/si\/wp-content\/uploads\/2018\/09\/Copia-di-VAN-hoarding1-338x191.jpeg 338w\" sizes=\"auto, (max-width: 614px) 100vw, 614px\" \/><\/a>venerd\u00ec 9 novembre, h. 14.00, ingresso gratuito<\/p>\n<p><b>ASSOCIAZIONE VAN<\/b><b><br \/>\n<\/b><b>Archivio Anno ZERO<\/b><b><br \/>\n<\/b>nell\u2019ambito di <i>Artists in ResidenS\u00ec 2018, <\/i>accompagnati dallo sguardo di Fabio Fornasari e Lucilla Boschi.<\/p>\n<p>&nbsp;<\/p>\n<p><b>VAN\u00a0<\/b>compie ad AtelierSi il primo approdo di ARCHIVIO ANNO ZERO, progetto che mette a fuoco la memorabilit\u00e0 di pratiche somatiche e compositive.<\/p>\n<p>Il progetto, iniziato nell\u2019aprile 2018, ha visto le artiste e gli artisti VAN (<a href=\"http:\/\/ateliersi.it\/si\/events\/giorgia-nardin-pleasure-body-workshop\/\">Giorgia Ohanesian Nardin<\/a>, Marco D\u2019Agostin, <a href=\"http:\/\/ateliersi.it\/si\/ginevra-panzetti-e-enrico-ticconi-harleking-artists-in-residensi-giugno-luglio-2018\/\">Ginevra Panzetti e Enrico Ticconi<\/a>, Francesca Foscarini, Camilla Monga, Davide Valrosso, Andrea Costanzo Martini, Irene Russolillo) entrare in dialogo con Gaia Clotilde Chernetich (ricercatrice e <em>dramaturg<\/em> di danza) per interrogarsi sull\u2019articolazione del tempo e del suo rapporto con le pratiche coreografiche e la loro archiviazione.<\/p>\n<p>Ospiti in residenza dal 5 al 9 novembre all&#8217;AtelierSi di Bologna, 9 artisti VAN si interrogano su cosa significhi archiviare, nel corpo e non solo, e su come selezionare e dare ordine alla memoria nei processi creativi.<\/p>\n<p>Venerd\u00ec 9 Novembre, al termine della residenza, gli artisti apriranno le porte del S\u00ec per chi vorr\u00e0 assistere alla restituzione del lavoro di ricerca e condividere un tempo da trascorrere insieme.<\/p>\n<p>Dalle 14.00 alle 19.00: porte aperte (il pubblico potr\u00e0 entrare ed uscire dallo spazio quando lo desidera e vedere gli artisti all&#8217;opera)<\/p>\n<p>19.00: presentazione del progetto con Gaia Clotilde Chernetich &#8220;Appunti per uno studio sul memorabile&#8221;.<\/p>\n<p>20.00-21.00: break<\/p>\n<p>21.00: sharing di pratiche condivise<\/p>\n<p>22.30: dj set Ubi Broki<\/p>\n<p>&gt;&gt; <a href=\"https:\/\/www.facebook.com\/events\/1781858175272933\/\">evento FB<\/a><\/p>\n<p>NOTA BENE: La serata potrebbe contenere performance esplosivamente folli, silenziosamente conturbanti, inaspettatamente illuminanti.<\/p>\n<p>Si ringraziano gli spazi che hanno ospitato gli incontri di ARCHIVIO ANNO ZERO:<\/p>\n<p><em>Garage Nardini, CSC Centro per la scena contemporanea di Bassano del Grappa \/ Teatro delle Briciole, Parma \/ SPAM, Porcari (LU) \/ Teatro Petrella, Longiano \/ Balletto di Roma+<\/em><\/p>\n<p>&#8220;E io,<br \/>\naffinch\u00e9 da me nascano i momenti della durata<br \/>\ne diano un&#8217;espressione al mio volto rigido<br \/>\ne mettano nel mio petto vuoto un cuore,<br \/>\ndevo assolutamente esercitare<br \/>\nun anno dopo l&#8217;altro<br \/>\nil mio amore.<br \/>\nRestando fedele<br \/>\na ci\u00f2 che mi \u00e8 caro e che \u00e8 la cosa pi\u00f9 importante,<br \/>\nimpedendo in tal maniera che si cancelli con gli anni,<br \/>\nsentir\u00f2 poi forse<br \/>\ndel tutto inatteso<br \/>\nil brivido della durata<br \/>\ne ogni volta per gesti di poco conto<br \/>\nnel chiudere con cautela la porta,<br \/>\nnello sbucciare con cura una mela,<br \/>\nnel varcare con attenzione la soglia,<br \/>\nnel chinarmi a raccogliere un filo. [\u2026]&#8221;<\/p>\n<p><em>(Canto alla durata \u2013 P. Handke)<\/em><\/p>\n<p><strong>Artists in ResidenS\u00ec<\/strong>\u00a0fa parte del Progetto Interregionale di Residenze Artistiche realizzato con il contributo di Regione Emilia Romagna e MiBAC (<a href=\"http:\/\/www.residenzeartistiche.it\/\" target=\"_blank\" rel=\"noopener noreferrer\">residenzeartistiche.it<\/a>).<\/p>\n<p>VAN \u00e8 un progetto realizzato con il sostegno di<\/p>\n<p><img loading=\"lazy\" decoding=\"async\" class=\"alignleft size-full wp-image-6205\" src=\"http:\/\/ateliersi.it\/si\/wp-content\/uploads\/2018\/09\/marchi-Funder35-RGB-23-1-e1560338835534.jpg\" alt=\"\" width=\"225\" height=\"225\" srcset=\"https:\/\/ateliersi.it\/si\/wp-content\/uploads\/2018\/09\/marchi-Funder35-RGB-23-1-e1560338835534.jpg 225w, https:\/\/ateliersi.it\/si\/wp-content\/uploads\/2018\/09\/marchi-Funder35-RGB-23-1-e1560338835534-150x150.jpg 150w, https:\/\/ateliersi.it\/si\/wp-content\/uploads\/2018\/09\/marchi-Funder35-RGB-23-1-e1560338835534-220x220.jpg 220w\" sizes=\"auto, (max-width: 225px) 100vw, 225px\" \/><\/p>\n","protected":false},"excerpt":{"rendered":"<p>venerd\u00ec 9 novembre, h. 14.00, ingresso gratuito ASSOCIAZIONE VAN Archivio Anno ZERO nell\u2019ambito di Artists in ResidenS\u00ec 2018, accompagnati dallo&#8230;<\/p>\n","protected":false},"author":1,"featured_media":5623,"comment_status":"closed","ping_status":"closed","sticky":false,"template":"","format":"standard","meta":{"footnotes":""},"categories":[46],"tags":[],"class_list":["post-5547","post","type-post","status-publish","format-standard","has-post-thumbnail","hentry","category-programma-2018-19"],"yoast_head":"<!-- This site is optimized with the Yoast SEO plugin v27.1.1 - https:\/\/yoast.com\/product\/yoast-seo-wordpress\/ -->\n<title>ASSOCIAZIONE VAN \/ Archivio Anno ZERO, 09.11.2018 - S\u00ec<\/title>\n<meta name=\"robots\" content=\"index, follow, max-snippet:-1, max-image-preview:large, max-video-preview:-1\" \/>\n<link rel=\"canonical\" href=\"https:\/\/ateliersi.it\/si\/associazione-van-archivio-anno-0-09-11-2018\/\" \/>\n<meta property=\"og:locale\" content=\"en_US\" \/>\n<meta property=\"og:type\" content=\"article\" \/>\n<meta property=\"og:title\" content=\"ASSOCIAZIONE VAN \/ Archivio Anno ZERO, 09.11.2018 - S\u00ec\" \/>\n<meta property=\"og:description\" content=\"venerd\u00ec 9 novembre, h. 14.00, ingresso gratuito ASSOCIAZIONE VAN Archivio Anno ZERO nell\u2019ambito di Artists in ResidenS\u00ec 2018, accompagnati dallo...\" \/>\n<meta property=\"og:url\" content=\"https:\/\/ateliersi.it\/si\/associazione-van-archivio-anno-0-09-11-2018\/\" \/>\n<meta property=\"og:site_name\" content=\"S\u00ec\" \/>\n<meta property=\"article:publisher\" content=\"https:\/\/www.facebook.com\/si.ateliersi\" \/>\n<meta property=\"article:published_time\" content=\"2018-09-24T16:35:41+00:00\" \/>\n<meta property=\"article:modified_time\" content=\"2024-10-18T08:38:39+00:00\" \/>\n<meta property=\"og:image\" content=\"https:\/\/ateliersi.it\/si\/wp-content\/uploads\/2018\/09\/Copia-di-VAN-hoarding1.jpeg\" \/>\n\t<meta property=\"og:image:width\" content=\"614\" \/>\n\t<meta property=\"og:image:height\" content=\"345\" \/>\n\t<meta property=\"og:image:type\" content=\"image\/jpeg\" \/>\n<meta name=\"author\" content=\"D1gh3z_1975\" \/>\n<meta name=\"twitter:card\" content=\"summary_large_image\" \/>\n<meta name=\"twitter:creator\" content=\"@AtelierSi\" \/>\n<meta name=\"twitter:site\" content=\"@AtelierSi\" \/>\n<meta name=\"twitter:label1\" content=\"Written by\" \/>\n\t<meta name=\"twitter:data1\" content=\"D1gh3z_1975\" \/>\n\t<meta name=\"twitter:label2\" content=\"Est. reading time\" \/>\n\t<meta name=\"twitter:data2\" content=\"3 minutes\" \/>\n<!-- \/ Yoast SEO plugin. -->","yoast_head_json":{"title":"ASSOCIAZIONE VAN \/ Archivio Anno ZERO, 09.11.2018 - S\u00ec","robots":{"index":"index","follow":"follow","max-snippet":"max-snippet:-1","max-image-preview":"max-image-preview:large","max-video-preview":"max-video-preview:-1"},"canonical":"https:\/\/ateliersi.it\/si\/associazione-van-archivio-anno-0-09-11-2018\/","og_locale":"en_US","og_type":"article","og_title":"ASSOCIAZIONE VAN \/ Archivio Anno ZERO, 09.11.2018 - S\u00ec","og_description":"venerd\u00ec 9 novembre, h. 14.00, ingresso gratuito ASSOCIAZIONE VAN Archivio Anno ZERO nell\u2019ambito di Artists in ResidenS\u00ec 2018, accompagnati dallo...","og_url":"https:\/\/ateliersi.it\/si\/associazione-van-archivio-anno-0-09-11-2018\/","og_site_name":"S\u00ec","article_publisher":"https:\/\/www.facebook.com\/si.ateliersi","article_published_time":"2018-09-24T16:35:41+00:00","article_modified_time":"2024-10-18T08:38:39+00:00","og_image":[{"width":614,"height":345,"url":"https:\/\/ateliersi.it\/si\/wp-content\/uploads\/2018\/09\/Copia-di-VAN-hoarding1.jpeg","type":"image\/jpeg"}],"author":"D1gh3z_1975","twitter_card":"summary_large_image","twitter_creator":"@AtelierSi","twitter_site":"@AtelierSi","twitter_misc":{"Written by":"D1gh3z_1975","Est. reading time":"3 minutes"},"schema":{"@context":"https:\/\/schema.org","@graph":[{"@type":"Article","@id":"https:\/\/ateliersi.it\/si\/associazione-van-archivio-anno-0-09-11-2018\/#article","isPartOf":{"@id":"https:\/\/ateliersi.it\/si\/associazione-van-archivio-anno-0-09-11-2018\/"},"author":{"name":"D1gh3z_1975","@id":"https:\/\/ateliersi.it\/si\/#\/schema\/person\/91e4317416e640b043a6d571b095e9fe"},"headline":"ASSOCIAZIONE VAN \/ Archivio Anno ZERO, 09.11.2018","datePublished":"2018-09-24T16:35:41+00:00","dateModified":"2024-10-18T08:38:39+00:00","mainEntityOfPage":{"@id":"https:\/\/ateliersi.it\/si\/associazione-van-archivio-anno-0-09-11-2018\/"},"wordCount":421,"publisher":{"@id":"https:\/\/ateliersi.it\/si\/#organization"},"image":{"@id":"https:\/\/ateliersi.it\/si\/associazione-van-archivio-anno-0-09-11-2018\/#primaryimage"},"thumbnailUrl":"https:\/\/ateliersi.it\/si\/wp-content\/uploads\/2018\/09\/Copia-di-VAN-hoarding1.jpeg","articleSection":["Programma 2018\/19"],"inLanguage":"en-US"},{"@type":"WebPage","@id":"https:\/\/ateliersi.it\/si\/associazione-van-archivio-anno-0-09-11-2018\/","url":"https:\/\/ateliersi.it\/si\/associazione-van-archivio-anno-0-09-11-2018\/","name":"ASSOCIAZIONE VAN \/ Archivio Anno ZERO, 09.11.2018 - S\u00ec","isPartOf":{"@id":"https:\/\/ateliersi.it\/si\/#website"},"primaryImageOfPage":{"@id":"https:\/\/ateliersi.it\/si\/associazione-van-archivio-anno-0-09-11-2018\/#primaryimage"},"image":{"@id":"https:\/\/ateliersi.it\/si\/associazione-van-archivio-anno-0-09-11-2018\/#primaryimage"},"thumbnailUrl":"https:\/\/ateliersi.it\/si\/wp-content\/uploads\/2018\/09\/Copia-di-VAN-hoarding1.jpeg","datePublished":"2018-09-24T16:35:41+00:00","dateModified":"2024-10-18T08:38:39+00:00","breadcrumb":{"@id":"https:\/\/ateliersi.it\/si\/associazione-van-archivio-anno-0-09-11-2018\/#breadcrumb"},"inLanguage":"en-US","potentialAction":[{"@type":"ReadAction","target":["https:\/\/ateliersi.it\/si\/associazione-van-archivio-anno-0-09-11-2018\/"]}]},{"@type":"ImageObject","inLanguage":"en-US","@id":"https:\/\/ateliersi.it\/si\/associazione-van-archivio-anno-0-09-11-2018\/#primaryimage","url":"https:\/\/ateliersi.it\/si\/wp-content\/uploads\/2018\/09\/Copia-di-VAN-hoarding1.jpeg","contentUrl":"https:\/\/ateliersi.it\/si\/wp-content\/uploads\/2018\/09\/Copia-di-VAN-hoarding1.jpeg","width":614,"height":345},{"@type":"BreadcrumbList","@id":"https:\/\/ateliersi.it\/si\/associazione-van-archivio-anno-0-09-11-2018\/#breadcrumb","itemListElement":[{"@type":"ListItem","position":1,"name":"Home","item":"https:\/\/ateliersi.it\/si\/en\/"},{"@type":"ListItem","position":2,"name":"ASSOCIAZIONE VAN \/ Archivio Anno ZERO, 09.11.2018"}]},{"@type":"WebSite","@id":"https:\/\/ateliersi.it\/si\/#website","url":"https:\/\/ateliersi.it\/si\/","name":"S\u00ec","description":"","publisher":{"@id":"https:\/\/ateliersi.it\/si\/#organization"},"potentialAction":[{"@type":"SearchAction","target":{"@type":"EntryPoint","urlTemplate":"https:\/\/ateliersi.it\/si\/?s={search_term_string}"},"query-input":{"@type":"PropertyValueSpecification","valueRequired":true,"valueName":"search_term_string"}}],"inLanguage":"en-US"},{"@type":"Organization","@id":"https:\/\/ateliersi.it\/si\/#organization","name":"S\u00ec \u2013 Ateliersi","url":"https:\/\/ateliersi.it\/si\/","logo":{"@type":"ImageObject","inLanguage":"en-US","@id":"https:\/\/ateliersi.it\/si\/#\/schema\/logo\/image\/","url":"https:\/\/ateliersi.it\/si\/wp-content\/uploads\/2015\/09\/cropped-si_head_1516.png","contentUrl":"https:\/\/ateliersi.it\/si\/wp-content\/uploads\/2015\/09\/cropped-si_head_1516.png","width":512,"height":512,"caption":"S\u00ec \u2013 Ateliersi"},"image":{"@id":"https:\/\/ateliersi.it\/si\/#\/schema\/logo\/image\/"},"sameAs":["https:\/\/www.facebook.com\/si.ateliersi","https:\/\/x.com\/AtelierSi","https:\/\/www.instagram.com\/si.ateliersi\/"]},{"@type":"Person","@id":"https:\/\/ateliersi.it\/si\/#\/schema\/person\/91e4317416e640b043a6d571b095e9fe","name":"D1gh3z_1975","image":{"@type":"ImageObject","inLanguage":"en-US","@id":"https:\/\/ateliersi.it\/si\/#\/schema\/person\/image\/","url":"https:\/\/secure.gravatar.com\/avatar\/ededc0273e000444c333a60add515e7ec6b9e86fbfd367a63476a4a85ecb727d?s=96&d=monsterid&r=g","contentUrl":"https:\/\/secure.gravatar.com\/avatar\/ededc0273e000444c333a60add515e7ec6b9e86fbfd367a63476a4a85ecb727d?s=96&d=monsterid&r=g","caption":"D1gh3z_1975"}}]}},"rttpg_featured_image_url":{"full":["https:\/\/ateliersi.it\/si\/wp-content\/uploads\/2018\/09\/Copia-di-VAN-hoarding1.jpeg",614,345,false],"landscape":["https:\/\/ateliersi.it\/si\/wp-content\/uploads\/2018\/09\/Copia-di-VAN-hoarding1.jpeg",614,345,false],"portraits":["https:\/\/ateliersi.it\/si\/wp-content\/uploads\/2018\/09\/Copia-di-VAN-hoarding1.jpeg",614,345,false],"thumbnail":["https:\/\/ateliersi.it\/si\/wp-content\/uploads\/2018\/09\/Copia-di-VAN-hoarding1-150x150.jpeg",150,150,true],"medium":["https:\/\/ateliersi.it\/si\/wp-content\/uploads\/2018\/09\/Copia-di-VAN-hoarding1-300x169.jpeg",300,169,true],"large":["https:\/\/ateliersi.it\/si\/wp-content\/uploads\/2018\/09\/Copia-di-VAN-hoarding1.jpeg",614,345,false],"1536x1536":["https:\/\/ateliersi.it\/si\/wp-content\/uploads\/2018\/09\/Copia-di-VAN-hoarding1.jpeg",614,345,false],"2048x2048":["https:\/\/ateliersi.it\/si\/wp-content\/uploads\/2018\/09\/Copia-di-VAN-hoarding1.jpeg",614,345,false],"blog-type-1-small":["https:\/\/ateliersi.it\/si\/wp-content\/uploads\/2018\/09\/Copia-di-VAN-hoarding1-220x220.jpeg",220,220,true],"blog-type-1-medium":["https:\/\/ateliersi.it\/si\/wp-content\/uploads\/2018\/09\/Copia-di-VAN-hoarding1-250x250.jpeg",250,250,true],"blog-type-1-big":["https:\/\/ateliersi.it\/si\/wp-content\/uploads\/2018\/09\/Copia-di-VAN-hoarding1-338x338.jpeg",338,338,true],"blog-type-3-small":["https:\/\/ateliersi.it\/si\/wp-content\/uploads\/2018\/09\/Copia-di-VAN-hoarding1-196x111.jpeg",196,111,true],"blog-type-3-medium":["https:\/\/ateliersi.it\/si\/wp-content\/uploads\/2018\/09\/Copia-di-VAN-hoarding1-218x124.jpeg",218,124,true],"blog-type-3-big":["https:\/\/ateliersi.it\/si\/wp-content\/uploads\/2018\/09\/Copia-di-VAN-hoarding1-300x170.jpeg",300,170,true],"blog-type-4-small":["https:\/\/ateliersi.it\/si\/wp-content\/uploads\/2018\/09\/Copia-di-VAN-hoarding1-304x172.jpeg",304,172,true],"blog-type-4-medium":["https:\/\/ateliersi.it\/si\/wp-content\/uploads\/2018\/09\/Copia-di-VAN-hoarding1-338x191.jpeg",338,191,true],"blog-type-5-big":["https:\/\/ateliersi.it\/si\/wp-content\/uploads\/2018\/09\/Copia-di-VAN-hoarding1-460x260.jpeg",460,260,true]},"rttpg_author":{"display_name":"D1gh3z_1975","author_link":"https:\/\/ateliersi.it\/si\/en\/author\/d1gh3z_1975\/"},"rttpg_comment":0,"rttpg_category":"<a href=\"https:\/\/ateliersi.it\/si\/category\/programma-2018-19\/\" rel=\"category tag\">Programma 2018\/19<\/a>","rttpg_excerpt":"venerd\u00ec 9 novembre, h. 14.00, ingresso gratuito ASSOCIAZIONE VAN Archivio Anno ZERO nell\u2019ambito di Artists in ResidenS\u00ec 2018, accompagnati dallo...","_links":{"self":[{"href":"https:\/\/ateliersi.it\/si\/en\/wp-json\/wp\/v2\/posts\/5547","targetHints":{"allow":["GET"]}}],"collection":[{"href":"https:\/\/ateliersi.it\/si\/en\/wp-json\/wp\/v2\/posts"}],"about":[{"href":"https:\/\/ateliersi.it\/si\/en\/wp-json\/wp\/v2\/types\/post"}],"author":[{"embeddable":true,"href":"https:\/\/ateliersi.it\/si\/en\/wp-json\/wp\/v2\/users\/1"}],"replies":[{"embeddable":true,"href":"https:\/\/ateliersi.it\/si\/en\/wp-json\/wp\/v2\/comments?post=5547"}],"version-history":[{"count":1,"href":"https:\/\/ateliersi.it\/si\/en\/wp-json\/wp\/v2\/posts\/5547\/revisions"}],"predecessor-version":[{"id":9596,"href":"https:\/\/ateliersi.it\/si\/en\/wp-json\/wp\/v2\/posts\/5547\/revisions\/9596"}],"wp:featuredmedia":[{"embeddable":true,"href":"https:\/\/ateliersi.it\/si\/en\/wp-json\/wp\/v2\/media\/5623"}],"wp:attachment":[{"href":"https:\/\/ateliersi.it\/si\/en\/wp-json\/wp\/v2\/media?parent=5547"}],"wp:term":[{"taxonomy":"category","embeddable":true,"href":"https:\/\/ateliersi.it\/si\/en\/wp-json\/wp\/v2\/categories?post=5547"},{"taxonomy":"post_tag","embeddable":true,"href":"https:\/\/ateliersi.it\/si\/en\/wp-json\/wp\/v2\/tags?post=5547"}],"curies":[{"name":"wp","href":"https:\/\/api.w.org\/{rel}","templated":true}]}}