{"id":1767,"date":"2014-08-12T18:26:08","date_gmt":"2014-08-12T16:26:08","guid":{"rendered":"http:\/\/ateliersi.it\/si\/?p=1767"},"modified":"2015-09-24T20:25:29","modified_gmt":"2015-09-24T18:25:29","slug":"ho-chi-minh-diario-dal-carcere-presentazione-del-libro","status":"publish","type":"post","link":"https:\/\/ateliersi.it\/si\/en\/ho-chi-minh-diario-dal-carcere-presentazione-del-libro\/","title":{"rendered":"Ho Chi Minh \/ Diario del carcere"},"content":{"rendered":"<p><a href=\"http:\/\/ateliersi.it\/si\/wp-content\/uploads\/2015\/03\/Ho-Chi-Minh-2-e1427819044526.jpg\"><img loading=\"lazy\" decoding=\"async\" class=\"alignnone size-full wp-image-1735\" src=\"http:\/\/ateliersi.it\/si\/wp-content\/uploads\/2015\/03\/Ho-Chi-Minh-2-e1427819044526.jpg\" alt=\"Ho-Chi-Minh-2\" width=\"586\" height=\"357\" \/><\/a><\/p>\n<p>10 aprile, ore 18.00 @ La Caffetteria del S\u00ec<br \/>\n<strong>Ho Chi Minh,\u00a0<em>Diario dal carcere\u00a0<\/em>(presentazione del libro)<br \/>\n<\/strong>traduzione di Joyce Lussu<br \/>\na cura di Chiara Cretella, Giacomo Ferrarello con un saggio biografico di Von Nguyen Giap Gwynplaine, Camerano, 2015<\/p>\n<p>Intervengono:<br \/>\n<strong>Luca Alessandrini<\/strong>\u00a0\u2013 Direttore Istituto per la storia e le memorie del \u2019900 Parri<br \/>\n<strong>Chiara Cretella<\/strong>\u00a0e\u00a0<strong>Giacomo Ferrarello<\/strong>\u00a0\u2013 Curatori del volume<\/p>\n<div class=\"page\" title=\"Page 1\">\n<div class=\"section\">\n<div class=\"layoutArea\">\n<div class=\"column\">\n<p>L\u2019incontro fa parte della rassegna\u00a0<em>Paesaggi di Poesia 6<\/em>\u00a0a cura di\u00a0<strong>Sergio Rotino<\/strong><\/p>\n<div class=\"page\" title=\"Page 1\">\n<div class=\"section\">\n<div class=\"layoutArea\">\n<div class=\"column\">\n<p><em>Un classico ormai introvabile che torna disponibile al pubblico dopo ben 37 anni. Il \u201cDiario\u201d di Ho Chi Minh, grande capo rivoluzionario vietnamita, scritto durante la sua disumana prigionia. Poesie incredibilmente semplici e potenti, rese eterne dalla splendida traduzione di Joyce Lussu. Edito in Italia per la prima volta alla vigilia dell\u2019annus mirabilis 1968, il testo ebbe un\u2019importanza fondamentale per quella generazione impegnata a voler cambiare il mondo e soprattutto a fermare la guerra del Viet Nam. Con questi versi, scritti in stile cinese classico, Ho Chi Minh scolpisce un canto alla resistenza, all\u2019amore per la vita e la libert\u00e0.<\/em><\/p>\n<div class=\"page\" title=\"Page 2\">\n<div class=\"section\">\n<div class=\"layoutArea\">\n<div class=\"column\">\n<p><strong>Ho Chi Minh &#8211; (1890-1969).<\/strong> Rivoluzionario e uomo politico indocinese. Nel corso della Seconda Guerra Mondiale organizz\u00f2 la guerriglia contro i giapponesi e, nel 1941 fond\u00f2 il Viet-minh (Lega indipendentista); nel 1945 divenne Presidente della Repubblica del Viet Nam e si batt\u00e9 contro il dominio francese in Indocina. Continu\u00f2 fino alla morte la lotta di liberazione del popolo vietnamita. Saigon, dopo la conquista da parte dei vietcong, \u00e8 stata chiamata Ho Chi Minh in suo onore.<\/p>\n<p><strong>Vo Nguyen Giap (1911-2013).\u00a0<\/strong>Leggendario capo militare vietnamita, combatt\u00e9 prima l\u2019esercito coloniale francese, vincendo, nel 1954, la battaglia di Dien Bien Phu, poi le forze statunitensi e sud vietnamite nella Guerra del Viet Nam. Dopo la riunificazione fu Ministro della difesa.<\/p>\n<p><strong>Joyce Lussu Salvadori &#8211; (1912-1998).<\/strong> Partigiana, traduttrice, storica, letterata, attivista politica e poetessa. Testimone eccezionale dei maggiori eventi del Novecento, ha dedicato l\u2019intensa sua vita alla lotta, unendo un instancabile lavoro d\u2019azione ad una raffinata ricerca teorica e di traduzione dei maggiori poeti guerriglieri di tutto il mondo.<\/p>\n<p><strong>Chiara Cretella.<\/strong>\u00a0Assegnista di ricerca in sociologia presso l\u2019Universit\u00e0 di Bologna, \u00e8 studiosa di gender e women\u2019s studies. Tra le sue curatele dei libri di Joyce Lussu per l\u2019editore Gwynplaine ricordiamo: Padre padrone padreterno (2009); Il libro delle streghe (2011); L\u2019uomo che voleva nascere donna (2012); L\u2019acqua del 2000 (2014). Il suo sito \u00e8 www.chiaracretella.it.<\/p>\n<p><strong>Giacomo Ferrarello.\u00a0<\/strong>Si \u00e8 laureato in Storia Orientale presso l\u2019Universit\u00e0 di Bologna con una tesi sulla guerra del Viet Nam. I suoi principali interessi di studio sono il Viet Nam e la Rivoluzione Culturale cinese. Attualmente sta svolgendo un Dottorato di Ricerca presso l\u2019 Institut National des Langues et Civilisations Orientales (INALCO) di Parigi con un progetto sulla guerra sino-vietnamita del 1979.<\/p>\n<p><strong>Rassegna Paesaggi Di Poesia 6.\u00a0<\/strong>Giunta al sesto anno, la rassegna Paesaggi di poesia curata da Sergio Rotino, si disloca in vari luoghi della citt\u00e0 di Bologna da marzo a maggio, sia presso Ibs.it sia nelle librerie indipendenti bolognesi Trame, Modo Infoshop e Irnerio Ubik sia negli spazi di Ateliersi e dell\u2019Universit\u00e0 di Bologna. L\u2019approccio \u00e8 il desiderio di scandagliare i molti territori e quindi i molti paesaggi che la scrittura poetica offre ai suoi lettori. Per fare questo Paesaggi di poesia guarda solo in maniera obliqua e laterale a quanto viene prodotto a Bologna, ma sposta ostinatamente e con curiosit\u00e0 il suo sguardo verso l&#8217;esterno. Cos\u00ec, anche nell&#8217;edizione 2015 sono stati invitati a parlare del proprio lavoro autori che vivono e lavorano in altre citt\u00e0 o che nel capoluogo felsineo vivono, lavorano e operano, ma provengono da zone d&#8217;Italia a lei pi\u00f9 o meno prossime. Ma sono stati invitati anche traduttori, che lavorano su poeti non italiani, e curatori di antologie, vera miniera di scoperte e riscoperte.<\/p>\n<\/div>\n<\/div>\n<\/div>\n<\/div>\n<\/div>\n<\/div>\n<\/div>\n<\/div>\n<\/div>\n<\/div>\n<\/div>\n<\/div>\n","protected":false},"excerpt":{"rendered":"<p>10 aprile, ore 18.00 @ La Caffetteria del S\u00ec Ho Chi Minh,\u00a0Diario dal carcere\u00a0(presentazione del libro) traduzione di Joyce Lussu&#8230;<\/p>\n","protected":false},"author":1,"featured_media":1735,"comment_status":"closed","ping_status":"closed","sticky":false,"template":"","format":"standard","meta":{"footnotes":""},"categories":[11],"tags":[],"class_list":["post-1767","post","type-post","status-publish","format-standard","has-post-thumbnail","hentry","category-programma-201415"],"yoast_head":"<!-- This site is optimized with the Yoast SEO plugin v27.1.1 - https:\/\/yoast.com\/product\/yoast-seo-wordpress\/ -->\n<title>Ho Chi Minh \/ Diario del carcere - S\u00ec<\/title>\n<meta name=\"robots\" content=\"index, follow, max-snippet:-1, max-image-preview:large, max-video-preview:-1\" \/>\n<link rel=\"canonical\" href=\"https:\/\/ateliersi.it\/si\/ho-chi-minh-diario-dal-carcere-presentazione-del-libro\/\" \/>\n<meta property=\"og:locale\" content=\"en_US\" \/>\n<meta property=\"og:type\" content=\"article\" \/>\n<meta property=\"og:title\" content=\"Ho Chi Minh \/ Diario del carcere - S\u00ec\" \/>\n<meta property=\"og:description\" content=\"10 aprile, ore 18.00 @ La Caffetteria del S\u00ec Ho Chi Minh,\u00a0Diario dal carcere\u00a0(presentazione del libro) traduzione di Joyce Lussu...\" \/>\n<meta property=\"og:url\" content=\"https:\/\/ateliersi.it\/si\/ho-chi-minh-diario-dal-carcere-presentazione-del-libro\/\" \/>\n<meta property=\"og:site_name\" content=\"S\u00ec\" \/>\n<meta property=\"article:publisher\" content=\"https:\/\/www.facebook.com\/si.ateliersi\" \/>\n<meta property=\"article:published_time\" content=\"2014-08-12T16:26:08+00:00\" \/>\n<meta property=\"article:modified_time\" content=\"2015-09-24T18:25:29+00:00\" \/>\n<meta property=\"og:image\" content=\"https:\/\/ateliersi.it\/si\/wp-content\/uploads\/2015\/03\/Ho-Chi-Minh-2.jpg\" \/>\n\t<meta property=\"og:image:width\" content=\"586\" \/>\n\t<meta property=\"og:image:height\" content=\"357\" \/>\n\t<meta property=\"og:image:type\" content=\"image\/jpeg\" \/>\n<meta name=\"author\" content=\"D1gh3z_1975\" \/>\n<meta name=\"twitter:card\" content=\"summary_large_image\" \/>\n<meta name=\"twitter:creator\" content=\"@AtelierSi\" \/>\n<meta name=\"twitter:site\" content=\"@AtelierSi\" \/>\n<meta name=\"twitter:label1\" content=\"Written by\" \/>\n\t<meta name=\"twitter:data1\" content=\"D1gh3z_1975\" \/>\n\t<meta name=\"twitter:label2\" content=\"Est. reading time\" \/>\n\t<meta name=\"twitter:data2\" content=\"3 minutes\" \/>\n<!-- \/ Yoast SEO plugin. -->","yoast_head_json":{"title":"Ho Chi Minh \/ Diario del carcere - S\u00ec","robots":{"index":"index","follow":"follow","max-snippet":"max-snippet:-1","max-image-preview":"max-image-preview:large","max-video-preview":"max-video-preview:-1"},"canonical":"https:\/\/ateliersi.it\/si\/ho-chi-minh-diario-dal-carcere-presentazione-del-libro\/","og_locale":"en_US","og_type":"article","og_title":"Ho Chi Minh \/ Diario del carcere - S\u00ec","og_description":"10 aprile, ore 18.00 @ La Caffetteria del S\u00ec Ho Chi Minh,\u00a0Diario dal carcere\u00a0(presentazione del libro) traduzione di Joyce Lussu...","og_url":"https:\/\/ateliersi.it\/si\/ho-chi-minh-diario-dal-carcere-presentazione-del-libro\/","og_site_name":"S\u00ec","article_publisher":"https:\/\/www.facebook.com\/si.ateliersi","article_published_time":"2014-08-12T16:26:08+00:00","article_modified_time":"2015-09-24T18:25:29+00:00","og_image":[{"width":586,"height":357,"url":"https:\/\/ateliersi.it\/si\/wp-content\/uploads\/2015\/03\/Ho-Chi-Minh-2.jpg","type":"image\/jpeg"}],"author":"D1gh3z_1975","twitter_card":"summary_large_image","twitter_creator":"@AtelierSi","twitter_site":"@AtelierSi","twitter_misc":{"Written by":"D1gh3z_1975","Est. reading time":"3 minutes"},"schema":{"@context":"https:\/\/schema.org","@graph":[{"@type":"Article","@id":"https:\/\/ateliersi.it\/si\/ho-chi-minh-diario-dal-carcere-presentazione-del-libro\/#article","isPartOf":{"@id":"https:\/\/ateliersi.it\/si\/ho-chi-minh-diario-dal-carcere-presentazione-del-libro\/"},"author":{"name":"D1gh3z_1975","@id":"https:\/\/ateliersi.it\/si\/#\/schema\/person\/91e4317416e640b043a6d571b095e9fe"},"headline":"Ho Chi Minh \/ Diario del carcere","datePublished":"2014-08-12T16:26:08+00:00","dateModified":"2015-09-24T18:25:29+00:00","mainEntityOfPage":{"@id":"https:\/\/ateliersi.it\/si\/ho-chi-minh-diario-dal-carcere-presentazione-del-libro\/"},"wordCount":629,"publisher":{"@id":"https:\/\/ateliersi.it\/si\/#organization"},"image":{"@id":"https:\/\/ateliersi.it\/si\/ho-chi-minh-diario-dal-carcere-presentazione-del-libro\/#primaryimage"},"thumbnailUrl":"https:\/\/ateliersi.it\/si\/wp-content\/uploads\/2015\/03\/Ho-Chi-Minh-2.jpg","articleSection":["Programma 2014\/15"],"inLanguage":"en-US"},{"@type":"WebPage","@id":"https:\/\/ateliersi.it\/si\/ho-chi-minh-diario-dal-carcere-presentazione-del-libro\/","url":"https:\/\/ateliersi.it\/si\/ho-chi-minh-diario-dal-carcere-presentazione-del-libro\/","name":"Ho Chi Minh \/ Diario del carcere - S\u00ec","isPartOf":{"@id":"https:\/\/ateliersi.it\/si\/#website"},"primaryImageOfPage":{"@id":"https:\/\/ateliersi.it\/si\/ho-chi-minh-diario-dal-carcere-presentazione-del-libro\/#primaryimage"},"image":{"@id":"https:\/\/ateliersi.it\/si\/ho-chi-minh-diario-dal-carcere-presentazione-del-libro\/#primaryimage"},"thumbnailUrl":"https:\/\/ateliersi.it\/si\/wp-content\/uploads\/2015\/03\/Ho-Chi-Minh-2.jpg","datePublished":"2014-08-12T16:26:08+00:00","dateModified":"2015-09-24T18:25:29+00:00","breadcrumb":{"@id":"https:\/\/ateliersi.it\/si\/ho-chi-minh-diario-dal-carcere-presentazione-del-libro\/#breadcrumb"},"inLanguage":"en-US","potentialAction":[{"@type":"ReadAction","target":["https:\/\/ateliersi.it\/si\/ho-chi-minh-diario-dal-carcere-presentazione-del-libro\/"]}]},{"@type":"ImageObject","inLanguage":"en-US","@id":"https:\/\/ateliersi.it\/si\/ho-chi-minh-diario-dal-carcere-presentazione-del-libro\/#primaryimage","url":"https:\/\/ateliersi.it\/si\/wp-content\/uploads\/2015\/03\/Ho-Chi-Minh-2.jpg","contentUrl":"https:\/\/ateliersi.it\/si\/wp-content\/uploads\/2015\/03\/Ho-Chi-Minh-2.jpg","width":586,"height":357},{"@type":"BreadcrumbList","@id":"https:\/\/ateliersi.it\/si\/ho-chi-minh-diario-dal-carcere-presentazione-del-libro\/#breadcrumb","itemListElement":[{"@type":"ListItem","position":1,"name":"Home","item":"https:\/\/ateliersi.it\/si\/en\/"},{"@type":"ListItem","position":2,"name":"Ho Chi Minh \/ Diario del carcere"}]},{"@type":"WebSite","@id":"https:\/\/ateliersi.it\/si\/#website","url":"https:\/\/ateliersi.it\/si\/","name":"S\u00ec","description":"","publisher":{"@id":"https:\/\/ateliersi.it\/si\/#organization"},"potentialAction":[{"@type":"SearchAction","target":{"@type":"EntryPoint","urlTemplate":"https:\/\/ateliersi.it\/si\/?s={search_term_string}"},"query-input":{"@type":"PropertyValueSpecification","valueRequired":true,"valueName":"search_term_string"}}],"inLanguage":"en-US"},{"@type":"Organization","@id":"https:\/\/ateliersi.it\/si\/#organization","name":"S\u00ec \u2013 Ateliersi","url":"https:\/\/ateliersi.it\/si\/","logo":{"@type":"ImageObject","inLanguage":"en-US","@id":"https:\/\/ateliersi.it\/si\/#\/schema\/logo\/image\/","url":"https:\/\/ateliersi.it\/si\/wp-content\/uploads\/2015\/09\/cropped-si_head_1516.png","contentUrl":"https:\/\/ateliersi.it\/si\/wp-content\/uploads\/2015\/09\/cropped-si_head_1516.png","width":512,"height":512,"caption":"S\u00ec \u2013 Ateliersi"},"image":{"@id":"https:\/\/ateliersi.it\/si\/#\/schema\/logo\/image\/"},"sameAs":["https:\/\/www.facebook.com\/si.ateliersi","https:\/\/x.com\/AtelierSi","https:\/\/www.instagram.com\/si.ateliersi\/"]},{"@type":"Person","@id":"https:\/\/ateliersi.it\/si\/#\/schema\/person\/91e4317416e640b043a6d571b095e9fe","name":"D1gh3z_1975","image":{"@type":"ImageObject","inLanguage":"en-US","@id":"https:\/\/ateliersi.it\/si\/#\/schema\/person\/image\/","url":"https:\/\/secure.gravatar.com\/avatar\/ededc0273e000444c333a60add515e7ec6b9e86fbfd367a63476a4a85ecb727d?s=96&d=monsterid&r=g","contentUrl":"https:\/\/secure.gravatar.com\/avatar\/ededc0273e000444c333a60add515e7ec6b9e86fbfd367a63476a4a85ecb727d?s=96&d=monsterid&r=g","caption":"D1gh3z_1975"}}]}},"rttpg_featured_image_url":{"full":["https:\/\/ateliersi.it\/si\/wp-content\/uploads\/2015\/03\/Ho-Chi-Minh-2.jpg",586,357,false],"landscape":["https:\/\/ateliersi.it\/si\/wp-content\/uploads\/2015\/03\/Ho-Chi-Minh-2.jpg",586,357,false],"portraits":["https:\/\/ateliersi.it\/si\/wp-content\/uploads\/2015\/03\/Ho-Chi-Minh-2.jpg",586,357,false],"thumbnail":["https:\/\/ateliersi.it\/si\/wp-content\/uploads\/2015\/03\/Ho-Chi-Minh-2-150x150.jpg",150,150,true],"medium":["https:\/\/ateliersi.it\/si\/wp-content\/uploads\/2015\/03\/Ho-Chi-Minh-2-300x183.jpg",300,183,true],"large":["https:\/\/ateliersi.it\/si\/wp-content\/uploads\/2015\/03\/Ho-Chi-Minh-2.jpg",586,357,false],"1536x1536":["https:\/\/ateliersi.it\/si\/wp-content\/uploads\/2015\/03\/Ho-Chi-Minh-2.jpg",586,357,false],"2048x2048":["https:\/\/ateliersi.it\/si\/wp-content\/uploads\/2015\/03\/Ho-Chi-Minh-2.jpg",586,357,false],"blog-type-1-small":["https:\/\/ateliersi.it\/si\/wp-content\/uploads\/2015\/03\/Ho-Chi-Minh-2-220x220.jpg",220,220,true],"blog-type-1-medium":["https:\/\/ateliersi.it\/si\/wp-content\/uploads\/2015\/03\/Ho-Chi-Minh-2-250x250.jpg",250,250,true],"blog-type-1-big":["https:\/\/ateliersi.it\/si\/wp-content\/uploads\/2015\/03\/Ho-Chi-Minh-2-338x338.jpg",338,338,true],"blog-type-3-small":["https:\/\/ateliersi.it\/si\/wp-content\/uploads\/2015\/03\/Ho-Chi-Minh-2-196x111.jpg",196,111,true],"blog-type-3-medium":["https:\/\/ateliersi.it\/si\/wp-content\/uploads\/2015\/03\/Ho-Chi-Minh-2-218x124.jpg",218,124,true],"blog-type-3-big":["https:\/\/ateliersi.it\/si\/wp-content\/uploads\/2015\/03\/Ho-Chi-Minh-2-300x170.jpg",300,170,true],"blog-type-4-small":["https:\/\/ateliersi.it\/si\/wp-content\/uploads\/2015\/03\/Ho-Chi-Minh-2-304x172.jpg",304,172,true],"blog-type-4-medium":["https:\/\/ateliersi.it\/si\/wp-content\/uploads\/2015\/03\/Ho-Chi-Minh-2-338x191.jpg",338,191,true],"blog-type-5-big":["https:\/\/ateliersi.it\/si\/wp-content\/uploads\/2015\/03\/Ho-Chi-Minh-2-460x260.jpg",460,260,true]},"rttpg_author":{"display_name":"D1gh3z_1975","author_link":"https:\/\/ateliersi.it\/si\/en\/author\/d1gh3z_1975\/"},"rttpg_comment":0,"rttpg_category":"<a href=\"https:\/\/ateliersi.it\/si\/category\/programma-201415\/\" rel=\"category tag\">Programma 2014\/15<\/a>","rttpg_excerpt":"10 aprile, ore 18.00 @ La Caffetteria del S\u00ec Ho Chi Minh,\u00a0Diario dal carcere\u00a0(presentazione del libro) traduzione di Joyce Lussu...","_links":{"self":[{"href":"https:\/\/ateliersi.it\/si\/en\/wp-json\/wp\/v2\/posts\/1767","targetHints":{"allow":["GET"]}}],"collection":[{"href":"https:\/\/ateliersi.it\/si\/en\/wp-json\/wp\/v2\/posts"}],"about":[{"href":"https:\/\/ateliersi.it\/si\/en\/wp-json\/wp\/v2\/types\/post"}],"author":[{"embeddable":true,"href":"https:\/\/ateliersi.it\/si\/en\/wp-json\/wp\/v2\/users\/1"}],"replies":[{"embeddable":true,"href":"https:\/\/ateliersi.it\/si\/en\/wp-json\/wp\/v2\/comments?post=1767"}],"version-history":[{"count":0,"href":"https:\/\/ateliersi.it\/si\/en\/wp-json\/wp\/v2\/posts\/1767\/revisions"}],"wp:featuredmedia":[{"embeddable":true,"href":"https:\/\/ateliersi.it\/si\/en\/wp-json\/wp\/v2\/media\/1735"}],"wp:attachment":[{"href":"https:\/\/ateliersi.it\/si\/en\/wp-json\/wp\/v2\/media?parent=1767"}],"wp:term":[{"taxonomy":"category","embeddable":true,"href":"https:\/\/ateliersi.it\/si\/en\/wp-json\/wp\/v2\/categories?post=1767"},{"taxonomy":"post_tag","embeddable":true,"href":"https:\/\/ateliersi.it\/si\/en\/wp-json\/wp\/v2\/tags?post=1767"}],"curies":[{"name":"wp","href":"https:\/\/api.w.org\/{rel}","templated":true}]}}